{"id":26404,"date":"2025-04-14T03:00:06","date_gmt":"2025-04-14T03:00:06","guid":{"rendered":"https:\/\/ikimisli.tr\/?p=26404"},"modified":"2025-04-14T03:00:06","modified_gmt":"2025-04-14T03:00:06","slug":"feci-kaza-can-aldi-iki-arac-arasinda-sikisan-cocuk-oldu","status":"publish","type":"post","link":"https:\/\/ikimisli.tr\/index.php\/2025\/04\/14\/feci-kaza-can-aldi-iki-arac-arasinda-sikisan-cocuk-oldu\/","title":{"rendered":"Feci kaza can ald\u0131: \u0130ki ara\u00e7 aras\u0131nda s\u0131k\u0131\u015fan \u00e7ocuk \u00f6ld\u00fc"},"content":{"rendered":"<p>Kaza, saat 23.00 s\u0131ralar\u0131nda Kayseri-Ni\u011fde yolu \u00d6ren\u015fehir Mahallesi yak\u0131nlar\u0131nda meydana geldi. Enes Geldi y\u00f6netimindeki 10 BJ 949 plakal\u0131 hafif ticari ara\u00e7, mola vermek i\u00e7in yol kenar\u0131nda durdu. Aile ara\u00e7ta otururken, Ensar ile karde\u015fi Berat Efe Geldi, d\u0131\u015far\u0131 \u00e7\u0131k\u0131p arac\u0131n art k\u0131sm\u0131na ge\u00e7ti. Bu s\u0131rada Durdu Polat idaresindeki 50 KF 250 plakal\u0131 araba, \u00e7ocuklardan Berat Efe Geldi ile hafif ticari araca \u00e7arpt\u0131. Kazan\u0131n akabinde hafif ticari ara\u00e7tan \u00e7\u0131kan aile ko\u015farak art tarafa ge\u00e7tiklerinde, Berat Efe\u2019yi kanlar i\u00e7erisinde yerde yatarken g\u00f6rd\u00fc.<\/p>\n<p><b>\u0130K\u0130 ARA\u00c7 ORTASINDA SIKI\u015eARAN BERAT EFE HAYATINI KAYBETT\u0130<\/b><\/p>\n<p>\u0130hbar \u00fczerine kaza yerine polis, itfaiye, jandarma ve s\u0131hhat gruplar\u0131 sevk edildi. Olay yerine gelen gruplar\u0131n yapt\u0131\u011f\u0131 denetimde, iki ara\u00e7 ortas\u0131nda s\u0131k\u0131\u015fan Berat Efe Geldi&#8217;nin hayat\u0131n\u0131 kaybetti\u011fi belirlenirken, yaral\u0131 araba \u015fof\u00f6r\u00fc Durdu Polat hastaneye kald\u0131r\u0131ld\u0131. Aile g\u00f6zya\u015flar\u0131na bo\u011fuldu.<\/p>\n<p>Bu ortada Geldi ailesinin, Mersin&#8217;den Kayseri&#8217;ye tatil i\u00e7in geldikleri ve geri d\u00f6n\u00fc\u015f yolunda kazan\u0131n meydana geldi\u011fi \u00f6\u011frenildi.<\/p>\n<p><b>KAZA ANI KAMERADA<\/b><\/p>\n<p>Kaza an\u0131 etraftaki bir konutun g\u00fcvenlik kameras\u0131na yans\u0131d\u0131. \u0130mgelerde, hafif ticari arac\u0131n yol kenar\u0131nda bekledi\u011fi s\u0131rada araban\u0131n geriden \u00e7arpt\u0131\u011f\u0131 g\u00f6r\u00fcld\u00fc. Hayat\u0131n\u0131 kaybeden Berat Efe&#8217;nin ise iki ara\u00e7 ortas\u0131nda s\u0131k\u0131\u015ft\u0131\u011f\u0131 anlar kameralar taraf\u0131nda kaydedilirken, kazandan \u00e7abucak sonra hafif ticari ara\u00e7tan inen ailenin yerde yatan \u00e7ocu\u011fa yanl\u0131\u015fs\u0131z ko\u015ftuklar\u0131 imajlara yans\u0131d\u0131.<\/p>\n<p>Jandarma kazayla ilgili soru\u015fturma ba\u015flatt\u0131.<\/p>\n","protected":false},"excerpt":{"rendered":"<p>Kayseri&#8217;de, yol kenar\u0131nda mola veren hafif ticari araca araba \u00e7arpt\u0131. Kaza s\u0131ras\u0131nda mola veren arac\u0131n d\u0131\u015f\u0131nda bulunan iki karde\u015ften 9 ya\u015f\u0131ndaki Berat Efe Geldi, iki ara\u00e7 ortas\u0131nda s\u0131k\u0131\u015farak hayat\u0131n\u0131 yitirdi.<\/p>\n","protected":false},"author":1,"featured_media":26405,"comment_status":"open","ping_status":"open","sticky":false,"template":"","format":"standard","meta":{"footnotes":""},"categories":[25],"tags":[87,917,4660,66,108],"class_list":["post-26404","post","type-post","status-publish","format-standard","has-post-thumbnail","hentry","category-gundem","tag-aile","tag-arac","tag-berat-efe","tag-geldi","tag-kaza"],"_links":{"self":[{"href":"https:\/\/ikimisli.tr\/index.php\/wp-json\/wp\/v2\/posts\/26404","targetHints":{"allow":["GET"]}}],"collection":[{"href":"https:\/\/ikimisli.tr\/index.php\/wp-json\/wp\/v2\/posts"}],"about":[{"href":"https:\/\/ikimisli.tr\/index.php\/wp-json\/wp\/v2\/types\/post"}],"author":[{"embeddable":true,"href":"https:\/\/ikimisli.tr\/index.php\/wp-json\/wp\/v2\/users\/1"}],"replies":[{"embeddable":true,"href":"https:\/\/ikimisli.tr\/index.php\/wp-json\/wp\/v2\/comments?post=26404"}],"version-history":[{"count":1,"href":"https:\/\/ikimisli.tr\/index.php\/wp-json\/wp\/v2\/posts\/26404\/revisions"}],"predecessor-version":[{"id":26406,"href":"https:\/\/ikimisli.tr\/index.php\/wp-json\/wp\/v2\/posts\/26404\/revisions\/26406"}],"wp:featuredmedia":[{"embeddable":true,"href":"https:\/\/ikimisli.tr\/index.php\/wp-json\/wp\/v2\/media\/26405"}],"wp:attachment":[{"href":"https:\/\/ikimisli.tr\/index.php\/wp-json\/wp\/v2\/media?parent=26404"}],"wp:term":[{"taxonomy":"category","embeddable":true,"href":"https:\/\/ikimisli.tr\/index.php\/wp-json\/wp\/v2\/categories?post=26404"},{"taxonomy":"post_tag","embeddable":true,"href":"https:\/\/ikimisli.tr\/index.php\/wp-json\/wp\/v2\/tags?post=26404"}],"curies":[{"name":"wp","href":"https:\/\/api.w.org\/{rel}","templated":true}]}}