{"id":26536,"date":"2025-04-14T10:48:15","date_gmt":"2025-04-14T10:48:15","guid":{"rendered":"https:\/\/ikimisli.tr\/?p=26536"},"modified":"2025-04-14T10:48:15","modified_gmt":"2025-04-14T10:48:15","slug":"akpli-vekilden-tegmenlerin-anitkabir-ziyaretine-pes-dedirten-cikis","status":"publish","type":"post","link":"https:\/\/ikimisli.tr\/index.php\/2025\/04\/14\/akpli-vekilden-tegmenlerin-anitkabir-ziyaretine-pes-dedirten-cikis\/","title":{"rendered":"AKP&#8217;li vekilden te\u011fmenlerin An\u0131tkabir ziyaretine &#8216;pes&#8217; dedirten \u00e7\u0131k\u0131\u015f"},"content":{"rendered":"<p>AKP Kahramanmara\u015f Milletvekili Prof. Dr. Mehmet \u015eahin kat\u0131ld\u0131\u011f\u0131 canl\u0131 yay\u0131nda te\u011fmenlerin An\u0131tkabir ziyareti i\u00e7in &#8220;An\u0131tkabir&#8217;e gidece\u011finize CHP genel merkezine&#8221; gitseydiniz yorumuyla reaksiyon \u00e7ekti. \u015eahin a\u00e7\u0131klamalar\u0131nda \u015funlar\u0131 s\u00f6yledi. <\/p>\n<p>&#8220;TSK&#8217;ya siyaset kar\u0131\u015ft\u0131rmayal\u0131m diyorlar, daha bu 5 te\u011fmen ve 3 subay, daha te\u011fmen olduklar\u0131 g\u00fcn TSK&#8217;y\u0131 siyasetin i\u00e7ine soktular. Bir de siyasetten uzak olduklar\u0131n\u0131 s\u00f6yl\u00fcyorlar. <\/p>\n<p>T\u00fcrk siyasetinde 1960&#8217;tan bu yana gelen s\u00fcre\u00e7leri de g\u00f6z \u00f6n\u00fcnde bulundurmak laz\u0131m. 27 May\u0131s&#8217;\u0131, 12 Mart&#8217;\u0131 12 Eyl\u00fcl&#8217;\u00fc, 28 \u015eubat&#8217;\u0131 ve 15 Temmuz&#8217;u unutmayal\u0131m. Talat Aydemir darbe te\u015febb\u00fcslerini de unutmamak gerekiyor. \u0130smet \u0130n\u00f6n\u00fc zaman\u0131nda 1500 Harp Okulu \u00f6\u011frencisinin askeriyeden at\u0131lmas\u0131n\u0131 da dillendirmekte yarar var. Art\u0131k bunu konu\u015fuyorsak bu ayr\u0131lma karar\u0131 verilen 5 te\u011fmenin de bunu d\u00fc\u015f\u00fcnmesi gerekiyordu. An\u0131tkabir&#8217;e gitmi\u015fler, foto\u011fraf vermi\u015fler.  Fark\u0131ndaysan\u0131z bir s\u00fcre\u00e7 i\u015fletiyorlar. An\u0131tkabir&#8217;e gidece\u011finize CHP genel merkezini, genel liderini ziyaret etseydiniz daha uygun olurdu. <\/p>\n<p>Bir kesim var, &#8216;Mustafa Kemal&#8217;in askerleriyiz&#8217; diyenleri ihra\u00e7 ettiler diyorlar. B\u00fcsb\u00fct\u00fcn palavra s\u00f6yl\u00fcyorlar ve bilerek bu i\u015fi s\u00fcrd\u00fcr\u00fcyorlar.&#8221;<\/p>\n<p><b>NE OLMU\u015eTU?<\/b><\/p>\n<p><img decoding=\"async\" src=\"https:\/\/ikimisli.tr\/wp-content\/uploads\/2025\/04\/akpli-vekilden-tegmenlerin-anitkabir-ziyaretine-pes-dedirten-cikis-0-dm8jDqm8.png\"\/><\/p>\n<p>Bu y\u0131l 102. kutlanan 30 A\u011fustos Zafer Bayram\u0131&#8217;nda Cumhurba\u015fkan\u0131 Recep Tayyip Erdo\u011fan&#8217;\u0131n i\u015ftiraki ile Ulusal Savunma \u00dcniversitesi&#8217;ne ba\u011fl\u0131 Kara Harp Okulu&#8217;nun mezuniyet merasimi d\u00fczenlendi. Merasim sonras\u0131 alanda toplanan bir k\u00fcme yeni te\u011fmen k\u0131l\u0131\u00e7lar\u0131n\u0131 havaya kald\u0131rarak &#8220;Mustafa Kemal&#8217;in askerleriyiz&#8221; sloganlar\u0131 att\u0131.  Daha sonra Kara Harp Okulu&#8217;nda devir d\u00f6nem kullan\u0131lan lakin resmi programda yer almayan &#8216;Subay Yemini&#8217;ni ettiler.<\/p>\n<p>MSB kaynaklar\u0131 21 Kas\u0131m&#8217;da te\u011fmenlere isnat edilen hatan\u0131n &#8216;k\u0131l\u0131\u00e7 \u00e7atmak yahut \u2018Mustafa Kemal\u2019in Askerleriyiz\u2019 demek&#8217; olmad\u0131\u011f\u0131n\u0131 s\u00f6yledi ve yemin eden te\u011fmenlerin &#8216;amirlerin ikazlar\u0131na kar\u015f\u0131n kas\u0131tl\u0131, organize ve planl\u0131 bir disiplinsizlik&#8217; yapt\u0131\u011f\u0131n\u0131 vurgulad\u0131. Kaynaklar metnin i\u00e7eri\u011finin y\u00fcr\u00fct\u00fclen inceleme ve soru\u015fturmalarla ilgili olmad\u0131\u011f\u0131n\u0131 tabir ederek yemin metnini okuyan onlarca te\u011fmenden yaln\u0131zca aksiyonu organize edenlerin YDK\u2019ya sevk edildi\u011fini a\u00e7\u0131klad\u0131.<\/p>\n<p>MSB kaynaklar\u0131, \u201cOrtak k\u0131ymetimiz olan Atat\u00fcrk \u00fczerinden bir ayr\u0131\u015fma alg\u0131s\u0131 yaratacak hal ve davran\u0131\u015flar kabul edilemez\u201d tabirlerini kulland\u0131.<\/p>\n<p><b>\u0130HRA\u00c7 ED\u0130LD\u0130LER<\/b><\/p>\n<p><img decoding=\"async\" src=\"https:\/\/ikimisli.tr\/wp-content\/uploads\/2025\/04\/akpli-vekilden-tegmenlerin-anitkabir-ziyaretine-pes-dedirten-cikis-1-9ibhyupZ.png\"\/><\/p>\n<p>Milli Savunma Bakanl\u0131\u011f\u0131 (MSB), 5 te\u011fmen ile 3 disiplin amirinin T\u00fcrk Silahl\u0131 Kuvvetleri\u2019nden ihra\u00e7 edildi\u011fini a\u00e7\u0131klad\u0131. Gen\u00e7 Te\u011fmenler geri ad\u0131m atmayarak ihra\u00e7 karar\u0131n\u0131n \u00e7abucak ertesinde An\u0131tkabir&#8217;i ziyaret etti. <\/p>\n","protected":false},"excerpt":{"rendered":"<p>T\u00fcrk Ordusu&#8217;nda tarikat \u00fcyesi olan subaylar rutin tayin emeklilik devirlerinde emekli edilirken; &#8216;Mustafa Kemal&#8217;in askerleriyiz&#8217; diyen T\u00fcrk te\u011fmenleri TSK&#8217;dan ihra\u00e7 edildi.  \u0130hra\u00e7 karar\u0131n\u0131n akabinde d\u00fcn Ata&#8217;s\u0131n\u0131 ziyaret eden te\u011fmenler, An\u0131tkabir pozlar\u0131 ile &#8216;geri ad\u0131m atmayacaklar\u0131n\u0131&#8217; resmetti. AKP Kahramanmara\u015f Milletvekili Prof. Dr. Mehmet \u015eahin, canl\u0131 yay\u0131nda ihra\u00e7 edilen Atat\u00fcrk\u00e7\u00fc te\u011fmenlere, &#8220;An\u0131tkabir yerine CHP&#8217;ye gitsinler&#8221; tabirleriyle, &#8216;pes&#8217; dedirten bir \u00e7\u0131k\u0131\u015f yapt\u0131.<\/p>\n","protected":false},"author":1,"featured_media":26537,"comment_status":"open","ping_status":"open","sticky":false,"template":"","format":"standard","meta":{"footnotes":""},"categories":[25],"tags":[4678,2560],"class_list":["post-26536","post","type-post","status-publish","format-standard","has-post-thumbnail","hentry","category-gundem","tag-anitkabir","tag-tegmen"],"_links":{"self":[{"href":"https:\/\/ikimisli.tr\/index.php\/wp-json\/wp\/v2\/posts\/26536","targetHints":{"allow":["GET"]}}],"collection":[{"href":"https:\/\/ikimisli.tr\/index.php\/wp-json\/wp\/v2\/posts"}],"about":[{"href":"https:\/\/ikimisli.tr\/index.php\/wp-json\/wp\/v2\/types\/post"}],"author":[{"embeddable":true,"href":"https:\/\/ikimisli.tr\/index.php\/wp-json\/wp\/v2\/users\/1"}],"replies":[{"embeddable":true,"href":"https:\/\/ikimisli.tr\/index.php\/wp-json\/wp\/v2\/comments?post=26536"}],"version-history":[{"count":1,"href":"https:\/\/ikimisli.tr\/index.php\/wp-json\/wp\/v2\/posts\/26536\/revisions"}],"predecessor-version":[{"id":26540,"href":"https:\/\/ikimisli.tr\/index.php\/wp-json\/wp\/v2\/posts\/26536\/revisions\/26540"}],"wp:featuredmedia":[{"embeddable":true,"href":"https:\/\/ikimisli.tr\/index.php\/wp-json\/wp\/v2\/media\/26537"}],"wp:attachment":[{"href":"https:\/\/ikimisli.tr\/index.php\/wp-json\/wp\/v2\/media?parent=26536"}],"wp:term":[{"taxonomy":"category","embeddable":true,"href":"https:\/\/ikimisli.tr\/index.php\/wp-json\/wp\/v2\/categories?post=26536"},{"taxonomy":"post_tag","embeddable":true,"href":"https:\/\/ikimisli.tr\/index.php\/wp-json\/wp\/v2\/tags?post=26536"}],"curies":[{"name":"wp","href":"https:\/\/api.w.org\/{rel}","templated":true}]}}