{"id":26646,"date":"2025-04-14T17:48:06","date_gmt":"2025-04-14T17:48:06","guid":{"rendered":"https:\/\/ikimisli.tr\/?p=26646"},"modified":"2025-04-14T17:48:06","modified_gmt":"2025-04-14T17:48:06","slug":"adiyamanda-6-subatta-egitime-ara-verildi","status":"publish","type":"post","link":"https:\/\/ikimisli.tr\/index.php\/2025\/04\/14\/adiyamanda-6-subatta-egitime-ara-verildi\/","title":{"rendered":"Ad\u0131yaman&#8217;da 6 \u015eubat&#8217;ta e\u011fitime ara verildi"},"content":{"rendered":"<p>Valilikten yap\u0131lan a\u00e7\u0131klamada, Kahramanmara\u015f merkezli 6 \u015eubat 2023&#8217;teki zelzelelerin y\u0131l d\u00f6n\u00fcm\u00fcnde, vilayette d\u00fczenlenecek anma programlar\u0131, vatanda\u015flar taraf\u0131ndan yap\u0131lacak kabristan ve taziye ziyaretleri hasebiyle yo\u011funluk olu\u015fabilece\u011fi belirtildi.<\/p>\n<p>Bu k\u0131ymetlendirme nedeniyle vilayet genelinde birinci ve orta dereceli okullarda 6 \u015eubat 2025 Per\u015fembe g\u00fcn\u00fc e\u011fitime bir g\u00fcn orta verildi\u011fi bildirilen a\u00e7\u0131klamada, &#8220;Ayr\u0131ca, anma programlar\u0131 ve kabristan ziyaretlerine kat\u0131lacak kamu kurum ve kurulu\u015flar\u0131m\u0131zda \u00e7al\u0131\u015fan \u00e7al\u0131\u015fan\u0131m\u0131z, kamu hizmetlerini aksatmayacak t\u00fcm \u00f6nlemler al\u0131nacak formda bir g\u00fcn idari m\u00fcsaadeli say\u0131lacakt\u0131r.&#8221; s\u00f6zlerine yer verildi.<\/p>\n<p>Ad\u0131yaman Valisi Osman Varol ise makam\u0131nda d\u00fczenledi\u011fi bas\u0131n toplant\u0131s\u0131nda, 6 \u015eubat zelzelelerinin 2. y\u0131l d\u00f6n\u00fcm\u00fcndeki anma aktiflikleri i\u00e7in haz\u0131rl\u0131klar\u0131n s\u00fcrd\u00fc\u011f\u00fcn\u00fc s\u00f6yledi.<\/p>\n<p>Varol, \u015f\u00f6yle konu\u015ftu:<\/p>\n<p>&#8220;Bu kapsamda vatanda\u015flar\u0131m\u0131z\u0131n ve sivil toplum kurulu\u015flar\u0131m\u0131z\u0131n taleplerini k\u0131ymetlendirerek bilhassa o g\u00fcn i\u00e7erisinde olu\u015fabilecek a\u011f\u0131r trafik ile kabristan yo\u011funlu\u011funu dikkate alarak, okullar\u0131m\u0131zdaki \u00e7ocuklar\u0131m\u0131z\u0131n iste\u011fini dikkate alarak 6 \u015eubat i\u00e7in idari \u00f6nlem ald\u0131k. T\u00fcm kurum kurulu\u015flar\u0131m\u0131zda idari hizmetlerin aksamayaca\u011f\u0131 bi\u00e7imde gerekli \u00f6nlemleri de alarak idari m\u00fcsaade ilan ediyoruz. Vatanda\u015flar\u0131m\u0131z kamu kurum kurulu\u015flar\u0131nda her t\u00fcrl\u00fc gereksinimini yapabilecekler ve \u00f6b\u00fcr taraftan da idari m\u00fcsaadeli olan i\u015f\u00e7imiz matemlerini ya\u015fayabilecek.&#8221; diye konu\u015ftu.<\/p>\n","protected":false},"excerpt":{"rendered":"<p>Ad\u0131yaman&#8217;da, kabristan ve taziye ziyaretlerinin yo\u011funlu\u011fu nedeniyle zelzelelerin y\u0131l d\u00f6n\u00fcm\u00fc olan 6 \u015eubat&#8217;ta birinci ve orta dereceli okullarda e\u011fitime bir g\u00fcn orta verildi.<\/p>\n","protected":false},"author":1,"featured_media":26647,"comment_status":"open","ping_status":"open","sticky":false,"template":"","format":"standard","meta":{"footnotes":""},"categories":[25],"tags":[763],"class_list":["post-26646","post","type-post","status-publish","format-standard","has-post-thumbnail","hentry","category-gundem","tag-idari"],"_links":{"self":[{"href":"https:\/\/ikimisli.tr\/index.php\/wp-json\/wp\/v2\/posts\/26646","targetHints":{"allow":["GET"]}}],"collection":[{"href":"https:\/\/ikimisli.tr\/index.php\/wp-json\/wp\/v2\/posts"}],"about":[{"href":"https:\/\/ikimisli.tr\/index.php\/wp-json\/wp\/v2\/types\/post"}],"author":[{"embeddable":true,"href":"https:\/\/ikimisli.tr\/index.php\/wp-json\/wp\/v2\/users\/1"}],"replies":[{"embeddable":true,"href":"https:\/\/ikimisli.tr\/index.php\/wp-json\/wp\/v2\/comments?post=26646"}],"version-history":[{"count":1,"href":"https:\/\/ikimisli.tr\/index.php\/wp-json\/wp\/v2\/posts\/26646\/revisions"}],"predecessor-version":[{"id":26648,"href":"https:\/\/ikimisli.tr\/index.php\/wp-json\/wp\/v2\/posts\/26646\/revisions\/26648"}],"wp:featuredmedia":[{"embeddable":true,"href":"https:\/\/ikimisli.tr\/index.php\/wp-json\/wp\/v2\/media\/26647"}],"wp:attachment":[{"href":"https:\/\/ikimisli.tr\/index.php\/wp-json\/wp\/v2\/media?parent=26646"}],"wp:term":[{"taxonomy":"category","embeddable":true,"href":"https:\/\/ikimisli.tr\/index.php\/wp-json\/wp\/v2\/categories?post=26646"},{"taxonomy":"post_tag","embeddable":true,"href":"https:\/\/ikimisli.tr\/index.php\/wp-json\/wp\/v2\/tags?post=26646"}],"curies":[{"name":"wp","href":"https:\/\/api.w.org\/{rel}","templated":true}]}}