{"id":26691,"date":"2025-04-14T20:48:18","date_gmt":"2025-04-14T20:48:18","guid":{"rendered":"https:\/\/ikimisli.tr\/?p=26691"},"modified":"2025-04-14T20:48:18","modified_gmt":"2025-04-14T20:48:18","slug":"gazzedeki-ateskesin-ikinci-asamasi-belirsizliklerle-dolu","status":"publish","type":"post","link":"https:\/\/ikimisli.tr\/index.php\/2025\/04\/14\/gazzedeki-ateskesin-ikinci-asamasi-belirsizliklerle-dolu\/","title":{"rendered":"Gazze&#8217;deki ate\u015fkesin ikinci a\u015famas\u0131, belirsizliklerle dolu"},"content":{"rendered":"<p>Katar Ba\u015fbakan\u0131, \u0130srail ve Hamas\u2019a Gazze ate\u015fkesinin ikinci etab\u0131na y\u00f6nelik m\u00fczakerelere derhal ba\u015flamalar\u0131 davetinde bulundu.<\/p>\n<p>Ba\u015fkent Doha\u2019da d\u00fczenlenen bas\u0131n toplant\u0131s\u0131nda konu\u015fan Pir Muhammed bin Abdurrahman Al Sani, \u201c(Hamas ve \u0130srail&#8217;in) mutabakat do\u011frultusunda derhal m\u00fczakerelere ba\u015flamas\u0131n\u0131 talep ediyoruz\u201d dedi.<\/p>\n<p>Ate\u015fkes mutabakat\u0131na nazaran, ikinci kademenin uygulanmas\u0131na y\u00f6nelik g\u00f6r\u00fc\u015fmelerin bug\u00fcn ba\u015flamas\u0131 gerekiyor, lakin taraflar hala m\u00fczakere takvimine ait net bir plan ortaya koymu\u015f de\u011fil.<\/p>\n<p><img decoding=\"async\" src=\"https:\/\/ikimisli.tr\/wp-content\/uploads\/2025\/04\/gazzedeki-ateskesin-ikinci-asamasi-belirsizliklerle-dolu-0-E9qbCapA.png\"\/><\/p>\n<p><b>D\u00dcZENS\u0130Z \u0130LERLEME<\/b><\/p>\n<p>\u0130srail Ba\u015fbakan\u0131 Binyamin Netanyahu, ate\u015fkes muahedesinin ikinci evresine y\u00f6nelik m\u00fczakerelere  bug\u00fcn Washington\u2019da ba\u015flayaca\u011f\u0131n\u0131 duyurdu.<\/p>\n<p>Netanyahu, ABD Ba\u015fkan\u0131 Donald Trump\u2019\u0131n Orta Do\u011fu \u00d6zel Temsilcisi Steve Witkoff ile Washington&#8217;da bir ortaya gelecek.<\/p>\n<p>\u0130srail Ba\u015fbakanl\u0131k Ofisi\u2019ne nazaran, Netanyahu toplant\u0131da \u0130srail\u2019in ate\u015fkes konusundaki tavr\u0131n\u0131 ele alacak. Witkoff, akabinde M\u0131s\u0131r ve Katar yetkilileriyle g\u00f6r\u00fc\u015ferek, \u0130srail ile Hamas ortas\u0131ndaki m\u00fczakerelere Washington\u2019un takviyesini s\u00fcrd\u00fcrecek.<\/p>\n<p>Ancak bu geli\u015fmelerin rastgele bir takvime ya da resmiyete ba\u011fl\u0131 olmamas\u0131, tasalar\u0131 artt\u0131r\u0131yor. Katarl\u0131 arabulucular, net bir vakit \u00e7izelgesinin ehemmiyetine vurgu yap\u0131yor.<\/p>\n<p><img decoding=\"async\" src=\"https:\/\/ikimisli.tr\/wp-content\/uploads\/2025\/04\/gazzedeki-ateskesin-ikinci-asamasi-belirsizliklerle-dolu-1-WraPufKL.png\"\/><\/p>\n<p><b>HAREKETLENME G\u00d6RMEY\u0130 UMUYORUZ<\/b><\/p>\n<p>Ge\u00e7en ay var\u0131lan \u00fc\u00e7 kademeli ate\u015fkes muahedesi, Gazze\u2019de \u00e7at\u0131\u015fmalar\u0131n durmas\u0131n\u0131 sa\u011flad\u0131. Hamas, \u015fu ana kadar 18 rehineyi h\u00fcr b\u0131rakt\u0131. \u0130srail ise y\u00fczlerce Filistinliyi cezaevlerinden tahliye etti. Gazze\u2019de hala 70\u2019ten fazla rehine tutuluyor.<\/p>\n<p>Anla\u015fman\u0131n ikinci kademesinde, Hamas\u2019\u0131n kalan t\u00fcm rehineleri \u00f6zg\u00fcr b\u0131rakmas\u0131, sava\u015f\u0131n kal\u0131c\u0131 olarak sona ermesi ve \u0130srail\u2019in Gazze\u2019den b\u00fcsb\u00fct\u00fcn \u00e7ekilmesi bekleniyor.<\/p>\n<p>\u015eeyh Muhammed, m\u00fczakerelerin ne vakit ve nerede yap\u0131laca\u011f\u0131na dair hala belirsizlik oldu\u011funu s\u00f6yledi. Katar\u2019\u0131n Hamas ve \u0130srail ile telefon g\u00f6r\u00fc\u015fmeleri yapt\u0131\u011f\u0131n\u0131 ve bir m\u00fczakere g\u00fcndemi belirledi\u011fini belirten Ba\u015fbakan, \u201c\u00d6n\u00fcm\u00fczdeki g\u00fcnlerde bir hareketlenme g\u00f6rmeyi umuyoruz. S\u00fcrecin bug\u00fcnden itibaren ilerlemeye ba\u015flamas\u0131 hayati k\u0131ymet ta\u015f\u0131yor\u201d dedi.<\/p>\n<p>Arabulucular, \u0130srail ve Hamas ortas\u0131ndaki mutabakat\u0131n ikinci basama\u011f\u0131n\u0131 hayata ge\u00e7irmek i\u00e7in bask\u0131y\u0131 art\u0131r\u0131rken, s\u00fcre\u00e7 bir\u00e7ok belirsizlik i\u00e7eriyor.<\/p>\n<p>Katar, mutabakat\u0131n 42. g\u00fcn\u00fcnden evvel bir tahlile ula\u015f\u0131lmas\u0131 gerekti\u011fini vurgularken, m\u00fczakerelerin seyrini \u0130srail ve Hamas\u2019\u0131n ataca\u011f\u0131 ad\u0131mlar\u0131n belirleyece\u011finin alt\u0131 \u00e7iziliyor<\/p>\n","protected":false},"excerpt":{"rendered":"<p>Katar, \u0130srail ve Hamas\u2019a ate\u015fkesin ikinci basama\u011f\u0131na y\u00f6nelik m\u00fczakerelere derhal ba\u015flamalar\u0131 davetinde bulundu. Lakin taraflar hala net bir takvim belirlemedi. \u0130srail Ba\u015fbakan\u0131 Netanyahu, bug\u00fcn Washington\u2019da ABD yetkilileriyle g\u00f6r\u00fc\u015ferek s\u00fcreci k\u0131ymetlendirecek. Ate\u015fkes kritik ikinci kademesi belgisiz bir takvimde, Washington&#8217;daki toplant\u0131 odalar\u0131nda \u015fekilleniyor.<\/p>\n","protected":false},"author":1,"featured_media":26692,"comment_status":"open","ping_status":"open","sticky":false,"template":"","format":"standard","meta":{"footnotes":""},"categories":[43],"tags":[284,81,80,365,2055],"class_list":["post-26691","post","type-post","status-publish","format-standard","has-post-thumbnail","hentry","category-dunya","tag-anlasma","tag-hamas","tag-israil","tag-muzakere","tag-net"],"_links":{"self":[{"href":"https:\/\/ikimisli.tr\/index.php\/wp-json\/wp\/v2\/posts\/26691","targetHints":{"allow":["GET"]}}],"collection":[{"href":"https:\/\/ikimisli.tr\/index.php\/wp-json\/wp\/v2\/posts"}],"about":[{"href":"https:\/\/ikimisli.tr\/index.php\/wp-json\/wp\/v2\/types\/post"}],"author":[{"embeddable":true,"href":"https:\/\/ikimisli.tr\/index.php\/wp-json\/wp\/v2\/users\/1"}],"replies":[{"embeddable":true,"href":"https:\/\/ikimisli.tr\/index.php\/wp-json\/wp\/v2\/comments?post=26691"}],"version-history":[{"count":1,"href":"https:\/\/ikimisli.tr\/index.php\/wp-json\/wp\/v2\/posts\/26691\/revisions"}],"predecessor-version":[{"id":26695,"href":"https:\/\/ikimisli.tr\/index.php\/wp-json\/wp\/v2\/posts\/26691\/revisions\/26695"}],"wp:featuredmedia":[{"embeddable":true,"href":"https:\/\/ikimisli.tr\/index.php\/wp-json\/wp\/v2\/media\/26692"}],"wp:attachment":[{"href":"https:\/\/ikimisli.tr\/index.php\/wp-json\/wp\/v2\/media?parent=26691"}],"wp:term":[{"taxonomy":"category","embeddable":true,"href":"https:\/\/ikimisli.tr\/index.php\/wp-json\/wp\/v2\/categories?post=26691"},{"taxonomy":"post_tag","embeddable":true,"href":"https:\/\/ikimisli.tr\/index.php\/wp-json\/wp\/v2\/tags?post=26691"}],"curies":[{"name":"wp","href":"https:\/\/api.w.org\/{rel}","templated":true}]}}