{"id":26782,"date":"2025-04-15T02:36:10","date_gmt":"2025-04-15T02:36:10","guid":{"rendered":"https:\/\/ikimisli.tr\/?p=26782"},"modified":"2025-04-15T02:36:10","modified_gmt":"2025-04-15T02:36:10","slug":"milyonlarcasi-hizla-yayiliyor-simdiden-16-buyuk-sehri-ele-gecirdiler","status":"publish","type":"post","link":"https:\/\/ikimisli.tr\/index.php\/2025\/04\/15\/milyonlarcasi-hizla-yayiliyor-simdiden-16-buyuk-sehri-ele-gecirdiler\/","title":{"rendered":"Milyonlarcas\u0131 h\u0131zla yay\u0131l\u0131yor: \u015eimdiden 16 b\u00fcy\u00fck \u015fehri ele ge\u00e7irdiler"},"content":{"rendered":"<p>Yeni bir \u00e7al\u0131\u015fmaya nazaran son 10 y\u0131lda fare pop\u00fclasyonu fevkalade boyutlara ula\u015ft\u0131. Global s\u0131cakl\u0131klar\u0131n artmas\u0131 nedeniyle fareler, daha evvel hi\u00e7 olmad\u0131\u011f\u0131 kadar &#8216;d\u00fcnyay\u0131 ele ge\u00e7iriyor&#8217;.<\/p>\n<p>Ara\u015ft\u0131rman\u0131n bilgilerine nazaran 2011-2022 y\u0131llar\u0131 ortas\u0131nda kentlerdeki fare n\u00fcfusu &#8220;\u00f6nemli \u00f6l\u00e7\u00fcde&#8221; artt\u0131. Washington DC, San Francisco, Toronto, New York ve Amsterdam, en b\u00fcy\u00fck y\u00fckseli\u015fi ya\u015fayan kentler ortas\u0131nda yer ald\u0131. Bu kentlerin de dahil oldu\u011fu toplam 16 b\u00fcy\u00fck kentin fareler taraf\u0131ndan &#8216;ele ge\u00e7irildi\u011fi&#8217; belirtildi.<\/p>\n<p><img decoding=\"async\" src=\"https:\/\/ikimisli.tr\/wp-content\/uploads\/2025\/04\/milyonlarcasi-hizla-yayiliyor-simdiden-16-buyuk-sehri-ele-gecirdiler-0-RtWHWKvw.jpg\"\/><\/p>\n<p><b>BAZI KENTLERDE Y\u00dcZDE 147 ARTI\u015e G\u00d6STERD\u0130<\/b><\/p>\n<p>Kanada\u2019n\u0131n Toronto kenti de en mak\u00fbs etkilenen yerlerden biri oldu ve buradaki fare pop\u00fclasyonu y\u00fczde 147 oran\u0131nda artt\u0131.<br \/>Bilim be\u015ferlerine nazaran daha s\u0131cak hava \u015fartlar\u0131, farelerin daha uzun m\u00fcddetler uzunlu\u011fu \u00fcremesine ve yiyecek aramas\u0131na imkan tan\u0131yarak istilay\u0131 k\u00f6r\u00fckl\u00fcyor.<\/p>\n<p>Londra ve Paris \u00fczere birtak\u0131m b\u00fcy\u00fck kentler ara\u015ft\u0131rmaya bilgi sa\u011flamam\u0131\u015f olsa da uzmanlar, bulgular\u0131n bu kentlerin de benzeri \u00f6l\u00e7ekte bir istilaya u\u011frad\u0131\u011f\u0131n\u0131 g\u00f6sterdi\u011fini d\u00fc\u015f\u00fcn\u00fcyor.<\/p>\n","protected":false},"excerpt":{"rendered":"<p>Yeni bir \u00e7al\u0131\u015fmaya nazaran pek \u00e7ok ki\u015fi taraf\u0131ndan nefret edilen bir hayvan\u0131n pop\u00fclasyonu, son 10 y\u0131lda inan\u0131lmaz boyutlara ula\u015ft\u0131. \u015eimdiden 16 b\u00fcy\u00fck kentteki say\u0131lar\u0131, duyanlar\u0131 korkutmaya yetiyor&#8230;<\/p>\n","protected":false},"author":1,"featured_media":26783,"comment_status":"open","ping_status":"open","sticky":false,"template":"","format":"standard","meta":{"footnotes":""},"categories":[43],"tags":[4219,4137],"class_list":["post-26782","post","type-post","status-publish","format-standard","has-post-thumbnail","hentry","category-dunya","tag-fare","tag-sehirler"],"_links":{"self":[{"href":"https:\/\/ikimisli.tr\/index.php\/wp-json\/wp\/v2\/posts\/26782","targetHints":{"allow":["GET"]}}],"collection":[{"href":"https:\/\/ikimisli.tr\/index.php\/wp-json\/wp\/v2\/posts"}],"about":[{"href":"https:\/\/ikimisli.tr\/index.php\/wp-json\/wp\/v2\/types\/post"}],"author":[{"embeddable":true,"href":"https:\/\/ikimisli.tr\/index.php\/wp-json\/wp\/v2\/users\/1"}],"replies":[{"embeddable":true,"href":"https:\/\/ikimisli.tr\/index.php\/wp-json\/wp\/v2\/comments?post=26782"}],"version-history":[{"count":1,"href":"https:\/\/ikimisli.tr\/index.php\/wp-json\/wp\/v2\/posts\/26782\/revisions"}],"predecessor-version":[{"id":26785,"href":"https:\/\/ikimisli.tr\/index.php\/wp-json\/wp\/v2\/posts\/26782\/revisions\/26785"}],"wp:featuredmedia":[{"embeddable":true,"href":"https:\/\/ikimisli.tr\/index.php\/wp-json\/wp\/v2\/media\/26783"}],"wp:attachment":[{"href":"https:\/\/ikimisli.tr\/index.php\/wp-json\/wp\/v2\/media?parent=26782"}],"wp:term":[{"taxonomy":"category","embeddable":true,"href":"https:\/\/ikimisli.tr\/index.php\/wp-json\/wp\/v2\/categories?post=26782"},{"taxonomy":"post_tag","embeddable":true,"href":"https:\/\/ikimisli.tr\/index.php\/wp-json\/wp\/v2\/tags?post=26782"}],"curies":[{"name":"wp","href":"https:\/\/api.w.org\/{rel}","templated":true}]}}