{"id":26825,"date":"2025-04-15T06:00:06","date_gmt":"2025-04-15T06:00:06","guid":{"rendered":"https:\/\/ikimisli.tr\/?p=26825"},"modified":"2025-04-15T06:00:06","modified_gmt":"2025-04-15T06:00:06","slug":"recep-tayyip-erdogandan-mesut-ozile-ulan-oglum-sen-de-cok-utangacsin","status":"publish","type":"post","link":"https:\/\/ikimisli.tr\/index.php\/2025\/04\/15\/recep-tayyip-erdogandan-mesut-ozile-ulan-oglum-sen-de-cok-utangacsin\/","title":{"rendered":"Recep Tayyip Erdo\u011fan&#8217;dan Mesut \u00d6zil&#8217;e: Ulan o\u011flum sen de \u00e7ok utanga\u00e7s\u0131n"},"content":{"rendered":"<p>Cumhurba\u015fkan\u0131 Recep Tayyip Erdo\u011fan, Recep Tayyip Erdo\u011fan E\u011fitim K\u00fclliyesi\u2019nin a\u00e7\u0131l\u0131\u015f\u0131na kat\u0131lan eski futbolcu Mesut \u00d6zil ile ya\u015fad\u0131\u011f\u0131 esprili diyalogla dikkat \u00e7ekti. A\u00e7\u0131l\u0131\u015f merasiminde kurdele kesiti s\u0131ras\u0131nda utanga\u00e7 tutumlar sergileyen \u00d6zil, Erdo\u011fan\u2019\u0131n latifesine maruz kald\u0131. Erdo\u011fan, \u00d6zil\u2019e d\u00f6nerek, &#8220;Ulan o\u011flum sen de \u00e7ok utanga\u00e7s\u0131n&#8221; tabirlerini kulland\u0131.<\/p>\n<p>Cumhurba\u015fkan\u0131 Erdo\u011fan\u2019\u0131n yan\u0131 s\u0131ra, Milli E\u011fitim Bakan\u0131 ve AKP\u2019den bir\u00e7ok isim a\u00e7\u0131l\u0131\u015fa kat\u0131ld\u0131. \u00d6zil de bu aktiflikte yer ald\u0131. Futbolculuk mesle\u011fi boyunca AKP ve Erdo\u011fan\u2019a olan yak\u0131nl\u0131\u011f\u0131yla bilinen \u00d6zil, kurdele k\u0131sm\u0131 s\u0131ras\u0131nda sergiledi\u011fi utanga\u00e7 hareketleriyle dikkat \u00e7ekti.<\/p>\n<p><b>MESUT \u00d6Z\u0130L\u2019\u0130N T\u00dcRK\u0130YE\u2019DEK\u0130 FUTBOL KAR\u0130YER\u0130<\/b><\/p>\n<p>Mesut \u00d6zil, futbol mesle\u011finde Schalke 04, Real Madrid ve Arsenal \u00fczere dev kul\u00fcplerde forma giydi ve Avrupa futbolunun en k\u0131ymetli y\u0131ld\u0131zlar\u0131ndan biri olarak \u00f6ne \u00e7\u0131kt\u0131. Fenerbah\u00e7e\u2019ye transferiyle T\u00fcrkiye maceras\u0131na ba\u015flayan \u00d6zil, son olarak Ba\u015fak\u015fehir formas\u0131 giydikten sonra futbolu b\u0131rakt\u0131.<\/p>\n<p>\u00d6zil, 2018 D\u00fcnya Kupas\u0131 sonras\u0131 Almanya Ulusal Tak\u0131m\u0131\u2019n\u0131 b\u0131rakt\u0131\u011f\u0131n\u0131 a\u00e7\u0131klam\u0131\u015ft\u0131. Bu karar\u0131n, Almanya&#8217;daki futbolseverlerin ve medyan\u0131n kendisine y\u00f6nelik tenkitleri sonras\u0131 al\u0131nd\u0131\u011f\u0131 belirtilmi\u015fti. Cumhurba\u015fkan\u0131 Erdo\u011fan, \u00d6zil\u2019in bu karar\u0131 i\u00e7in &#8220;Son derece yerli ve millidir&#8221; yorumunu yapm\u0131\u015ft\u0131.<\/p>\n<p>Futbolu b\u0131rakt\u0131ktan sonra i\u015f d\u00fcnyas\u0131na y\u00f6nelen Mesut \u00d6zil, ticaret ve toplumsal projelere y\u00fck veriyor. T\u00fcrkiye\u2019de bir\u00e7ok aktiflikte yer alan eski futbolcu, Erdo\u011fan\u2019a olan yak\u0131nl\u0131\u011f\u0131yla da s\u0131k s\u0131k g\u00fcndeme geliyor.<\/p>\n","protected":false},"excerpt":{"rendered":"<p>Cumhurba\u015fkan\u0131 Recep Tayyip Erdo\u011fan, E\u011fitim K\u00fclliyesi\u2019nin a\u00e7\u0131l\u0131\u015f\u0131na kat\u0131lan eski futbolcu Mesut \u00d6zil&#8217;e kurdele kesilirken tak\u0131ld\u0131. Erdo\u011fan&#8217;\u0131n &#8220;Ulan o\u011flum sen de \u00e7ok utanga\u00e7s\u0131n&#8221; tabirleri g\u00fcndem oldu.<\/p>\n","protected":false},"author":1,"featured_media":26826,"comment_status":"open","ping_status":"open","sticky":false,"template":"","format":"standard","meta":{"footnotes":""},"categories":[30],"tags":[306,1052,4711],"class_list":["post-26825","post","type-post","status-publish","format-standard","has-post-thumbnail","hentry","category-spor","tag-erdogan","tag-futbol","tag-ozil"],"_links":{"self":[{"href":"https:\/\/ikimisli.tr\/index.php\/wp-json\/wp\/v2\/posts\/26825","targetHints":{"allow":["GET"]}}],"collection":[{"href":"https:\/\/ikimisli.tr\/index.php\/wp-json\/wp\/v2\/posts"}],"about":[{"href":"https:\/\/ikimisli.tr\/index.php\/wp-json\/wp\/v2\/types\/post"}],"author":[{"embeddable":true,"href":"https:\/\/ikimisli.tr\/index.php\/wp-json\/wp\/v2\/users\/1"}],"replies":[{"embeddable":true,"href":"https:\/\/ikimisli.tr\/index.php\/wp-json\/wp\/v2\/comments?post=26825"}],"version-history":[{"count":1,"href":"https:\/\/ikimisli.tr\/index.php\/wp-json\/wp\/v2\/posts\/26825\/revisions"}],"predecessor-version":[{"id":26827,"href":"https:\/\/ikimisli.tr\/index.php\/wp-json\/wp\/v2\/posts\/26825\/revisions\/26827"}],"wp:featuredmedia":[{"embeddable":true,"href":"https:\/\/ikimisli.tr\/index.php\/wp-json\/wp\/v2\/media\/26826"}],"wp:attachment":[{"href":"https:\/\/ikimisli.tr\/index.php\/wp-json\/wp\/v2\/media?parent=26825"}],"wp:term":[{"taxonomy":"category","embeddable":true,"href":"https:\/\/ikimisli.tr\/index.php\/wp-json\/wp\/v2\/categories?post=26825"},{"taxonomy":"post_tag","embeddable":true,"href":"https:\/\/ikimisli.tr\/index.php\/wp-json\/wp\/v2\/tags?post=26825"}],"curies":[{"name":"wp","href":"https:\/\/api.w.org\/{rel}","templated":true}]}}