{"id":26840,"date":"2025-04-15T07:48:07","date_gmt":"2025-04-15T07:48:07","guid":{"rendered":"https:\/\/ikimisli.tr\/?p=26840"},"modified":"2025-04-15T07:48:07","modified_gmt":"2025-04-15T07:48:07","slug":"baris-pehlivan-ve-kursad-oguz-hakkindaki-tutuklamaya-yonelik-itiraz-reddedildi","status":"publish","type":"post","link":"https:\/\/ikimisli.tr\/index.php\/2025\/04\/15\/baris-pehlivan-ve-kursad-oguz-hakkindaki-tutuklamaya-yonelik-itiraz-reddedildi\/","title":{"rendered":"Bar\u0131\u015f Pehlivan ve K\u00fcr\u015fad O\u011fuz hakk\u0131ndaki tutuklamaya y\u00f6nelik itiraz reddedildi"},"content":{"rendered":"<p>Halk TV Genel Yay\u0131n Y\u00f6netmeni Suat Tokta\u015f&#8217;\u0131n tutuklanmas\u0131yla sonu\u00e7lanan &#8220;bilirki\u015fi soru\u015fturmas\u0131&#8221; kapsam\u0131nda isimli denetimle \u00f6zg\u00fcr b\u0131rak\u0131lan gazeteciler Bar\u0131\u015f Pehlivan ve K\u00fcr\u015fad O\u011fuz hakk\u0131nda savc\u0131l\u0131\u011f\u0131n tutuklamaya y\u00f6nelik yakalama buyru\u011fu d\u00fczenlenmesi talebi, \u0130stanbul N\u00f6bet\u00e7i Asliye Ceza Mahkemesi taraf\u0131ndan reddedildi.\u00a0<\/p>\n<p>Bar\u0131\u015f Pehlivan&#8217;\u0131n avukat\u0131 H\u00fcseyin Ers\u00f6z&#8217;\u00fcn verdi\u011fi bilgiye nazaran, Savc\u0131l\u0131k, Bar\u0131\u015f Pehlivan ve K\u00fcr\u015fad O\u011fuz hakk\u0131nda tutuklamaya y\u00f6nelik yakalama buyru\u011fu d\u00fczenlenmesi talebiyle mahkemeye ba\u015fvurdu. \u0130stanbul N\u00f6bet\u00e7i Asliye Ceza Mahkemesi, \u0130stanbul 5. Sulh Ceza Mahkemesi&#8217;nin karar\u0131n\u0131n &#8220;\u00f6l\u00e7\u00fcl\u00fc ve orant\u0131l\u0131&#8221; oldu\u011funu vurgulayarak talebi reddetti.\u00a0<\/p>\n<p>Avukat H\u00fcseyin Ers\u00f6z, &#8220;Bar\u0131\u015f Pehlivan hakk\u0131nda uygulanan isimli denetim \u00f6nlemine de \u00f6n\u00fcm\u00fczdeki g\u00fcnlerde bizler itiraz edece\u011fiz. Yaln\u0131zca gazetecilik faaliyetinden \u00f6t\u00fcr\u00fc, gazeteciler hakk\u0131nda \u00f6zg\u00fcrl\u00fck k\u0131s\u0131tlay\u0131c\u0131 \u00f6nlemler uygulanmas\u0131, orant\u0131s\u0131z bir m\u00fcdahaledir ve s\u00f6z h\u00fcrriyetinin ihlalidir&#8221; a\u00e7\u0131klamas\u0131n\u0131 yapt\u0131.\u00a0<\/p>\n<p><b>NE OLMU\u015eTU?<\/b><\/p>\n<p>\u0130stanbul B\u00fcy\u00fck\u015fehir Belediye Ba\u015fkan\u0131 Ekrem \u0130mamo\u011flu&#8217;nun bas\u0131n a\u00e7\u0131klamas\u0131nda ismi ge\u00e7en bir uzman ile ilgili yay\u0131nlad\u0131klar\u0131 televizyon haberi nedeniyle 5 gazeteci ge\u00e7en hafta g\u00f6zalt\u0131na al\u0131nm\u0131\u015ft\u0131. Gazetecilerden Serhan Asker ile Seda Selek savc\u0131l\u0131k tabirlerinin akabinde isimli denetimle \u00f6zg\u00fcr b\u0131rak\u0131l\u0131rken, tutuklama istemiyle hakimli\u011fe sevk edilen Bar\u0131\u015f Pehlivan ile K\u00fcr\u015fad O\u011fuz da hakim taraf\u0131ndan isimli denetimle \u00f6zg\u00fcr b\u0131rak\u0131lm\u0131\u015ft\u0131. Hakimlik, haberin gazetecilik kurallar\u0131 \u00e7er\u00e7evesinde yay\u0131nland\u0131\u011f\u0131n\u0131 belirterek sorumlulu\u011fu \u00fcstlenen Halk TV Genel Yay\u0131n Y\u00f6netmeni Suat Tokta\u015f hakk\u0131nda ise \u00a0tutuklama karar\u0131 vermi\u015fti.<\/p>\n","protected":false},"excerpt":{"rendered":"<p>\u0130BB Ba\u015fkan\u0131 \u0130mamo\u011flu&#8217;nun bas\u0131n a\u00e7\u0131klamas\u0131nda ismini verdi\u011fi uzmanla yap\u0131lan ses kayd\u0131n\u0131 yay\u0131mlad\u0131\u011f\u0131 gerek\u00e7esiyle haklar\u0131nda soru\u015fturma ba\u015flat\u0131lan gazeteci Bar\u0131\u015f Pehlivan ve K\u00fcr\u015fad O\u011fuz hakk\u0131ndaki tutuklamaya y\u00f6nelik itiraz reddedildi.<\/p>\n","protected":false},"author":1,"featured_media":26841,"comment_status":"open","ping_status":"open","sticky":false,"template":"","format":"standard","meta":{"footnotes":""},"categories":[25],"tags":[4712,1672,1334],"class_list":["post-26840","post","type-post","status-publish","format-standard","has-post-thumbnail","hentry","category-gundem","tag-baris-pehlivan","tag-gazeteci","tag-hakkinda"],"_links":{"self":[{"href":"https:\/\/ikimisli.tr\/index.php\/wp-json\/wp\/v2\/posts\/26840","targetHints":{"allow":["GET"]}}],"collection":[{"href":"https:\/\/ikimisli.tr\/index.php\/wp-json\/wp\/v2\/posts"}],"about":[{"href":"https:\/\/ikimisli.tr\/index.php\/wp-json\/wp\/v2\/types\/post"}],"author":[{"embeddable":true,"href":"https:\/\/ikimisli.tr\/index.php\/wp-json\/wp\/v2\/users\/1"}],"replies":[{"embeddable":true,"href":"https:\/\/ikimisli.tr\/index.php\/wp-json\/wp\/v2\/comments?post=26840"}],"version-history":[{"count":1,"href":"https:\/\/ikimisli.tr\/index.php\/wp-json\/wp\/v2\/posts\/26840\/revisions"}],"predecessor-version":[{"id":26842,"href":"https:\/\/ikimisli.tr\/index.php\/wp-json\/wp\/v2\/posts\/26840\/revisions\/26842"}],"wp:featuredmedia":[{"embeddable":true,"href":"https:\/\/ikimisli.tr\/index.php\/wp-json\/wp\/v2\/media\/26841"}],"wp:attachment":[{"href":"https:\/\/ikimisli.tr\/index.php\/wp-json\/wp\/v2\/media?parent=26840"}],"wp:term":[{"taxonomy":"category","embeddable":true,"href":"https:\/\/ikimisli.tr\/index.php\/wp-json\/wp\/v2\/categories?post=26840"},{"taxonomy":"post_tag","embeddable":true,"href":"https:\/\/ikimisli.tr\/index.php\/wp-json\/wp\/v2\/tags?post=26840"}],"curies":[{"name":"wp","href":"https:\/\/api.w.org\/{rel}","templated":true}]}}