{"id":26928,"date":"2025-04-15T14:36:26","date_gmt":"2025-04-15T14:36:26","guid":{"rendered":"https:\/\/ikimisli.tr\/?p=26928"},"modified":"2025-04-15T14:36:26","modified_gmt":"2025-04-15T14:36:26","slug":"chpli-belediye-akp-donemindeki-uygulamaya-son-verdi-cami-tuvaletleri-artik-ucretsiz","status":"publish","type":"post","link":"https:\/\/ikimisli.tr\/index.php\/2025\/04\/15\/chpli-belediye-akp-donemindeki-uygulamaya-son-verdi-cami-tuvaletleri-artik-ucretsiz\/","title":{"rendered":"CHP\u2019li belediye AKP d\u00f6nemindeki uygulamaya son verdi: Cami tuvaletleri art\u0131k \u00fccretsiz"},"content":{"rendered":"<p>31 Mart yerel se\u00e7imlerinde AKP\u2019den CHP\u2019ye Konya\u2019n\u0131n Seydi\u015fehir \u0130l\u00e7e Belediyesi Seyyid Harun Cami b\u00f6lgesinde bulunan tuvalet ile Muallimhane Cami etraf\u0131nda bulunan tuvaletleri fiyats\u0131z yapt\u0131.<\/p>\n<p><b>CAM\u0130 ETRAFINDAK\u0130 TUVALETLER ARTIK \u00dcCRETS\u0130Z<\/b><\/p>\n<p>CHP\u2019li Belediye Ba\u015fkan\u0131 Hasan Ustao\u011flu, AKP periyodunda fiyatl\u0131 olan Seyyid Harun Cami b\u00f6lgesinde bulunan tuvalet ile Muallimhane Cami etraf\u0131nda bulunan tuvaletleri fiyats\u0131z yapt\u0131.<\/p>\n<p><b>TEM\u0130ZL\u0130K \u0130\u015eLER\u0130 BELED\u0130YE \u0130\u015e\u00c7\u0130S\u0130 TARAFINDAN YAPILACAK<\/b><\/p>\n<p>Ba\u015fkan Ustao\u011flu, vatanda\u015flar\u0131n istek ve talepleri do\u011frultusunda bu t\u00fcrl\u00fc bir karar ald\u0131klar\u0131n\u0131 tabir etti.<\/p>\n<p>Sosyal Belediyecilik manas\u0131nda bir\u00e7ok farkl\u0131 noktada \u00e7al\u0131\u015fmalar ger\u00e7ekle\u015ftirdiklerini ve vatanda\u015flar\u0131n istek, talep, g\u00f6r\u00fc\u015f ve tekliflerinin de\u011ferli oldu\u011funu kaydeden Lider Ustao\u011flu; \u201c\u015eehir merkezinde belirledi\u011fimiz Seyyid Harun Cami b\u00f6lgesindeki ve Muallimhane cami tuvaletleri art\u0131k fiyats\u0131z olarak vatanda\u015flara hizmet verecek. G\u00f6revlendirdi\u011fimiz \u00e7al\u0131\u015fan\u0131m\u0131z pakl\u0131\u011f\u0131n\u0131 ve bak\u0131m\u0131n\u0131 ger\u00e7ekle\u015ftirecek. Belediyeler, halka hizmet etmek i\u00e7in vard\u0131r. \u00d6zel b\u00f6l\u00fcm taraf\u0131ndan i\u015fletilen cami tuvaletlerinin belediye b\u00fcnyesine al\u0131nmas\u0131n\u0131n akabinde, t\u00fcm pakl\u0131k s\u00fcre\u00e7leri Seydi\u015fehir Belediyesi gruplar\u0131 taraf\u0131ndan nizaml\u0131 olarak yap\u0131lacak\u201d tabirlerini kulland\u0131.<\/p>\n","protected":false},"excerpt":{"rendered":"<p>31 Mart yerel se\u00e7imlerinde Konya\u2019n\u0131n Seydi\u015fehir \u0130l\u00e7e Belediyesi AKP\u2019den CHP\u2019ye ge\u00e7ti. CHP&#8217;ye ge\u00e7en belediyede cami tuvaletleri i\u00e7in yeni karar al\u0131nd\u0131.<\/p>\n","protected":false},"author":1,"featured_media":26929,"comment_status":"open","ping_status":"open","sticky":false,"template":"","format":"standard","meta":{"footnotes":""},"categories":[25],"tags":[40,459,364],"class_list":["post-26928","post","type-post","status-publish","format-standard","has-post-thumbnail","hentry","category-gundem","tag-belediye","tag-cami","tag-tuvalet"],"_links":{"self":[{"href":"https:\/\/ikimisli.tr\/index.php\/wp-json\/wp\/v2\/posts\/26928","targetHints":{"allow":["GET"]}}],"collection":[{"href":"https:\/\/ikimisli.tr\/index.php\/wp-json\/wp\/v2\/posts"}],"about":[{"href":"https:\/\/ikimisli.tr\/index.php\/wp-json\/wp\/v2\/types\/post"}],"author":[{"embeddable":true,"href":"https:\/\/ikimisli.tr\/index.php\/wp-json\/wp\/v2\/users\/1"}],"replies":[{"embeddable":true,"href":"https:\/\/ikimisli.tr\/index.php\/wp-json\/wp\/v2\/comments?post=26928"}],"version-history":[{"count":1,"href":"https:\/\/ikimisli.tr\/index.php\/wp-json\/wp\/v2\/posts\/26928\/revisions"}],"predecessor-version":[{"id":26930,"href":"https:\/\/ikimisli.tr\/index.php\/wp-json\/wp\/v2\/posts\/26928\/revisions\/26930"}],"wp:featuredmedia":[{"embeddable":true,"href":"https:\/\/ikimisli.tr\/index.php\/wp-json\/wp\/v2\/media\/26929"}],"wp:attachment":[{"href":"https:\/\/ikimisli.tr\/index.php\/wp-json\/wp\/v2\/media?parent=26928"}],"wp:term":[{"taxonomy":"category","embeddable":true,"href":"https:\/\/ikimisli.tr\/index.php\/wp-json\/wp\/v2\/categories?post=26928"},{"taxonomy":"post_tag","embeddable":true,"href":"https:\/\/ikimisli.tr\/index.php\/wp-json\/wp\/v2\/tags?post=26928"}],"curies":[{"name":"wp","href":"https:\/\/api.w.org\/{rel}","templated":true}]}}