{"id":26931,"date":"2025-04-15T14:48:08","date_gmt":"2025-04-15T14:48:08","guid":{"rendered":"https:\/\/ikimisli.tr\/?p=26931"},"modified":"2025-04-15T14:48:08","modified_gmt":"2025-04-15T14:48:08","slug":"kaymakamlik-duyurdu-ilcede-15-gun-karantina-uygulanacak","status":"publish","type":"post","link":"https:\/\/ikimisli.tr\/index.php\/2025\/04\/15\/kaymakamlik-duyurdu-ilcede-15-gun-karantina-uygulanacak\/","title":{"rendered":"Kaymakaml\u0131k duyurdu: \u0130l\u00e7ede 15 g\u00fcn karantina uygulanacak"},"content":{"rendered":"<p>\u00c7emi\u015fgezek Kaymakaml\u0131\u011f\u0131&#8217;ndan yap\u0131lan a\u00e7\u0131klamada, etraf vilayet ve il\u00e7elerde \u015fap hastal\u0131\u011f\u0131n\u0131n g\u00f6r\u00fcld\u00fc\u011f\u00fc belirtildi.<\/p>\n<p><b>15 G\u00dcN KARANT\u0130NA UYGULANACAK<\/b><\/p>\n<p>Hastal\u0131\u011f\u0131n yay\u0131lmamas\u0131 i\u00e7in \u00e7al\u0131\u015fmalar yap\u0131ld\u0131\u011f\u0131 s\u00f6z edilen a\u00e7\u0131klamada, &#8220;\u0130l\u00e7e Tar\u0131m ve Orman M\u00fcd\u00fcrl\u00fc\u011f\u00fcm\u00fcz, \u00fcreticilerimiz ve muhtarlar\u0131m\u0131zla ger\u00e7ekle\u015ftirilen isti\u015fare sonucunda \u00c7emi\u015fgezek il\u00e7emiz genelinde \u00f6nlem gayeli olarak 4-18 \u015eubat tarihleri ortas\u0131nda 15 g\u00fcn m\u00fchletle karantina uygulamas\u0131 ba\u015flat\u0131lm\u0131\u015ft\u0131r&#8221; denildi.<\/p>\n<p><img decoding=\"async\" src=\"https:\/\/ikimisli.tr\/wp-content\/uploads\/2025\/04\/kaymakamlik-duyurdu-ilcede-15-gun-karantina-uygulanacak-0-CVEISlAM.jpg\"\/><\/p>\n<p><b>\u015eAP HASTALI\u011eI NED\u0130R?<\/b><\/p>\n<p>\u015eap hastal\u0131\u011f\u0131, \u00e7ift toynakl\u0131 hayvanlarda g\u00f6r\u00fclen hayli bula\u015f\u0131c\u0131 bir viral hastal\u0131kt\u0131r. Bu hastal\u0131k, inek, domuz, koyun, ke\u00e7i ve geyik \u00fczere hayvanlar\u0131 tesirler. \u015eap hastal\u0131\u011f\u0131, hayvanlar\u0131n ayaklar\u0131nda ve a\u011f\u0131zlar\u0131nda \u00f6nemli yaralara neden olur ve \u00e7oklukla \u00fcretim kay\u0131plar\u0131na yol a\u00e7ar.<\/p>\n<p>Hastal\u0131\u011f\u0131n belirtileri ortas\u0131nda ate\u015f, lisan ve dudaklarda, a\u011f\u0131zda, g\u00f6\u011f\u00fcs u\u00e7lar\u0131nda ve toynaklar\u0131n ortas\u0131nda kabarc\u0131k gibisi yaralar bulunur. Bu kabarc\u0131klar patlad\u0131\u011f\u0131nda, hayvanlarda a\u011fr\u0131 ve rahats\u0131zl\u0131k yarat\u0131r. Ayr\u0131yeten, enfekte hayvanlarda \u00e7ok t\u00fck\u00fcr\u00fck, i\u015ftah kayb\u0131, topall\u0131k ve hareket etme isteksizli\u011fi \u00fczere belirtiler de g\u00f6r\u00fclebilir.<\/p>\n<p>\u015eap hastal\u0131\u011f\u0131, Picornaviridae ailesine ili\u015fkin Aphtovirus tipinden kaynaklan\u0131r ve s\u00fcratli yay\u0131lma potansiyeli nedeniyle memleketler aras\u0131 ticaret ve hayvanc\u0131l\u0131k \u00fczerinde b\u00fcy\u00fck bir tehdit olu\u015fturur. Hastal\u0131\u011f\u0131n yay\u0131lmas\u0131n\u0131 \u00f6nlemek i\u00e7in s\u0131k\u0131 karantina tedbirleri ve a\u015f\u0131lamalar gereklidir.<\/p>\n","protected":false},"excerpt":{"rendered":"<p>Tunceli&#8217;nin \u00c7emi\u015fgezek il\u00e7esinde \u015fap hastal\u0131\u011f\u0131 nedeniyle 15 g\u00fcn m\u00fcddetle karantina uygulamas\u0131 ba\u015flat\u0131ld\u0131.<\/p>\n","protected":false},"author":1,"featured_media":26932,"comment_status":"open","ping_status":"open","sticky":false,"template":"","format":"standard","meta":{"footnotes":""},"categories":[25],"tags":[4718],"class_list":["post-26931","post","type-post","status-publish","format-standard","has-post-thumbnail","hentry","category-gundem","tag-sap-hastaligi"],"_links":{"self":[{"href":"https:\/\/ikimisli.tr\/index.php\/wp-json\/wp\/v2\/posts\/26931","targetHints":{"allow":["GET"]}}],"collection":[{"href":"https:\/\/ikimisli.tr\/index.php\/wp-json\/wp\/v2\/posts"}],"about":[{"href":"https:\/\/ikimisli.tr\/index.php\/wp-json\/wp\/v2\/types\/post"}],"author":[{"embeddable":true,"href":"https:\/\/ikimisli.tr\/index.php\/wp-json\/wp\/v2\/users\/1"}],"replies":[{"embeddable":true,"href":"https:\/\/ikimisli.tr\/index.php\/wp-json\/wp\/v2\/comments?post=26931"}],"version-history":[{"count":1,"href":"https:\/\/ikimisli.tr\/index.php\/wp-json\/wp\/v2\/posts\/26931\/revisions"}],"predecessor-version":[{"id":26934,"href":"https:\/\/ikimisli.tr\/index.php\/wp-json\/wp\/v2\/posts\/26931\/revisions\/26934"}],"wp:featuredmedia":[{"embeddable":true,"href":"https:\/\/ikimisli.tr\/index.php\/wp-json\/wp\/v2\/media\/26932"}],"wp:attachment":[{"href":"https:\/\/ikimisli.tr\/index.php\/wp-json\/wp\/v2\/media?parent=26931"}],"wp:term":[{"taxonomy":"category","embeddable":true,"href":"https:\/\/ikimisli.tr\/index.php\/wp-json\/wp\/v2\/categories?post=26931"},{"taxonomy":"post_tag","embeddable":true,"href":"https:\/\/ikimisli.tr\/index.php\/wp-json\/wp\/v2\/tags?post=26931"}],"curies":[{"name":"wp","href":"https:\/\/api.w.org\/{rel}","templated":true}]}}