{"id":26988,"date":"2025-04-15T19:24:05","date_gmt":"2025-04-15T19:24:05","guid":{"rendered":"https:\/\/ikimisli.tr\/?p=26988"},"modified":"2025-04-15T19:24:05","modified_gmt":"2025-04-15T19:24:05","slug":"kulak-iltihabi-icin-hastaneye-gitti-hayatinin-sokunu-yasadi","status":"publish","type":"post","link":"https:\/\/ikimisli.tr\/index.php\/2025\/04\/15\/kulak-iltihabi-icin-hastaneye-gitti-hayatinin-sokunu-yasadi\/","title":{"rendered":"&#8216;Kulak iltihab\u0131&#8217; i\u00e7in hastaneye gitti, hayat\u0131n\u0131n \u015fokunu ya\u015fad\u0131"},"content":{"rendered":"<p>Yakla\u015f\u0131k iki haftad\u0131r ba\u015f\u0131nda ve sol kula\u011f\u0131nda a\u011fr\u0131 hisseden Tradie, a\u011fr\u0131lar\u0131 hafifletmek i\u00e7in mikroemme prosed\u00fcr\u00fcn\u00fc uygulamaya ba\u015flad\u0131.<\/p>\n<p>Ancak a\u011fr\u0131lar giderek \u015fiddetlendi ve kulland\u0131\u011f\u0131 antibiyotikler etkisiz kald\u0131.<\/p>\n<p><b>&#8216;KARISI ISRAR ETT\u0130<\/b><\/p>\n<p>E\u015finin \u0131srar\u0131 \u00fczerine acil servise giden Tradie&#8217;nin durumu s\u00fcratle berbatla\u015ft\u0131. Y\u00fcz\u00fcn\u00fcn bir taraf\u0131nda ani bir sarkma g\u00f6zlemlenen Tradie, s\u0131hhat vazifelileri taraf\u0131ndan m\u00fc\u015fahade alt\u0131na al\u0131nd\u0131. Yap\u0131lan tetkikler sonucunda a\u011fr\u0131lar\u0131n sebebinin kulak enfeksiyonu de\u011fil, beynin y\u00fczeyinde kanamaya yol a\u00e7arak \u00f6l\u00fcmc\u00fcl sonu\u00e7lar do\u011furabilen ender bir inme \u00e7e\u015fidi olan subaraknoid kanama oldu\u011fu ortaya \u00e7\u0131kt\u0131.<\/p>\n<p><b>&#8216;\u00c7OCUKLARIM BUNU YA\u015eAMASIN&#8217;<\/b><\/p>\n<p>Beyin kanamas\u0131 te\u015fhisi konmas\u0131n\u0131n akabinde b\u00fcy\u00fck bir \u015fok ya\u015fayan Tradie, annesinin de 42 ya\u015f\u0131nda beyin anevrizmas\u0131 nedeniyle hayat\u0131n\u0131 kaybetti\u011fini belirterek, &#8220;Ayn\u0131 mukadderat\u0131 payla\u015fmaktan korkuyorum, lakin bilhassa \u00e7ocuklar\u0131m\u0131n da benim ya\u015fad\u0131\u011f\u0131m travmay\u0131 ya\u015fama ihtimali beni \u00fcrk\u00fct\u00fcyor&#8221; dedi.<\/p>\n<p>E\u015fi kendisini hastaneye gitmeye zorlamam\u0131\u015f olsayd\u0131 hayat\u0131n\u0131 kaybedebilece\u011fini vurgulayan Tradie, benzeri belirtilere sahip olan \u015fah\u0131slara seslenerek, &#8220;Kimsenin sizi ge\u00e7i\u015ftirmesine m\u00fcsaade vermeyin. \u015eayet belirtileriniz varsa \u0131srarc\u0131 olun ve gerekli testleri talep edin. Bu herkesin ba\u015f\u0131na gelebilir&#8221; diyerek erken te\u015fhisin de\u011ferine dikkat \u00e7ekti.<\/p>\n<p>Ge\u00e7ti\u011fimiz pazartesi g\u00fcn\u00fc ameliyat edilen Tradie&#8217;nin tedavisinin devam etti\u011fi ve tabiplerin bundan sonra izlenecek olan s\u00fcre\u00e7 i\u00e7in karar vermeye \u00e7al\u0131\u015ft\u0131\u011f\u0131 belirtiliyor.<\/p>\n","protected":false},"excerpt":{"rendered":"<p>Galler&#8217;in Swansea kentinde ya\u015fayan 36 ya\u015f\u0131ndaki Adam Tradie, kolay bir enfeksiyon sand\u0131\u011f\u0131 kulak a\u011fr\u0131s\u0131 nedeniyle doktora gitmesinin akabinde beyin kanamas\u0131 ge\u00e7irdi\u011fini \u00f6\u011frendi.<\/p>\n","protected":false},"author":1,"featured_media":26989,"comment_status":"open","ping_status":"open","sticky":false,"template":"","format":"standard","meta":{"footnotes":""},"categories":[43],"tags":[],"class_list":["post-26988","post","type-post","status-publish","format-standard","has-post-thumbnail","hentry","category-dunya"],"_links":{"self":[{"href":"https:\/\/ikimisli.tr\/index.php\/wp-json\/wp\/v2\/posts\/26988","targetHints":{"allow":["GET"]}}],"collection":[{"href":"https:\/\/ikimisli.tr\/index.php\/wp-json\/wp\/v2\/posts"}],"about":[{"href":"https:\/\/ikimisli.tr\/index.php\/wp-json\/wp\/v2\/types\/post"}],"author":[{"embeddable":true,"href":"https:\/\/ikimisli.tr\/index.php\/wp-json\/wp\/v2\/users\/1"}],"replies":[{"embeddable":true,"href":"https:\/\/ikimisli.tr\/index.php\/wp-json\/wp\/v2\/comments?post=26988"}],"version-history":[{"count":1,"href":"https:\/\/ikimisli.tr\/index.php\/wp-json\/wp\/v2\/posts\/26988\/revisions"}],"predecessor-version":[{"id":26990,"href":"https:\/\/ikimisli.tr\/index.php\/wp-json\/wp\/v2\/posts\/26988\/revisions\/26990"}],"wp:featuredmedia":[{"embeddable":true,"href":"https:\/\/ikimisli.tr\/index.php\/wp-json\/wp\/v2\/media\/26989"}],"wp:attachment":[{"href":"https:\/\/ikimisli.tr\/index.php\/wp-json\/wp\/v2\/media?parent=26988"}],"wp:term":[{"taxonomy":"category","embeddable":true,"href":"https:\/\/ikimisli.tr\/index.php\/wp-json\/wp\/v2\/categories?post=26988"},{"taxonomy":"post_tag","embeddable":true,"href":"https:\/\/ikimisli.tr\/index.php\/wp-json\/wp\/v2\/tags?post=26988"}],"curies":[{"name":"wp","href":"https:\/\/api.w.org\/{rel}","templated":true}]}}