{"id":27057,"date":"2025-04-16T00:36:06","date_gmt":"2025-04-16T00:36:06","guid":{"rendered":"https:\/\/ikimisli.tr\/?p=27057"},"modified":"2025-04-16T00:36:06","modified_gmt":"2025-04-16T00:36:06","slug":"genclerbirligi-doludizgin","status":"publish","type":"post","link":"https:\/\/ikimisli.tr\/index.php\/2025\/04\/16\/genclerbirligi-doludizgin\/","title":{"rendered":"Gen\u00e7lerbirli\u011fi doludizgin"},"content":{"rendered":"<p>Ba\u015fkent tak\u0131m\u0131 Gen\u00e7lerbirli\u011fi, Trendyol 1. Lig&#8217;in 22\u2019nci hafta u\u011fra\u015f\u0131nda konuk etti\u011fi I\u011fd\u0131r FK&#8217;y\u0131 2-0 yenerek, ligde \u00fcst \u00fcste 4\u2019\u00fcnc\u00fc galibiyetini elde etti.<\/p>\n<p>Ba\u015fkent grubu, son 4 haftada elde etti\u011fi galibiyetlerden 12 puan toplad\u0131. 5 ma\u00e7ta 1 beraberli\u011fi bulunan k\u0131rm\u0131z\u0131-siyahl\u0131 grup, 1. Lig\u2019in 22\u2019nci haftas\u0131n\u0131 36 puanla 4\u2019\u00fcnc\u00fc s\u0131rada kapatt\u0131.<\/p>\n<p>K\u0131rm\u0131z\u0131-siyahl\u0131 tak\u0131m yeni hocas\u0131 H\u00fcseyin Ero\u011flu idaresinde \u00e7\u0131kt\u0131\u011f\u0131 5 ma\u00e7ta 1 beraberlik ve 4 galibiyet alarak 13 puan toplad\u0131. Gen\u00e7lerbirli\u011fi, bu s\u00fcre\u00e7te kalesini de gole kapatt\u0131. K\u0131rm\u0131z\u0131-siyahl\u0131lar, Ero\u011flu idaresinde \u00e7\u0131kt\u0131\u011f\u0131 birinci ma\u00e7\u0131nda Sakaryaspor ile deplasmanda gols\u00fcz berabere kald\u0131. Daha sonra Yeni Malatyaspor&#8217;u 3-0 ma\u011flup eden Gen\u00e7lerbirli\u011fi, 20\u2019nci haftada \u00f6nder Kocaelispor&#8217;u Ba\u015fkentte 1-0 yendi. Boluspor deplasman\u0131ndan 2-0&#8217;l\u0131k galibiyetle d\u00f6nen Ba\u015f\u015fehir tak\u0131m\u0131, play-off s\u0131n\u0131r\u0131na girmeyi ba\u015fard\u0131. Gen\u00e7lerbirli\u011fi 22\u2019nci haftada oynad\u0131\u011f\u0131 I\u011fd\u0131r FK&#8217;y\u0131 da t\u0131pk\u0131 skorla ma\u011flup ederek dikkatleri \u00fczerine \u00e7ekti. Ba\u015f\u015fehir tak\u0131m\u0131 son 5 ma\u00e7ta rakip fileleri 8 sefer havaland\u0131r\u0131rken, kalesinde ise gol g\u00f6rmedi.<\/p>\n<p>Ligde 4\u2019\u00fcnc\u00fc s\u0131raya y\u00fckselen Gen\u00e7lerbirli\u011fi, 23\u2019\u00fcnc\u00fc hafta gayretinde 7 \u015eubat Cuma g\u00fcn\u00fc Esenler Erokspor&#8217;u a\u011f\u0131rlayacak.<\/p>\n","protected":false},"excerpt":{"rendered":"<p>Gen\u00e7lerbirli\u011fi, 1. Lig&#8217;de oynad\u0131\u011f\u0131 son 4 ma\u00e7tan galibiyetle ayr\u0131lmay\u0131 ba\u015fard\u0131.<\/p>\n","protected":false},"author":1,"featured_media":27058,"comment_status":"open","ping_status":"open","sticky":false,"template":"","format":"standard","meta":{"footnotes":""},"categories":[30],"tags":[4729,4513],"class_list":["post-27057","post","type-post","status-publish","format-standard","has-post-thumbnail","hentry","category-spor","tag-baskent","tag-genclerbirligi"],"_links":{"self":[{"href":"https:\/\/ikimisli.tr\/index.php\/wp-json\/wp\/v2\/posts\/27057","targetHints":{"allow":["GET"]}}],"collection":[{"href":"https:\/\/ikimisli.tr\/index.php\/wp-json\/wp\/v2\/posts"}],"about":[{"href":"https:\/\/ikimisli.tr\/index.php\/wp-json\/wp\/v2\/types\/post"}],"author":[{"embeddable":true,"href":"https:\/\/ikimisli.tr\/index.php\/wp-json\/wp\/v2\/users\/1"}],"replies":[{"embeddable":true,"href":"https:\/\/ikimisli.tr\/index.php\/wp-json\/wp\/v2\/comments?post=27057"}],"version-history":[{"count":1,"href":"https:\/\/ikimisli.tr\/index.php\/wp-json\/wp\/v2\/posts\/27057\/revisions"}],"predecessor-version":[{"id":27059,"href":"https:\/\/ikimisli.tr\/index.php\/wp-json\/wp\/v2\/posts\/27057\/revisions\/27059"}],"wp:featuredmedia":[{"embeddable":true,"href":"https:\/\/ikimisli.tr\/index.php\/wp-json\/wp\/v2\/media\/27058"}],"wp:attachment":[{"href":"https:\/\/ikimisli.tr\/index.php\/wp-json\/wp\/v2\/media?parent=27057"}],"wp:term":[{"taxonomy":"category","embeddable":true,"href":"https:\/\/ikimisli.tr\/index.php\/wp-json\/wp\/v2\/categories?post=27057"},{"taxonomy":"post_tag","embeddable":true,"href":"https:\/\/ikimisli.tr\/index.php\/wp-json\/wp\/v2\/tags?post=27057"}],"curies":[{"name":"wp","href":"https:\/\/api.w.org\/{rel}","templated":true}]}}