{"id":27063,"date":"2025-04-16T01:12:07","date_gmt":"2025-04-16T01:12:07","guid":{"rendered":"https:\/\/ikimisli.tr\/?p=27063"},"modified":"2025-04-16T01:12:07","modified_gmt":"2025-04-16T01:12:07","slug":"fenerbahcede-golculer-yine-galibiyeti-getirdi","status":"publish","type":"post","link":"https:\/\/ikimisli.tr\/index.php\/2025\/04\/16\/fenerbahcede-golculer-yine-galibiyeti-getirdi\/","title":{"rendered":"Fenerbah\u00e7e&#8217;de golc\u00fcler yine galibiyeti getirdi"},"content":{"rendered":"<p>Trendyol Harika Lig\u2019in 22\u2019nci haftas\u0131nda Fenerbah\u00e7e ile \u00c7aykur Rizespor kar\u015f\u0131 kar\u015f\u0131ya geldi. \u00dclker Stadyumu\u2019nda oynanan ma\u00e7ta Fenerbah\u00e7e, 2-0 geriye d\u00fc\u015ft\u00fc\u011f\u00fc ma\u00e7\u0131 45+8 ile 79\u2019uncu dakika Edin Dzeko ve 89\u2019uncu dakikada Youssef En Nesyri\u2019nin att\u0131\u011f\u0131 gollerle 3-2 kazand\u0131.<\/p>\n<p>Puan\u0131n\u0131 51 yapan sar\u0131-lacivertliler, ma\u00e7 ziyadesiyle \u00f6nder Galatasaray ile olan puan fark\u0131n\u0131 3\u2019e indirdi.<\/p>\n<p><b>EDIN DZEKO, L\u0130GDE 12\u2019NC\u0130 GOL\u00dcN\u00dc ATTI<\/b><\/p>\n<p>Fenerbah\u00e7e\u2019nin deneyimli futbolcusu Edin Dzeko, \u00c7aykur Rizespor a\u011flar\u0131n\u0131 2 defa sarsarak galibiyette de\u011ferli rol oynad\u0131. 45+8 ile 79\u2019uncu dakikada topu a\u011flarla bulu\u015fturan Dzeko, bu ma\u00e7\u0131n akabinde ligdeki gol say\u0131s\u0131n\u0131 12 yapt\u0131. Deneyimli futbolcunun 2 tane de asist katk\u0131s\u0131 bulunuyor.<\/p>\n<p><b>EN NESYRI L\u0130GDE 3 MA\u00c7TIR BO\u015e GE\u00c7M\u0130YOR<\/b><\/p>\n<p>Sar\u0131-lacivertli grubun alan\u0131nda konuk etti\u011fi \u00c7aykur Rizespor\u2019u 3-2 yendi\u011fi ma\u00e7ta kadrosunun galibiyet gol\u00fcn\u00fc atan Youssef En Nesyri, son 3 lig ma\u00e7\u0131nda 5\u2019inci defa fileleri havaland\u0131rd\u0131. Fasl\u0131 futbolcu \u00f6nceki 2 lig ma\u00e7\u0131nda Adana Demirspor ve G\u00f6ztepe a\u011flar\u0131na 2\u2019\u015fer gol g\u00f6ndermi\u015fti. \u00d6te yandan En Nesyri, ligde 13 gol ve 4 asistlik performansa ula\u015ft\u0131.<\/p>\n<p><b>FASLI GOLC\u00dc CEZALI DURUMA D\u00dc\u015eT\u00dc<\/b><\/p>\n<p>Fenerbah\u00e7e\u2019nin Fasl\u0131 golc\u00fcs\u00fc Youssef En Nesyri, \u00c7aykur Rizespor ma\u00e7\u0131nda g\u00f6rd\u00fc\u011f\u00fc sar\u0131 kart sebebiyle cezal\u0131 duruma d\u00fc\u015ft\u00fc. 89\u2019uncu dakikada grubunu \u00f6ne ge\u00e7iren gol\u00fc kaydeden En Nesyri, golden sonra formas\u0131n\u0131 \u00e7\u0131kard\u0131. Hakem Burak Pakkan\u2019dan sar\u0131 kart g\u00f6ren En Nesyri, Muhte\u015fem Lig\u2019in 23\u2019\u00fcnc\u00fc haftas\u0131nda deplasmanda Alanyaspor ile oynanacak olan ma\u00e7ta forma giyemeyecek.<\/p>\n<p><b>ANDERSON TALISCA B\u0130R\u0130NC\u0130 KERE SARI-LAC\u0130VERTL\u0130 FORMAYI G\u0130YD\u0130<\/b><\/p>\n<p>Fenerbah\u00e7e\u2019nin k\u0131sa m\u00fcddet evvel tak\u0131m\u0131na katt\u0131\u011f\u0131 Anderson Talisca birinci sefer sar\u0131-lacivertli formay\u0131 giydi. Ma\u00e7a yedek ba\u015flayan Brezilyal\u0131 futbolcu, 61\u2019inci dakikada Levent Mercan\u2019\u0131n yerine oyuna girdi.<\/p>\n<p><b>MILAN SKRINIAR VE DIEGO CARLOS B\u0130R\u0130NC\u0130 KERE 11\u2019DE<\/b><\/p>\n<p>Sar\u0131-lacivertlilerin yeni transferleri Milan Skriniar ve Diego Carlos, \u00c7aykur Rizespor ile oynanan ma\u00e7a birinci 11\u2019de ba\u015flad\u0131. Bu m\u00fcsabaka iki futbolcunun da sar\u0131-lacivertli formayla birinci 11\u2019de ba\u015flad\u0131\u011f\u0131 birinci ma\u00e7 oldu. Milan Skriniar ma\u00e7 tak\u0131m\u0131nda yer ald\u0131\u011f\u0131 birinci m\u00fcsabakaya 11\u2019de ba\u015flarken; Diego Carlos ise G\u00f6ztepe ile oynanan ma\u00e7\u0131n 88\u2019inci dakikas\u0131nda oyuna dahil olmu\u015ftu.<\/p>\n","protected":false},"excerpt":{"rendered":"<p>Fenerbah\u00e7e, Harika Lig\u2019in 22\u2019nci haftas\u0131nda alan\u0131nda a\u011f\u0131rlad\u0131\u011f\u0131 Rizespor\u2019u 3-2 ma\u011flup etti. Edin Dzeko (2) ve Youssef En Nesyri&#8217;nin golleriyle al\u0131nan galibiyetin akabinde puan\u0131n\u0131 51 yapan sar\u0131-lacivertliler, tepe takibini s\u00fcrd\u00fcrd\u00fc.<\/p>\n","protected":false},"author":1,"featured_media":27064,"comment_status":"open","ping_status":"open","sticky":false,"template":"","format":"standard","meta":{"footnotes":""},"categories":[30],"tags":[325,346,484,229,4730],"class_list":["post-27063","post","type-post","status-publish","format-standard","has-post-thumbnail","hentry","category-spor","tag-dakika","tag-gol","tag-lig","tag-mac","tag-sari-lacivertli"],"_links":{"self":[{"href":"https:\/\/ikimisli.tr\/index.php\/wp-json\/wp\/v2\/posts\/27063","targetHints":{"allow":["GET"]}}],"collection":[{"href":"https:\/\/ikimisli.tr\/index.php\/wp-json\/wp\/v2\/posts"}],"about":[{"href":"https:\/\/ikimisli.tr\/index.php\/wp-json\/wp\/v2\/types\/post"}],"author":[{"embeddable":true,"href":"https:\/\/ikimisli.tr\/index.php\/wp-json\/wp\/v2\/users\/1"}],"replies":[{"embeddable":true,"href":"https:\/\/ikimisli.tr\/index.php\/wp-json\/wp\/v2\/comments?post=27063"}],"version-history":[{"count":1,"href":"https:\/\/ikimisli.tr\/index.php\/wp-json\/wp\/v2\/posts\/27063\/revisions"}],"predecessor-version":[{"id":27065,"href":"https:\/\/ikimisli.tr\/index.php\/wp-json\/wp\/v2\/posts\/27063\/revisions\/27065"}],"wp:featuredmedia":[{"embeddable":true,"href":"https:\/\/ikimisli.tr\/index.php\/wp-json\/wp\/v2\/media\/27064"}],"wp:attachment":[{"href":"https:\/\/ikimisli.tr\/index.php\/wp-json\/wp\/v2\/media?parent=27063"}],"wp:term":[{"taxonomy":"category","embeddable":true,"href":"https:\/\/ikimisli.tr\/index.php\/wp-json\/wp\/v2\/categories?post=27063"},{"taxonomy":"post_tag","embeddable":true,"href":"https:\/\/ikimisli.tr\/index.php\/wp-json\/wp\/v2\/tags?post=27063"}],"curies":[{"name":"wp","href":"https:\/\/api.w.org\/{rel}","templated":true}]}}