{"id":27118,"date":"2025-04-16T04:00:06","date_gmt":"2025-04-16T04:00:06","guid":{"rendered":"https:\/\/ikimisli.tr\/?p=27118"},"modified":"2025-04-16T04:00:06","modified_gmt":"2025-04-16T04:00:06","slug":"eski-milli-basketbolcu-uner-erimer-yasamini-yitirdi","status":"publish","type":"post","link":"https:\/\/ikimisli.tr\/index.php\/2025\/04\/16\/eski-milli-basketbolcu-uner-erimer-yasamini-yitirdi\/","title":{"rendered":"Eski milli basketbolcu \u00dcner Erimer, ya\u015fam\u0131n\u0131 yitirdi"},"content":{"rendered":"<p>Milli Kadro&#8217;nun ve Galatasaray&#8217;\u0131n eski basketbolcusu \u00dcner Erimer, hayat\u0131n\u0131 kaybetti.<\/p>\n<p>T\u00fcrkiye Basketbol Federasyonu&#8217;ndan payla\u015f\u0131lan ba\u015fsa\u011fl\u0131\u011f\u0131 bildirisinde, &#8220;Milli Grubumuzun eski basketbolcular\u0131ndan \u00dcner Erimer&#8217;in vefat etti\u011fini h\u00fcz\u00fcnle \u00f6\u011frenmi\u015f bulunuyoruz. T\u00fcrkiye Basketbol Federasyonu olarak merhuma Allah&#8217;tan rahmet, yak\u0131nlar\u0131na ve basketbol toplulu\u011fumuza ba\u015fsa\u011fl\u0131\u011f\u0131 diliyoruz&#8221; s\u00f6zlerine yer verildi.<\/p>\n<p>Galatasaray Kul\u00fcb\u00fc ise bildirisinde, &#8220;Galatasaray Erkek Basketbol kadrolar\u0131nda gen\u00e7 ve A grup d\u00fczeylerinde uzun y\u0131llar kaptanl\u0131k yapm\u0131\u015f, \u015fampiyonluklar kazanm\u0131\u015f eski ulusal basketbolcumuz \u00dcner Erimer&#8217;in vefat\u0131n\u0131 derin bir h\u00fcz\u00fcn ile \u00f6\u011frenmi\u015f bulunmaktay\u0131z. Eski kaptan\u0131m\u0131z, Galatasaray ve T\u00fcrk basketboluna de\u011ferli katk\u0131lar\u0131 bulunan \u00dcner Erimer&#8217;e Allah&#8217;tan rahmet, sevenlerine ve toplulu\u011fumuza ba\u015fsa\u011fl\u0131\u011f\u0131 dileriz&#8221; tabirlerini kulland\u0131.<\/p>\n","protected":false},"excerpt":{"rendered":"<p>A Ulusal Basketbol Ekibi ve Galatasaray Erkek Basketbol Kadrosu&#8217;nun eski kaptanlar\u0131ndan \u00dcner Erimer, vefat etti.<\/p>\n","protected":false},"author":1,"featured_media":27119,"comment_status":"open","ping_status":"open","sticky":false,"template":"","format":"standard","meta":{"footnotes":""},"categories":[30],"tags":[801],"class_list":["post-27118","post","type-post","status-publish","format-standard","has-post-thumbnail","hentry","category-spor","tag-basketbol"],"_links":{"self":[{"href":"https:\/\/ikimisli.tr\/index.php\/wp-json\/wp\/v2\/posts\/27118","targetHints":{"allow":["GET"]}}],"collection":[{"href":"https:\/\/ikimisli.tr\/index.php\/wp-json\/wp\/v2\/posts"}],"about":[{"href":"https:\/\/ikimisli.tr\/index.php\/wp-json\/wp\/v2\/types\/post"}],"author":[{"embeddable":true,"href":"https:\/\/ikimisli.tr\/index.php\/wp-json\/wp\/v2\/users\/1"}],"replies":[{"embeddable":true,"href":"https:\/\/ikimisli.tr\/index.php\/wp-json\/wp\/v2\/comments?post=27118"}],"version-history":[{"count":1,"href":"https:\/\/ikimisli.tr\/index.php\/wp-json\/wp\/v2\/posts\/27118\/revisions"}],"predecessor-version":[{"id":27120,"href":"https:\/\/ikimisli.tr\/index.php\/wp-json\/wp\/v2\/posts\/27118\/revisions\/27120"}],"wp:featuredmedia":[{"embeddable":true,"href":"https:\/\/ikimisli.tr\/index.php\/wp-json\/wp\/v2\/media\/27119"}],"wp:attachment":[{"href":"https:\/\/ikimisli.tr\/index.php\/wp-json\/wp\/v2\/media?parent=27118"}],"wp:term":[{"taxonomy":"category","embeddable":true,"href":"https:\/\/ikimisli.tr\/index.php\/wp-json\/wp\/v2\/categories?post=27118"},{"taxonomy":"post_tag","embeddable":true,"href":"https:\/\/ikimisli.tr\/index.php\/wp-json\/wp\/v2\/tags?post=27118"}],"curies":[{"name":"wp","href":"https:\/\/api.w.org\/{rel}","templated":true}]}}