{"id":27121,"date":"2025-04-16T04:12:10","date_gmt":"2025-04-16T04:12:10","guid":{"rendered":"https:\/\/ikimisli.tr\/?p=27121"},"modified":"2025-04-16T04:12:10","modified_gmt":"2025-04-16T04:12:10","slug":"rizede-panik-anlari-okul-bahcesinde-cokme-oldu-okullar-tatil-edildi","status":"publish","type":"post","link":"https:\/\/ikimisli.tr\/index.php\/2025\/04\/16\/rizede-panik-anlari-okul-bahcesinde-cokme-oldu-okullar-tatil-edildi\/","title":{"rendered":"Rize&#8217;de panik anlar\u0131! Okul bah\u00e7esinde \u00e7\u00f6kme oldu, okullar tatil edildi"},"content":{"rendered":"<p>Rize&#8217;de Ulusal E\u011fitim M\u00fcd\u00fcrl\u00fc\u011f\u00fc&#8217;nden yap\u0131lan a\u00e7\u0131klamada, Devlet Su \u0130\u015fleri 224. Rize \u015eube M\u00fcd\u00fcrl\u00fc\u011f\u00fcnce, kelam konusu okulun biti\u015fi\u011finde bulunan Sahur Deresi&#8217;nde \u0131slah \u00e7al\u0131\u015fmas\u0131 ba\u015flat\u0131ld\u0131\u011f\u0131 belirtildi.<\/p>\n<p>\u00c7al\u0131\u015fmalar s\u0131ras\u0131nda daha evvel \u00e7\u00f6kmelerin ya\u015fand\u0131\u011f\u0131 okul bah\u00e7esi ve etraf duvarlar\u0131nda, tabanda devam eden hareketler sonucunda bir \u00f6l\u00e7\u00fc daha kayma meydana geldi\u011fi aktar\u0131lan a\u00e7\u0131klamada, \u015funlar kaydedildi:<\/p>\n<p>&#8220;M\u00fcd\u00fcrl\u00fc\u011f\u00fcm\u00fcz ve Devlet Su i\u015fleri 224. Rize \u015eube M\u00fcd\u00fcrl\u00fc\u011f\u00fc teknik tak\u0131mlar\u0131nca alanda yap\u0131lan incelemeler sonucunda Ortapazar Sahur Deresi \u00fczerinde devam eden \u0131slah \u00e7al\u0131\u015fmalar\u0131 tamamlan\u0131ncaya kadar \u00f6nlem maksatl\u0131 olarak Ortapazar Ortaokulu M\u00fcd\u00fcrl\u00fc\u011f\u00fcndeki e\u011fitim \u00f6\u011fretim faaliyetlerine orta verilmesinin uygun olaca\u011f\u0131 kanaatine var\u0131lm\u0131\u015ft\u0131r.&#8221;<\/p>\n<p><img decoding=\"async\" src=\"https:\/\/ikimisli.tr\/wp-content\/uploads\/2025\/04\/rizede-panik-anlari-okul-bahcesinde-cokme-oldu-okullar-tatil-edildi-0-AnLzxNxA.jpg\"\/><\/p>\n","protected":false},"excerpt":{"rendered":"<p>Rize Ortapazar Ortaokulu&#8217;nda daha evvel meydana gelen heyelan nedeniyle bah\u00e7e duvar\u0131nda \u00e7\u00f6kme olu\u015ftu. \u00c7\u00f6kmelerin artmas\u0131ndan \u00f6t\u00fcr\u00fc e\u011fitime orta verildi\u011fi bildirildi.<\/p>\n","protected":false},"author":1,"featured_media":27122,"comment_status":"open","ping_status":"open","sticky":false,"template":"","format":"standard","meta":{"footnotes":""},"categories":[25],"tags":[3361],"class_list":["post-27121","post","type-post","status-publish","format-standard","has-post-thumbnail","hentry","category-gundem","tag-mudurlugu"],"_links":{"self":[{"href":"https:\/\/ikimisli.tr\/index.php\/wp-json\/wp\/v2\/posts\/27121","targetHints":{"allow":["GET"]}}],"collection":[{"href":"https:\/\/ikimisli.tr\/index.php\/wp-json\/wp\/v2\/posts"}],"about":[{"href":"https:\/\/ikimisli.tr\/index.php\/wp-json\/wp\/v2\/types\/post"}],"author":[{"embeddable":true,"href":"https:\/\/ikimisli.tr\/index.php\/wp-json\/wp\/v2\/users\/1"}],"replies":[{"embeddable":true,"href":"https:\/\/ikimisli.tr\/index.php\/wp-json\/wp\/v2\/comments?post=27121"}],"version-history":[{"count":1,"href":"https:\/\/ikimisli.tr\/index.php\/wp-json\/wp\/v2\/posts\/27121\/revisions"}],"predecessor-version":[{"id":27124,"href":"https:\/\/ikimisli.tr\/index.php\/wp-json\/wp\/v2\/posts\/27121\/revisions\/27124"}],"wp:featuredmedia":[{"embeddable":true,"href":"https:\/\/ikimisli.tr\/index.php\/wp-json\/wp\/v2\/media\/27122"}],"wp:attachment":[{"href":"https:\/\/ikimisli.tr\/index.php\/wp-json\/wp\/v2\/media?parent=27121"}],"wp:term":[{"taxonomy":"category","embeddable":true,"href":"https:\/\/ikimisli.tr\/index.php\/wp-json\/wp\/v2\/categories?post=27121"},{"taxonomy":"post_tag","embeddable":true,"href":"https:\/\/ikimisli.tr\/index.php\/wp-json\/wp\/v2\/tags?post=27121"}],"curies":[{"name":"wp","href":"https:\/\/api.w.org\/{rel}","templated":true}]}}