{"id":27131,"date":"2025-04-16T04:48:09","date_gmt":"2025-04-16T04:48:09","guid":{"rendered":"https:\/\/ikimisli.tr\/?p=27131"},"modified":"2025-04-16T04:48:09","modified_gmt":"2025-04-16T04:48:09","slug":"ege-besik-gibi-sallaniyor-okullar-tatil-edildi","status":"publish","type":"post","link":"https:\/\/ikimisli.tr\/index.php\/2025\/04\/16\/ege-besik-gibi-sallaniyor-okullar-tatil-edildi\/","title":{"rendered":"Ege be\u015fik gibi sallan\u0131yor: Okullar tatil edildi"},"content":{"rendered":"<p>Yunanistan\u2019da Ege Denizi\u2019nde son g\u00fcnlerde artan sismik hareketlilik, bilhassa turistik adalarda b\u00fcy\u00fck tela\u015f yaratmaya devam ediyor. Yunan Devlet Televizyonu ERT\u2019nin haberine nazaran, Santorini, Yamurgi, Niyoz ve Anafiya adalar\u0131nda okullarda e\u011fitim \u00f6\u011fretime cuma g\u00fcn\u00fcne kadar orta verildi. Bu karar, \u0130klim Krizi ve Sivil Koruma Bakan\u0131 Vasilis Kikilyas\u2019\u0131n ba\u015fkanl\u0131\u011f\u0131nda ger\u00e7ekle\u015ftirilen bir toplant\u0131n\u0131n akabinde al\u0131nd\u0131.<\/p>\n<p>B\u00f6lgedeki sismik hareketlili\u011fin devam etmesiyle, vatanda\u015flar i\u00e7in \u00e7e\u015fitli g\u00fcvenlik \u00f6nlemleri de uygulamaya kondu. Ege&#8217;nin bu d\u00f6rt adas\u0131nda, vatanda\u015flardan kapal\u0131 alanlardan uzak durmalar\u0131, metruk binalara yakla\u015fmamalar\u0131 ve bilhassa Santorini Adas\u0131\u2019ndaki heyelan riski ta\u015f\u0131yan Ammudiou, Armenis, Korfu ve Palaio Limena k\u0131y\u0131lar\u0131na gitmemeleri istendi. Ayr\u0131yeten, havuzlar\u0131n sular\u0131n\u0131n bo\u015falt\u0131lmas\u0131 talimat\u0131 verildi.<\/p>\n<p>Santorini Adas\u0131\u2019ndan ayr\u0131lmak isteyenlerin say\u0131s\u0131n\u0131n artt\u0131\u011f\u0131 bildirildi. Sars\u0131nt\u0131 kayg\u0131s\u0131yla aday\u0131 terk eden yolcular, gemi ve u\u00e7aklarla b\u00f6lgeden ayr\u0131ld\u0131. Santorini\u2019den Atina\u2019ya u\u00e7an bir yolcu, &#8220;Her be\u015f dakikada bir sars\u0131nt\u0131 oluyor, bu y\u00fczden be\u015ferler korkuyor ve aday\u0131 terk etmek istiyorlar,&#8221; diyerek kayg\u0131lar\u0131n\u0131 lisana getirdi. Bir \u00f6b\u00fcr adal\u0131 ise geli\u015fmeleri takip ederek adaya ne vakit d\u00f6nece\u011fine karar verece\u011fini s\u00f6z etti.<\/p>\n<p>Bilet fiyatlar\u0131n\u0131n y\u00fcksekli\u011fi ve b\u00f6lgedeki tela\u015f nedeniyle, bir\u00e7ok ki\u015fi geceyi ara\u00e7lar\u0131nda ge\u00e7irmek zorunda kald\u0131. Ayr\u0131yeten, Santorini Adas\u0131\u2019ndaki heyelan tehlikesi nedeniyle toplumsal medyada payla\u015f\u0131lan imgeler de tasalar\u0131 art\u0131rd\u0131.<\/p>\n","protected":false},"excerpt":{"rendered":"<p>Ege Denizi&#8217;nde arka arda sars\u0131nt\u0131lar b\u00fcy\u00fck pani\u011fe sebep oldu. Ege Adalar\u0131ndan d\u00f6rt adedinde e\u011fitim cumaya kadar tatil edildi<\/p>\n","protected":false},"author":1,"featured_media":27132,"comment_status":"open","ping_status":"open","sticky":false,"template":"","format":"standard","meta":{"footnotes":""},"categories":[25],"tags":[3271,4644],"class_list":["post-27131","post","type-post","status-publish","format-standard","has-post-thumbnail","hentry","category-gundem","tag-endise","tag-santorini"],"_links":{"self":[{"href":"https:\/\/ikimisli.tr\/index.php\/wp-json\/wp\/v2\/posts\/27131","targetHints":{"allow":["GET"]}}],"collection":[{"href":"https:\/\/ikimisli.tr\/index.php\/wp-json\/wp\/v2\/posts"}],"about":[{"href":"https:\/\/ikimisli.tr\/index.php\/wp-json\/wp\/v2\/types\/post"}],"author":[{"embeddable":true,"href":"https:\/\/ikimisli.tr\/index.php\/wp-json\/wp\/v2\/users\/1"}],"replies":[{"embeddable":true,"href":"https:\/\/ikimisli.tr\/index.php\/wp-json\/wp\/v2\/comments?post=27131"}],"version-history":[{"count":1,"href":"https:\/\/ikimisli.tr\/index.php\/wp-json\/wp\/v2\/posts\/27131\/revisions"}],"predecessor-version":[{"id":27133,"href":"https:\/\/ikimisli.tr\/index.php\/wp-json\/wp\/v2\/posts\/27131\/revisions\/27133"}],"wp:featuredmedia":[{"embeddable":true,"href":"https:\/\/ikimisli.tr\/index.php\/wp-json\/wp\/v2\/media\/27132"}],"wp:attachment":[{"href":"https:\/\/ikimisli.tr\/index.php\/wp-json\/wp\/v2\/media?parent=27131"}],"wp:term":[{"taxonomy":"category","embeddable":true,"href":"https:\/\/ikimisli.tr\/index.php\/wp-json\/wp\/v2\/categories?post=27131"},{"taxonomy":"post_tag","embeddable":true,"href":"https:\/\/ikimisli.tr\/index.php\/wp-json\/wp\/v2\/tags?post=27131"}],"curies":[{"name":"wp","href":"https:\/\/api.w.org\/{rel}","templated":true}]}}