{"id":27147,"date":"2025-04-16T05:36:10","date_gmt":"2025-04-16T05:36:10","guid":{"rendered":"https:\/\/ikimisli.tr\/?p=27147"},"modified":"2025-04-16T05:36:10","modified_gmt":"2025-04-16T05:36:10","slug":"suclularin-tespiti-icin-yapay-zeka-kullanacaklar","status":"publish","type":"post","link":"https:\/\/ikimisli.tr\/index.php\/2025\/04\/16\/suclularin-tespiti-icin-yapay-zeka-kullanacaklar\/","title":{"rendered":"Su\u00e7lular\u0131n tespiti i\u00e7in yapay zeka kullanacaklar"},"content":{"rendered":"<p>Yeni h\u00fck\u00fcmetin g\u00fcndeminde, polis ve istihbarat servisleri taraf\u0131ndan y\u00fcz tan\u0131ma teknolojisinin kullan\u0131lmas\u0131 yer al\u0131yor. Yapay zeka ile desteklenecek bu sistem sayesinde, h\u00fck\u00fcml\u00fc ve \u015f\u00fcphelilerin tespit edilmesi ama\u00e7lan\u0131yor. Bel\u00e7ika h\u00fck\u00fcmeti, Avrupa Birli\u011fi&#8217;nin y\u00fcr\u00fcrl\u00fc\u011fe koydu\u011fu Yapay Zeka Yasas\u0131 \u00e7er\u00e7evesinde kat\u0131 ve belli yasal hudutlar i\u00e7inde bu teknolojiyi kullanmay\u0131 hedefliyor.<\/p>\n<p>Bel\u00e7ika\u2019n\u0131n yeni h\u00fck\u00fcmeti, Flaman sa\u011fc\u0131 Yeni Flaman \u0130ttifak\u0131 (N-VA) \u00f6nc\u00fcl\u00fc\u011f\u00fcnde kuruldu. Ba\u015fbakan Bart De Wever, Flaman H\u0131ristiyan Demokratlar (CD&#038;V), toplumsal demokrat Vooruit ve Valon merkez sa\u011f Reformist Hareketi ile koalisyon muahedesine vard\u0131. H\u00fck\u00fcmetin en k\u0131ymetli projelerinden biri kolluk kuvvetlerinde yapay zeka dayanakl\u0131 teknolojileri kullan\u0131ma sunmak olacak.<\/p>\n<p>H\u00fck\u00fcmet, kamera mevzuat\u0131n\u0131 geni\u015fleterek ak\u0131ll\u0131 kamera nezaretinin daha fazla kullan\u0131lmas\u0131n\u0131 sa\u011flayacak. Yapay Zeka Yasas\u0131 kapsam\u0131nda y\u00fcksek riskli yapay zeka sistemleri Avrupa\u2019da yasakl\u0131 olsa da, kolluk kuvvetleri i\u00e7in belli istisnalar bulunuyor. <\/p>\n<p>Bu do\u011frultuda, Bel\u00e7ika h\u00fck\u00fcmeti y\u00fcz tan\u0131ma sistemlerinin polis taraf\u0131ndan kullan\u0131m\u0131na y\u00f6nelik yasal \u00e7er\u00e7eve olu\u015fturacak.<\/p>\n<p>Bel\u00e7ika\u2019n\u0131n telekom stratejisi de kapsaml\u0131 de\u011fi\u015fiklikler i\u00e7eriyor. 2030 y\u0131l\u0131na kadar t\u00fcm \u015firketlerin ultra s\u00fcratli internete eri\u015fimini sa\u011flamak i\u00e7in dijital altyap\u0131ya b\u00fcy\u00fck yat\u0131r\u0131mlar yap\u0131lacak. Ayr\u0131yeten, 6G teknolojisinin kullan\u0131ma sunulmas\u0131 i\u00e7in gerekli haz\u0131rl\u0131klara ba\u015flanacak.<\/p>\n","protected":false},"excerpt":{"rendered":"<p>Bel\u00e7ika, g\u00fcvenlik g\u00fc\u00e7leri i\u00e7in yapay zeka dayanakl\u0131 ara\u00e7lar kullanmay\u0131 planl\u0131yor. Yeni h\u00fck\u00fcmetin \u00f6ncelikli projelerinden biri, hatal\u0131lar\u0131n y\u00fcz tan\u0131ma teknolojisiyle tespit edilmesini sa\u011flamak olacak.<\/p>\n","protected":false},"author":1,"featured_media":27148,"comment_status":"open","ping_status":"open","sticky":false,"template":"","format":"standard","meta":{"footnotes":""},"categories":[43],"tags":[4488,210],"class_list":["post-27147","post","type-post","status-publish","format-standard","has-post-thumbnail","hentry","category-dunya","tag-hukumeti","tag-yapay-zeka"],"_links":{"self":[{"href":"https:\/\/ikimisli.tr\/index.php\/wp-json\/wp\/v2\/posts\/27147","targetHints":{"allow":["GET"]}}],"collection":[{"href":"https:\/\/ikimisli.tr\/index.php\/wp-json\/wp\/v2\/posts"}],"about":[{"href":"https:\/\/ikimisli.tr\/index.php\/wp-json\/wp\/v2\/types\/post"}],"author":[{"embeddable":true,"href":"https:\/\/ikimisli.tr\/index.php\/wp-json\/wp\/v2\/users\/1"}],"replies":[{"embeddable":true,"href":"https:\/\/ikimisli.tr\/index.php\/wp-json\/wp\/v2\/comments?post=27147"}],"version-history":[{"count":1,"href":"https:\/\/ikimisli.tr\/index.php\/wp-json\/wp\/v2\/posts\/27147\/revisions"}],"predecessor-version":[{"id":27149,"href":"https:\/\/ikimisli.tr\/index.php\/wp-json\/wp\/v2\/posts\/27147\/revisions\/27149"}],"wp:featuredmedia":[{"embeddable":true,"href":"https:\/\/ikimisli.tr\/index.php\/wp-json\/wp\/v2\/media\/27148"}],"wp:attachment":[{"href":"https:\/\/ikimisli.tr\/index.php\/wp-json\/wp\/v2\/media?parent=27147"}],"wp:term":[{"taxonomy":"category","embeddable":true,"href":"https:\/\/ikimisli.tr\/index.php\/wp-json\/wp\/v2\/categories?post=27147"},{"taxonomy":"post_tag","embeddable":true,"href":"https:\/\/ikimisli.tr\/index.php\/wp-json\/wp\/v2\/tags?post=27147"}],"curies":[{"name":"wp","href":"https:\/\/api.w.org\/{rel}","templated":true}]}}