{"id":27239,"date":"2025-04-16T11:00:09","date_gmt":"2025-04-16T11:00:09","guid":{"rendered":"https:\/\/ikimisli.tr\/?p=27239"},"modified":"2025-04-16T11:00:09","modified_gmt":"2025-04-16T11:00:09","slug":"son-dakika-mgk-genel-sekreterligine-okay-memis-atandi","status":"publish","type":"post","link":"https:\/\/ikimisli.tr\/index.php\/2025\/04\/16\/son-dakika-mgk-genel-sekreterligine-okay-memis-atandi\/","title":{"rendered":"Son dakika\u2026 MGK Genel Sekreterli\u011fine Okay Memi\u015f atand\u0131"},"content":{"rendered":"<p>AFAD Ba\u015fkan\u0131 Okay Memi\u015f, Resmi Gazete&#8217;de yay\u0131mlanan Cumhurba\u015fkanl\u0131\u011f\u0131 Atama Karar\u0131 ile Milli G\u00fcvenlik Kurulu Genel Sekreterli\u011fine getirildi. Memi\u015f&#8217;in yerine Mersin Valisi Ali Hamza Pehlivan atand\u0131.<\/p>\n<p><img decoding=\"async\" src=\"https:\/\/ikimisli.tr\/wp-content\/uploads\/2025\/04\/son-dakika-mgk-genel-sekreterligine-okay-memis-atandi-0-XLFBYh4c.jpg\"\/><\/p>\n<p><b>OKAY MEM\u0130\u015e K\u0130MD\u0130R?<\/b><\/p>\n<p>1970 y\u0131l\u0131nda Giresun\u00b4un Piraziz \u0130l\u00e7esinde do\u011fdu. 1991 y\u0131l\u0131nda \u0130stanbul \u00dcniversitesi Siyasal Bilgiler Fak\u00fcltesinden mezun oldu. 1992 y\u0131l\u0131nda Ordu Valili\u011finde Kaymakam Aday\u0131 olarak vazifeye ba\u015flad\u0131.<\/p>\n<p>Sar\u0131yah\u015fi\/Aksaray, Gen\u00e7\/Bing\u00f6l, Orta\/\u00c7ank\u0131r\u0131 Kaymakaml\u0131\u011f\u0131n\u0131n ard\u0131ndan, \u0130\u00e7i\u015fleri Bakanl\u0131\u011f\u0131 Mahalli \u0130dareler Genel M\u00fcd\u00fcrl\u00fc\u011f\u00fc&#8217;nde 2002-2013 y\u0131llar\u0131 ortas\u0131nda s\u0131ras\u0131yla; \u015eube M\u00fcd\u00fcr\u00fc, Daire Ba\u015fkan\u0131 ve Genel M\u00fcd\u00fcr Yard\u0131mc\u0131s\u0131 olarak vazife yapt\u0131.<\/p>\n<p>K\u0131sa bir m\u00fchlet \u0130\u00e7i\u015fleri Bakanl\u0131\u011f\u0131&#8217;nda Hukuk M\u00fc\u015faviri olarak \u00e7al\u0131\u015ft\u0131ktan sonra Bilim, Sanayi ve Teknoloji Bakanl\u0131\u011f\u0131 Ba\u015fdan\u0131\u015fman\u0131 olarak g\u00f6rev yapt\u0131. 2016-2018 y\u0131llar\u0131 ortas\u0131nda G\u00fcm\u00fc\u015fhane Valisi olarak misyon yapt\u0131. 2018-2023 tarihleri ortas\u0131nda Erzurum Valisi olarak misyon yapan Sn. Okay MEM\u0130\u015e, 11 A\u011fustos 2023 tarih ve 32276 say\u0131l\u0131 Resmi Gazete\u2019de yay\u0131mlanan 2023\/382 say\u0131l\u0131 Cumhurba\u015fkanl\u0131\u011f\u0131 Atama Kararnamesiyle Afet ve Acil Durum Y\u00f6netimi Ba\u015fkan\u0131 olarak atanm\u0131\u015ft\u0131r.<\/p>\n<p>\u0130yi derecede \u0130ngilizce bilen Vali Okay MEM\u0130\u015e, evli ve iki \u00e7ocuk babas\u0131d\u0131r.<\/p>\n","protected":false},"excerpt":{"rendered":"<p>Son dakika haberi&#8230; Resmi Gazete&#8217;de yay\u0131mlanan akrara nazaran, MGK Genel Sekreterli\u011fi\u2019ne\u00a0AFAD Ba\u015fkan\u0131 Okay Memi\u015f\u2019in atand\u0131.<\/p>\n","protected":false},"author":1,"featured_media":27240,"comment_status":"open","ping_status":"open","sticky":false,"template":"","format":"standard","meta":{"footnotes":""},"categories":[25],"tags":[2837,286],"class_list":["post-27239","post","type-post","status-publish","format-standard","has-post-thumbnail","hentry","category-gundem","tag-memis","tag-vali"],"_links":{"self":[{"href":"https:\/\/ikimisli.tr\/index.php\/wp-json\/wp\/v2\/posts\/27239","targetHints":{"allow":["GET"]}}],"collection":[{"href":"https:\/\/ikimisli.tr\/index.php\/wp-json\/wp\/v2\/posts"}],"about":[{"href":"https:\/\/ikimisli.tr\/index.php\/wp-json\/wp\/v2\/types\/post"}],"author":[{"embeddable":true,"href":"https:\/\/ikimisli.tr\/index.php\/wp-json\/wp\/v2\/users\/1"}],"replies":[{"embeddable":true,"href":"https:\/\/ikimisli.tr\/index.php\/wp-json\/wp\/v2\/comments?post=27239"}],"version-history":[{"count":1,"href":"https:\/\/ikimisli.tr\/index.php\/wp-json\/wp\/v2\/posts\/27239\/revisions"}],"predecessor-version":[{"id":27242,"href":"https:\/\/ikimisli.tr\/index.php\/wp-json\/wp\/v2\/posts\/27239\/revisions\/27242"}],"wp:featuredmedia":[{"embeddable":true,"href":"https:\/\/ikimisli.tr\/index.php\/wp-json\/wp\/v2\/media\/27240"}],"wp:attachment":[{"href":"https:\/\/ikimisli.tr\/index.php\/wp-json\/wp\/v2\/media?parent=27239"}],"wp:term":[{"taxonomy":"category","embeddable":true,"href":"https:\/\/ikimisli.tr\/index.php\/wp-json\/wp\/v2\/categories?post=27239"},{"taxonomy":"post_tag","embeddable":true,"href":"https:\/\/ikimisli.tr\/index.php\/wp-json\/wp\/v2\/tags?post=27239"}],"curies":[{"name":"wp","href":"https:\/\/api.w.org\/{rel}","templated":true}]}}