{"id":27283,"date":"2025-04-16T13:12:12","date_gmt":"2025-04-16T13:12:12","guid":{"rendered":"https:\/\/ikimisli.tr\/?p=27283"},"modified":"2025-04-16T13:12:12","modified_gmt":"2025-04-16T13:12:12","slug":"o-gun-alkislayanlar-daha-sonra-cark-etti","status":"publish","type":"post","link":"https:\/\/ikimisli.tr\/index.php\/2025\/04\/16\/o-gun-alkislayanlar-daha-sonra-cark-etti\/","title":{"rendered":"O g\u00fcn alk\u0131\u015flayanlar daha sonra \u00e7ark etti"},"content":{"rendered":"<p>Atat\u00fcrk\u00e7\u00fcte\u011fmenlerin TSK\u2019dan ihra\u00e7 edilmesine yans\u0131lar s\u00fcr\u00fcyor. 30 A\u011fustos\u2019taki Kara Harp Okulu mezuniyet merasiminde Cumhurba\u015fkan\u0131 Recep Erdo\u011fan\u2019\u0131n yan\u0131 s\u0131ra TBMM Lideri Numan Kurtulmu\u015f, Mill\u00ee Savunma Bakan\u0131 Ya\u015far G\u00fcler de protokolde yerini alm\u0131\u015f, mezun te\u011fmenleri alk\u0131\u015flam\u0131\u015ft\u0131. Numan Kurtulmu\u015f merasimin akabinde yapt\u0131\u011f\u0131 payla\u015f\u0131mda \u201cT\u00fcm te\u011fmenlerimizi kutluyor, muvaffakiyetler diliyorum\u201d demi\u015fti. G\u00fcler ve Kurtulmu\u015f, te\u011fmenlerin ihrac\u0131ndan sonra\u00a0 \u00e7ark edip \u015funlar\u0131 s\u00f6yledi:<\/p>\n<p><b>TBMM BA\u015eKANI NUMAN KURTULMU\u015e: <span>Te\u011fmenler karar\u0131 verenlerin takdiri<\/span><\/b><\/p>\n<p>T\u00fcrkiyeB\u00fcy\u00fck Millet Meclisi (TBMM) Ba\u015fkan\u0131 Numan Kurtulmu\u015f, 30 A\u011fustos\u2019taki Kara Kuvvetleri Komutanl\u0131\u011f\u0131 mezuniyet merasiminde, birincilikle mezun olan Ebru Ert\u00fcrk\u2019\u00fc alk\u0131\u015flayanlar ortas\u0131ndayd\u0131. Kurtulmu\u015f, Kara Kuvvetleri Komutanl\u0131\u011f\u0131\u2019n\u0131n mezuniyet t\u00f6renindeki k\u0131l\u0131\u00e7l\u0131 yemin merasimine ait ba\u015flat\u0131lan soru\u015fturmada, T\u00fcrk Silahl\u0131 Kuvvetleri\u2019nden ihra\u00e7 edilen te\u011fmenlere ait \u201cdisiplin meselesi\u201d demi\u015fti. Kurtulmu\u015f, 5 te\u011fmenin TSK\u2019dan ihrac\u0131yla\u00a0 ilgili, \u201cVerenlerin takdiridir\u201d diye konu\u015ftu.<\/p>\n<p><b>M\u0130LL\u0130 SAVUNMA BAKANI YA\u015eAR G\u00dcLER: <span>G\u00fcler \u2018Disiplinsizlik yapt\u0131lar\u2019 demi\u015fti<\/span><\/b><\/p>\n<p>Milli Savunma Bakan\u0131 Ya\u015far G\u00fcler te\u011fmenler hakk\u0131nda a\u00e7\u0131lan soru\u015fturmay\u0131 savunmu\u015ftu. G\u00fcler, olay\u0131n \u201ckas\u0131tl\u0131 ve organize bir disiplinsizlik\u201d oldu\u011funu belirtmi\u015f, askeri hiyerar\u015finin ihlal edildi\u011fini \u00f6ne s\u00fcrm\u00fc\u015ft\u00fc. G\u00fcler, te\u011fmenlerin disipline sevk edilme m\u00fcnasebetinin sadece yemin yahut slogan olmad\u0131\u011f\u0131n\u0131 belirterek \u015funlar\u0131 s\u00f6ylemi\u015fti:<\/p>\n<p>\u201c\u0130snat edilen kabahat, ant okumak de\u011fil, ikazlara kar\u015f\u0131n kas\u0131tl\u0131 olarak yap\u0131lan organize disiplinsizliktir. Aksiyonlar, m\u00fcsaade al\u0131nmaks\u0131z\u0131n yap\u0131lm\u0131\u015f ve buyruk komuta zinciri taamm\u00fcden devre d\u0131\u015f\u0131 b\u0131rak\u0131lm\u0131\u015ft\u0131r.\u201d<\/p>\n<p><img decoding=\"async\" src=\"https:\/\/ikimisli.tr\/wp-content\/uploads\/2025\/04\/o-gun-alkislayanlar-daha-sonra-cark-etti-0-7RYbMJ6F.jpg\"\/><\/p>\n<p><b><span>\u0130hra\u00e7 edilen yarbay da kusursuz sicile sahip<\/span><\/b><\/p>\n<p>Kara Harp Okulu\u2019ndaki yemin merasimi sonras\u0131 te\u011fmenler ve \u00fc\u00e7 kumandan\u0131n\u0131n ihra\u00e7 edilmesine yans\u0131lar s\u00fcr\u00fcyor.\u00a0 \u0130hra\u00e7 edilenlerin ortas\u0131nda Yarbay Halit T\u00fcrko\u011flu da bulunuyor. TSK\u2019dan ihra\u00e7 karar\u0131 verilen, te\u011fmenlerin Tabur Kumandan\u0131 Halit T\u00fcrko\u011flu\u2019nun; hayat\u0131 boyunca disiplin cezas\u0131 almad\u0131\u011f\u0131, Harp Akademisi\u2019ni birincilikle kazand\u0131\u011f\u0131, ba\u015far\u0131lar\u0131ndan dolay\u0131 devrelerinden 4 y\u0131l \u00f6nde giden harika bir sicile sahip oldu\u011fu \u00f6\u011frenildi.<\/p>\n","protected":false},"excerpt":{"rendered":"<p>Milli Savunma Bakan\u0131 Ya\u015far G\u00fcler mezuniyette memnundu art\u0131k organize ve kas\u0131tl\u0131 diyerek sert \u00e7\u0131k\u0131yor. Meclis Ba\u015fkan\u0131 Numan Kurtulmu\u015f \u00f6nce tebrik etti, art\u0131k takdir onlar\u0131n diye topu \u00fcst\u00fcnden att\u0131.<\/p>\n","protected":false},"author":1,"featured_media":27284,"comment_status":"open","ping_status":"open","sticky":false,"template":"","format":"standard","meta":{"footnotes":""},"categories":[25],"tags":[1368,3770,1321,775,3463],"class_list":["post-27283","post","type-post","status-publish","format-standard","has-post-thumbnail","hentry","category-gundem","tag-disiplin","tag-guler","tag-ihrac","tag-kara","tag-komuta"],"_links":{"self":[{"href":"https:\/\/ikimisli.tr\/index.php\/wp-json\/wp\/v2\/posts\/27283","targetHints":{"allow":["GET"]}}],"collection":[{"href":"https:\/\/ikimisli.tr\/index.php\/wp-json\/wp\/v2\/posts"}],"about":[{"href":"https:\/\/ikimisli.tr\/index.php\/wp-json\/wp\/v2\/types\/post"}],"author":[{"embeddable":true,"href":"https:\/\/ikimisli.tr\/index.php\/wp-json\/wp\/v2\/users\/1"}],"replies":[{"embeddable":true,"href":"https:\/\/ikimisli.tr\/index.php\/wp-json\/wp\/v2\/comments?post=27283"}],"version-history":[{"count":1,"href":"https:\/\/ikimisli.tr\/index.php\/wp-json\/wp\/v2\/posts\/27283\/revisions"}],"predecessor-version":[{"id":27286,"href":"https:\/\/ikimisli.tr\/index.php\/wp-json\/wp\/v2\/posts\/27283\/revisions\/27286"}],"wp:featuredmedia":[{"embeddable":true,"href":"https:\/\/ikimisli.tr\/index.php\/wp-json\/wp\/v2\/media\/27284"}],"wp:attachment":[{"href":"https:\/\/ikimisli.tr\/index.php\/wp-json\/wp\/v2\/media?parent=27283"}],"wp:term":[{"taxonomy":"category","embeddable":true,"href":"https:\/\/ikimisli.tr\/index.php\/wp-json\/wp\/v2\/categories?post=27283"},{"taxonomy":"post_tag","embeddable":true,"href":"https:\/\/ikimisli.tr\/index.php\/wp-json\/wp\/v2\/tags?post=27283"}],"curies":[{"name":"wp","href":"https:\/\/api.w.org\/{rel}","templated":true}]}}