{"id":2736,"date":"2025-01-10T17:18:47","date_gmt":"2025-01-10T17:18:47","guid":{"rendered":"https:\/\/ikimisli.tr\/?p=2736"},"modified":"2025-01-10T17:18:47","modified_gmt":"2025-01-10T17:18:47","slug":"vatandasa-esek-eti-satti-savunmasi-pes-dedirtti","status":"publish","type":"post","link":"https:\/\/ikimisli.tr\/index.php\/2025\/01\/10\/vatandasa-esek-eti-satti-savunmasi-pes-dedirtti\/","title":{"rendered":"Vatanda\u015fa e\u015fek eti satt\u0131, savunmas\u0131 &#8216;pes&#8217; dedirtti"},"content":{"rendered":"<p>Tar\u0131m ve Orman Bakanl\u0131\u011f\u0131 taraf\u0131ndan ekim ay\u0131nda yay\u0131mlanmaya ba\u015flayan &#8216;Taklit yahut Ta\u011f\u015fi\u015f Yap\u0131lan G\u0131dalar&#8217; listesi, T\u00fcrkiye genelinde sat\u0131\u015fa sunulan \u00e7ok say\u0131da eserin i\u00e7erisinden s\u0131hhate ziyanl\u0131 hususlar \u00e7\u0131kt\u0131\u011f\u0131n\u0131 g\u00f6zler \u00f6n\u00fcne sererken, listenin en \u00e7arp\u0131c\u0131 k\u0131s\u0131mlar\u0131 sat\u0131\u015fa sunulan domuz ve e\u015fek etleri olmu\u015ftu.\u00a0<\/p>\n<p>Ge\u00e7ti\u011fimiz aylarda Antalya&#8217;n\u0131n Muratpa\u015fa il\u00e7esinde bulunan \u00d6z Kasap&#8217;\u0131n da listede yer almas\u0131, b\u00f6lgede ya\u015fayan halk taraf\u0131ndan pani\u011fe neden olurken, satt\u0131\u011f\u0131 eserlerde &#8216;e\u015fek eti&#8217; tespit edildi\u011fi payla\u015f\u0131lan kasab\u0131n yetkilisi birinci kere konu\u015ftu.<\/p>\n<p><strong>&#8216;\u00c7OCUKLUKTAN BER\u0130 KASAPLIK YAPIYORUM, E\u015eEK ET\u0130N\u0130 ANLAYAMAM&#8217;<\/strong><\/p>\n<p>G\u0131da B\u00fclteni&#8217;ne a\u00e7\u0131klamalarda bulunan\u00a0Ozan G\u00f6k\u00e7e, k\u0131sa m\u00fcddet evvel maliyetleri d\u00fc\u015f\u00fcrmek emeliyle et ald\u0131klar\u0131 toptanc\u0131y\u0131 de\u011fi\u015ftirdiklerini ve bu meseleyle kar\u015f\u0131la\u015ft\u0131klar\u0131n\u0131 \u00f6ne s\u00fcrd\u00fc.\u00a0<\/p>\n<p><img decoding=\"async\" src=\"https:\/\/ikimisli.tr\/wp-content\/uploads\/2025\/01\/vatandasa-esek-eti-satti-savunmasi-pes-dedirtti-0-UdGnCZWh.webp\"\/><\/p>\n<p>\u00c7ocukluktan beri kasapl\u0131k yapt\u0131\u011f\u0131n\u0131 lakin bug\u00fcne kadar e\u015fek ya da at eti g\u00f6rmedi\u011fi i\u00e7in bu eserlerin k\u0131rm\u0131z\u0131 etten fark\u0131n\u0131 anlayamad\u0131\u011f\u0131n\u0131 aktaran G\u00f6k\u00e7e, \u015fu s\u00f6zleri kulland\u0131:<\/p>\n<p>&#8220;D\u00fckkan\u0131m\u0131z\u0131n kar\u015f\u0131s\u0131na k\u0131sa bir m\u00fcddet evvel et toptanc\u0131l\u0131\u011f\u0131 yapan bir yer a\u00e7\u0131ld\u0131. Biz de yak\u0131ttan tasarruf edelim diye eti buradan almaya ba\u015flad\u0131k.\u00a0<\/p>\n<p>Eyl\u00fcl ay\u0131nda birinci defa ald\u0131k. O \u00a0zaman da Tar\u0131m ve Orman Bakanl\u0131\u011f\u0131&#8217;ndan gelip rutin denetim yapm\u0131\u015flar \u00f6rnek alm\u0131\u015flard\u0131, pak \u00e7\u0131km\u0131\u015ft\u0131. Yakla\u015f\u0131k 1,5 ay evvel tekrar denetim i\u00e7in geldiler ve 10 g\u00fcn sonra gelip reyondaki t\u00fcm eserleri toplad\u0131lar. Biz de o vakit \u00f6\u011frendik. Bilseydik satar m\u0131yd\u0131k. Biz at ya da e\u015fek etini anlamay\u0131z, asl\u0131nda anlasak almay\u0131z. Ben \u00e7ocuklu\u011fumdan beri kasab\u0131m hi\u00e7 g\u00f6rmedim \u00f6mr\u00fcmde.. Almad\u0131\u011f\u0131m\u0131z kesmedi\u011fimiz bilmedi\u011fimiz i\u00e7in anlamay\u0131z.\u00a0<\/p>\n<p><img decoding=\"async\" src=\"https:\/\/ikimisli.tr\/wp-content\/uploads\/2025\/01\/vatandasa-esek-eti-satti-savunmasi-pes-dedirtti-1-8ZH1LYkb.webp\"\/><\/p>\n<p>Tavuk olsa anlayabilirsin. Lakin hi\u00e7 g\u00f6rmedik bile. Toptanc\u0131dan \u00f6rne\u011fin 1 ton al\u0131yoruz kemiksiz. Var m\u0131 bilemeyiz ki! Hala \u015foktay\u0131z. Et ald\u0131\u011f\u0131m\u0131z toptanc\u0131y\u0131 avukata verdik, yetkililere de durumu anlatt\u0131k. Ona da bak\u0131yorlar. Gerekli \u015fikayeti yapt\u0131k bekliyoruz.&#8221;<\/p>\n<p>Ta\u011f\u015fi\u015f listesinde ismi yer alan Mustafa &#8211; Fato\u015f \u015eim\u015fek&#8217;in, kasab\u0131n resmi sahipleri oldu\u011funu belirten Ozan G\u00f6k\u00e7e, a\u011fabeyinin de ge\u00e7irdi\u011fi kaza nedeniyle a\u011f\u0131r bak\u0131mda tedavi g\u00f6rd\u00fc\u011f\u00fcn\u00fc belirtti. \u00a0<\/p>\n","protected":false},"excerpt":{"rendered":"<p>Tar\u0131m ve Orman Bakanl\u0131\u011f\u0131&#8217;n\u0131n yay\u0131nlad\u0131\u011f\u0131 &#8216;Taklit yahut Ta\u011f\u015fi\u015f Yap\u0131lan G\u0131dalar&#8217; listesinde yer alan ve satt\u0131klar\u0131 etlerde &#8216;e\u015fek eti&#8217; saptanan \u00d6z Kasap&#8217;\u0131n yetkilisi, \u00e7ocukluktan beri kasapl\u0131k yapt\u0131\u011f\u0131n\u0131 fakat e\u015fek ya da at etini k\u0131rm\u0131z\u0131 etten ay\u0131rt edemedi\u011fini s\u00f6yleyerek kendini savundu.<\/p>\n","protected":false},"author":1,"featured_media":2737,"comment_status":"open","ping_status":"open","sticky":false,"template":"","format":"standard","meta":{"footnotes":""},"categories":[25],"tags":[203,708],"class_list":["post-2736","post","type-post","status-publish","format-standard","has-post-thumbnail","hentry","category-gundem","tag-esek","tag-eti"],"_links":{"self":[{"href":"https:\/\/ikimisli.tr\/index.php\/wp-json\/wp\/v2\/posts\/2736","targetHints":{"allow":["GET"]}}],"collection":[{"href":"https:\/\/ikimisli.tr\/index.php\/wp-json\/wp\/v2\/posts"}],"about":[{"href":"https:\/\/ikimisli.tr\/index.php\/wp-json\/wp\/v2\/types\/post"}],"author":[{"embeddable":true,"href":"https:\/\/ikimisli.tr\/index.php\/wp-json\/wp\/v2\/users\/1"}],"replies":[{"embeddable":true,"href":"https:\/\/ikimisli.tr\/index.php\/wp-json\/wp\/v2\/comments?post=2736"}],"version-history":[{"count":1,"href":"https:\/\/ikimisli.tr\/index.php\/wp-json\/wp\/v2\/posts\/2736\/revisions"}],"predecessor-version":[{"id":2740,"href":"https:\/\/ikimisli.tr\/index.php\/wp-json\/wp\/v2\/posts\/2736\/revisions\/2740"}],"wp:featuredmedia":[{"embeddable":true,"href":"https:\/\/ikimisli.tr\/index.php\/wp-json\/wp\/v2\/media\/2737"}],"wp:attachment":[{"href":"https:\/\/ikimisli.tr\/index.php\/wp-json\/wp\/v2\/media?parent=2736"}],"wp:term":[{"taxonomy":"category","embeddable":true,"href":"https:\/\/ikimisli.tr\/index.php\/wp-json\/wp\/v2\/categories?post=2736"},{"taxonomy":"post_tag","embeddable":true,"href":"https:\/\/ikimisli.tr\/index.php\/wp-json\/wp\/v2\/tags?post=2736"}],"curies":[{"name":"wp","href":"https:\/\/api.w.org\/{rel}","templated":true}]}}