{"id":27542,"date":"2025-04-17T04:36:06","date_gmt":"2025-04-17T04:36:06","guid":{"rendered":"https:\/\/ikimisli.tr\/?p=27542"},"modified":"2025-04-17T04:36:06","modified_gmt":"2025-04-17T04:36:06","slug":"boyle-skandal-olmaz","status":"publish","type":"post","link":"https:\/\/ikimisli.tr\/index.php\/2025\/04\/17\/boyle-skandal-olmaz\/","title":{"rendered":"B\u00f6yle skandal olmaz"},"content":{"rendered":"<p>S\u00f6zc\u00fc TV&#8217;de Hasret G\u00fcrses&#8217;in haz\u0131rlay\u0131p sundu\u011fu Para Siyaset program\u0131na konuk olan \u0130Y\u0130 Parti K\u00fcme Ba\u015fkanvekili ve Bal\u0131kesir Milletvekili Turhan \u00c7\u00f6mez, Turizm Bakan\u0131 Mehmet Nuri Ersoy ile ilgili bomba bir iddiay\u0131 g\u00fcndeme getirdi.<\/p>\n<p>\u00c7\u00f6mez, 78 vatanda\u015f\u0131m\u0131z\u0131n hayat\u0131n\u0131 kaybetti\u011fi Bolu Kartalkaya&#8217;daki Grand Kart Otel&#8217;de \u00e7\u0131kan yang\u0131ndan gece saat 3:40 haberi olan Turizm Bakan\u0131&#8217;n\u0131n sabah 7&#8217;de Ankara Marriot Hotel&#8217;de spora gitti\u011fi ileri s\u00fcrd\u00fc.<\/p>\n<p>\u00c7\u00f6mez&#8217;in canl\u0131 yay\u0131ndaki a\u00e7\u0131klamalar\u0131 \u015f\u00f6yle:<\/p>\n<p><b>&#8216;S\u0130Z NASIL B\u0130R \u0130NSANSINIZ?&#8217;<\/b><\/p>\n<p>&#8220;Gece saat 3:40&#8217;da Bakanlar Konseyi&#8217;nin bu yang\u0131ndan haberi vard\u0131. Sabah saat 7&#8230; Bakan\u0131m\u0131z nerede? Beyefendi sabah saat 7:00&#8217;de Ankara Marriot Hotel&#8217;de sabah sporu yap\u0131yor, tam 1 bu\u00e7uk saat. \u0130nsanlar\u0131n yanm\u0131\u015f cesetleri hala o otelin i\u00e7erisinde. Bir k\u0131sm\u0131 pili\u00e7 firmas\u0131n\u0131n TIR&#8217;\u0131n\u0131n dorsesinde istifleniyor, beyefendi gitmi\u015f sabah kahvesini i\u00e7ip, Ankara&#8217;n\u0131n en l\u00fcks otelinde spor yap\u0131yor. Bu t\u00fcrl\u00fc bir \u00fclke y\u00f6netilir mi bu t\u00fcrl\u00fc bir devlet y\u00f6netilir mi? Siz nas\u0131l bir insan\u0131z, nas\u0131l bir vicdan\u0131n\u0131z var sizin!&#8221;<\/p>\n","protected":false},"excerpt":{"rendered":"<p>G\u00dcZEL Partili \u00c7\u00f6mez, Kartalkaya&#8217;daki otel yang\u0131n\u0131 haberini gece \u00f6\u011frenmesine ra\u011fmen Turizm Bakan\u0131 Mehmet Nuri Ersoy&#8217;un sabah 7&#8217;de Ankara&#8217;n\u0131n l\u00fcks bir otelinde spora gitti\u011fini tez etti.<\/p>\n","protected":false},"author":1,"featured_media":27543,"comment_status":"open","ping_status":"open","sticky":false,"template":"","format":"standard","meta":{"footnotes":""},"categories":[25],"tags":[1272,701],"class_list":["post-27542","post","type-post","status-publish","format-standard","has-post-thumbnail","hentry","category-gundem","tag-saat","tag-sabah"],"_links":{"self":[{"href":"https:\/\/ikimisli.tr\/index.php\/wp-json\/wp\/v2\/posts\/27542","targetHints":{"allow":["GET"]}}],"collection":[{"href":"https:\/\/ikimisli.tr\/index.php\/wp-json\/wp\/v2\/posts"}],"about":[{"href":"https:\/\/ikimisli.tr\/index.php\/wp-json\/wp\/v2\/types\/post"}],"author":[{"embeddable":true,"href":"https:\/\/ikimisli.tr\/index.php\/wp-json\/wp\/v2\/users\/1"}],"replies":[{"embeddable":true,"href":"https:\/\/ikimisli.tr\/index.php\/wp-json\/wp\/v2\/comments?post=27542"}],"version-history":[{"count":1,"href":"https:\/\/ikimisli.tr\/index.php\/wp-json\/wp\/v2\/posts\/27542\/revisions"}],"predecessor-version":[{"id":27544,"href":"https:\/\/ikimisli.tr\/index.php\/wp-json\/wp\/v2\/posts\/27542\/revisions\/27544"}],"wp:featuredmedia":[{"embeddable":true,"href":"https:\/\/ikimisli.tr\/index.php\/wp-json\/wp\/v2\/media\/27543"}],"wp:attachment":[{"href":"https:\/\/ikimisli.tr\/index.php\/wp-json\/wp\/v2\/media?parent=27542"}],"wp:term":[{"taxonomy":"category","embeddable":true,"href":"https:\/\/ikimisli.tr\/index.php\/wp-json\/wp\/v2\/categories?post=27542"},{"taxonomy":"post_tag","embeddable":true,"href":"https:\/\/ikimisli.tr\/index.php\/wp-json\/wp\/v2\/tags?post=27542"}],"curies":[{"name":"wp","href":"https:\/\/api.w.org\/{rel}","templated":true}]}}