{"id":27587,"date":"2025-04-17T07:12:07","date_gmt":"2025-04-17T07:12:07","guid":{"rendered":"https:\/\/ikimisli.tr\/?p=27587"},"modified":"2025-04-17T07:12:07","modified_gmt":"2025-04-17T07:12:07","slug":"alisveris-yaparken-bu-belirtileri-yasiyorsaniz-dikkat","status":"publish","type":"post","link":"https:\/\/ikimisli.tr\/index.php\/2025\/04\/17\/alisveris-yaparken-bu-belirtileri-yasiyorsaniz-dikkat\/","title":{"rendered":"Al\u0131\u015fveri\u015f yaparken bu belirtileri ya\u015f\u0131yorsan\u0131z dikkat!"},"content":{"rendered":"<p>Genellikle haf\u0131za kayb\u0131, davran\u0131\u015f de\u011fi\u015fiklikleri, konu\u015fma ve lisan meseleleri \u00fczere belirtilerle kendini g\u00f6steren bunama, beynin daima gerilemesiyle alakal\u0131 bir k\u00fcme semptomdur. Alzheimer Derne\u011fi uzmanlar\u0131, bu durumu ya\u015fayan bireylerin al\u0131\u015fveri\u015f yaparken kimi yanl\u0131\u015f alg\u0131lama ve yanl\u0131\u015f tan\u0131mlama sorunlar\u0131 ya\u015fayabileceklerine dikkat \u00e7ekti. Bu belirtileri fark eden \u015fah\u0131slar\u0131n t\u0131bbi yard\u0131m almas\u0131 \u00f6nerilir.\u00a0<\/p>\n<p><b>YANLI\u015e ALGILAMALAR VE TANIMLAMALAR NEDEN OLUR?\u00a0<\/b><\/p>\n<p>Bunama hastalar\u0131 bazen etraflar\u0131n\u0131 yanl\u0131\u015f alg\u0131layabilir yahut g\u00f6rd\u00fckleri objeleri yanl\u0131\u015f tan\u0131mlayabilir. \u00d6rne\u011fin, televizyon kumandas\u0131 bir demans hastas\u0131 i\u00e7in cep telefonu \u00fczere alg\u0131lanabilir. Bunun birka\u00e7 muhtemel nedeni olabilir bir yandan g\u00f6rsel sistemde ya\u015fanan bozulmalar, bir yandan da objenin hakikat halde tan\u0131mlanamamas\u0131 ya da beyindeki hasar\u0131n, beynin objeleri hakikat halde i\u015flemekte zorlanmas\u0131na yol a\u00e7mas\u0131 \u00fczere durumlard\u0131r. Alzheimer Derne\u011fi, bu \u00e7e\u015fit yanl\u0131\u015f alg\u0131lamalar\u0131n ve tan\u0131mlamalar\u0131n bilhassa ya\u015fla birlikte art\u0131\u015f g\u00f6sterdi\u011fini ve bunama hastalar\u0131n\u0131n ya\u015fland\u0131k\u00e7a g\u00f6rme yeteneklerinin de k\u00f6t\u00fcle\u015febilece\u011fini vurgulad\u0131.\u00a0<\/p>\n<p><b>ALI\u015eVER\u0130\u015e YAPARKEN D\u0130KKAT ED\u0130LMES\u0130 GEREKENLER\u00a0<\/b><\/p>\n<p>Al\u0131\u015fveri\u015f esnas\u0131nda bunama belirtileri daha besbelli hale gelebilir. Bunama hastalar\u0131, al\u0131\u015fveri\u015f yaparken yanl\u0131\u015f para kullanma yahut \u00f6deme kart\u0131n\u0131 kar\u0131\u015ft\u0131rma \u00fczere yan\u0131lg\u0131lar yapabilir. \u00d6te yandan otob\u00fcs bileti \u00fczere bir objeyi \u00f6deme arac\u0131 olarak kullanmaya \u00e7al\u0131\u015fabilirler. Alzheimer Derne\u011fi, bu \u00e7e\u015fit yanl\u0131\u015flar\u0131n bunaman\u0131n bir belirtisi olabilece\u011fini ve hastalar\u0131n al\u0131\u015fveri\u015f yaparken yanl\u0131\u015fs\u0131z para \u00fcst\u00fcn\u00fc kar\u0131\u015ft\u0131rman\u0131n da bu belirtiler ortas\u0131nda oldu\u011funa dikkat \u00e7ekti.\u00a0<\/p>\n<p><b>D\u0130\u011eER BUNAMA BEL\u0130RT\u0130LER\u0130\u00a0<\/b><\/p>\n<p>Bunaman\u0131n belirtileri yaln\u0131zca al\u0131\u015fveri\u015fte de\u011fil, g\u00fcndelik hayatta da kendini g\u00f6sterebilir. \u0130\u015fte dikkat edilmesi gereken ba\u015fka de\u011ferli belirtiler:<\/p>\n<ul>\n<li>Haf\u0131za kayb\u0131<\/li>\n<li>Konsantrasyon g\u00fc\u00e7l\u00fc\u011f\u00fc<\/li>\n<li>Konu\u015fmalarda zorlanma ya da hakikat kelimeyi bulamama<\/li>\n<li>Zaman ve yerde ba\u015f kar\u0131\u015f\u0131kl\u0131\u011f\u0131<\/li>\n<li>Ruh hali de\u011fi\u015fimleri<\/li>\n<\/ul>\n<p>\u00a0<\/p>\n","protected":false},"excerpt":{"rendered":"<p>Demans hastalar\u0131n\u0131n al\u0131\u015fveri\u015f yaparken kar\u015f\u0131la\u015ft\u0131\u011f\u0131 zorluklar \u00e7oklukla bu belirtilerle kendini g\u00f6steriyor. Uzmanlar, bu t\u0131p davran\u0131\u015flar\u0131n hastalar\u0131n g\u00fcnl\u00fck hayat\u0131nda kar\u015f\u0131la\u015ft\u0131\u011f\u0131 ortak demans semptomlar\u0131 oldu\u011funa dikkat \u00e7ekti. \u00a0Bu belirtiler sinyal olabilir&#8230;<\/p>\n","protected":false},"author":1,"featured_media":27588,"comment_status":"open","ping_status":"open","sticky":false,"template":"","format":"standard","meta":{"footnotes":""},"categories":[29],"tags":[4800,2596,4799,2489],"class_list":["post-27587","post","type-post","status-publish","format-standard","has-post-thumbnail","hentry","category-saglik","tag-alisveris","tag-belirtiler","tag-bunama","tag-yanlis"],"_links":{"self":[{"href":"https:\/\/ikimisli.tr\/index.php\/wp-json\/wp\/v2\/posts\/27587","targetHints":{"allow":["GET"]}}],"collection":[{"href":"https:\/\/ikimisli.tr\/index.php\/wp-json\/wp\/v2\/posts"}],"about":[{"href":"https:\/\/ikimisli.tr\/index.php\/wp-json\/wp\/v2\/types\/post"}],"author":[{"embeddable":true,"href":"https:\/\/ikimisli.tr\/index.php\/wp-json\/wp\/v2\/users\/1"}],"replies":[{"embeddable":true,"href":"https:\/\/ikimisli.tr\/index.php\/wp-json\/wp\/v2\/comments?post=27587"}],"version-history":[{"count":1,"href":"https:\/\/ikimisli.tr\/index.php\/wp-json\/wp\/v2\/posts\/27587\/revisions"}],"predecessor-version":[{"id":27589,"href":"https:\/\/ikimisli.tr\/index.php\/wp-json\/wp\/v2\/posts\/27587\/revisions\/27589"}],"wp:featuredmedia":[{"embeddable":true,"href":"https:\/\/ikimisli.tr\/index.php\/wp-json\/wp\/v2\/media\/27588"}],"wp:attachment":[{"href":"https:\/\/ikimisli.tr\/index.php\/wp-json\/wp\/v2\/media?parent=27587"}],"wp:term":[{"taxonomy":"category","embeddable":true,"href":"https:\/\/ikimisli.tr\/index.php\/wp-json\/wp\/v2\/categories?post=27587"},{"taxonomy":"post_tag","embeddable":true,"href":"https:\/\/ikimisli.tr\/index.php\/wp-json\/wp\/v2\/tags?post=27587"}],"curies":[{"name":"wp","href":"https:\/\/api.w.org\/{rel}","templated":true}]}}