{"id":27593,"date":"2025-04-17T07:36:18","date_gmt":"2025-04-17T07:36:18","guid":{"rendered":"https:\/\/ikimisli.tr\/?p=27593"},"modified":"2025-04-17T07:36:18","modified_gmt":"2025-04-17T07:36:18","slug":"soylular-icin-gizli-gecit-olarak-kullaniliyordu-beyoglundaki-gizli-tunelin-gizemi","status":"publish","type":"post","link":"https:\/\/ikimisli.tr\/index.php\/2025\/04\/17\/soylular-icin-gizli-gecit-olarak-kullaniliyordu-beyoglundaki-gizli-tunelin-gizemi\/","title":{"rendered":"Soylular i\u00e7in gizli ge\u00e7it olarak kullan\u0131l\u0131yordu: Beyo\u011flu&#8217;ndaki &#8216;gizli t\u00fcnel&#8217;in gizemi"},"content":{"rendered":"<p>\u0130stiklal Caddesi&#8217;ndeki Rumeli Han, sat\u0131larak el de\u011fi\u015ftirdikten sonra 2017 y\u0131l\u0131nda onar\u0131ma girdi. Yap\u0131lan \u00e7al\u0131\u015fmalar\u0131n akabinde han\u0131n alt\u0131ndaki b\u00e2t\u0131n t\u00fcnel ke\u015ffedildi. Tarihi dokusu bozulmadan yenilenen ve temizlenen 1894 \u00fcretimi t\u00fcnel, yak\u0131n vakitte \u00e7e\u015fitli etkinliklere konut sahipli\u011fi yapacak. <\/p>\n<p><b>SOYLULAR \u0130\u00c7\u0130N SAKLI GE\u00c7\u0130T OLARAK KULLANILIYORDU<\/b><\/p>\n<p>Rag\u0131p Efendi&#8217;nin yapt\u0131rd\u0131\u011f\u0131, \u00f6teki iki han olan Anadolu Han ve Afrika Han ile ili\u015fkili olan t\u00fcnelin, ge\u00e7mi\u015fte halk ortas\u0131na kar\u0131\u015fmak istemeyen soylu ve g\u00fc\u00e7l\u00fc \u015fah\u0131slar taraf\u0131ndan binalar ortas\u0131nda ge\u00e7i\u015f yapmak i\u00e7in kullan\u0131ld\u0131\u011f\u0131 biliniyor.<\/p>\n<p><img decoding=\"async\" src=\"https:\/\/ikimisli.tr\/wp-content\/uploads\/2025\/04\/soylular-icin-gizli-gecit-olarak-kullaniliyordu-beyoglundaki-gizli-tunelin-gizemi-0-cy2AjeP3.jpg\"\/><\/p>\n<p><b>&#8216;BURAYI ETK\u0130NL\u0130KLERDE KULLANMAYI D\u00dc\u015e\u00dcN\u00dcYORUZ&#8217;<\/b><\/p>\n<p>Rumeli Han&#8217;da t\u00fcnel sorumlusu H\u00fcseyin Y\u00fcksel, &#8220;Bu k\u00fclt\u00fcrel miras\u0131 yaparken Rag\u0131p Pa\u015fa, bununla birlikte \u0130stiklal Caddesi \u00fczerindeki Anadolu ve B\u00fcy\u00fck Parmak ile K\u00fc\u00e7\u00fck Parmak Sokak ortas\u0131ndaki Afrika Han&#8217;\u0131 yapm\u0131\u015ft\u0131r. Bu \u00fc\u00e7 han\u0131, ge\u00e7i\u015f i\u00e7in t\u00fcnellerini birbirine ba\u011flam\u0131\u015f. Afrika&#8217;dan gelen konuklar Afrika Han&#8217;da kal\u0131yorlarm\u0131\u015f. Anadolu Han&#8217;da da Anadolu yakas\u0131ndan gelen vatanda\u015flar\u0131m\u0131z, gerekse \u0130ran&#8217;dan gelenler kal\u0131yorlarm\u0131\u015f. \u015eirketimiz bu binay\u0131 ald\u0131ktan sonra bu binan\u0131n onar\u0131m\u0131 ba\u015flad\u0131. Bu binan\u0131n evvel pakl\u0131\u011f\u0131n\u0131 yapt\u0131. Burada tabi 140- 150 y\u0131ld\u0131r hor kullan\u0131lm\u0131\u015f bina. \u00c7\u00f6pler, kirlilikler vard\u0131. Burada 100 kamyondan fazla moloz \u00e7\u0131kartt\u0131k.<\/p>\n<p><img decoding=\"async\" src=\"https:\/\/ikimisli.tr\/wp-content\/uploads\/2025\/04\/soylular-icin-gizli-gecit-olarak-kullaniliyordu-beyoglundaki-gizli-tunelin-gizemi-1-IWxfF57M.jpg\"\/><\/p>\n<p>Buran\u0131n mevcut s\u0131v\u0131lar\u0131n\u0131 d\u00f6kt\u00fck, tekrar 1890&#8217;daki kullan\u0131lan materyalle asl\u0131na uygun olarak restore ettik. Onar\u0131m i\u015fi a\u015fa\u011f\u0131 \u00fcst planlamas\u0131 ile 2012&#8217;de ba\u015flad\u0131. Ancak s\u00fcre\u00e7lere 2015&#8217;te ba\u015fland\u0131. Birka\u00e7 y\u0131ld\u0131r s\u00fcr\u00fcyor. Bina b\u00fcsb\u00fct\u00fcn bitmek \u00fczere. Alman bir mimar\u0131n \u00e7al\u0131\u015fmas\u0131 ile binan\u0131n \u00f6z\u00fcne sad\u0131k kald\u0131k biz de. En ufak bir m\u00fcdahalemiz olmad\u0131. Yaln\u0131zca bina pakl\u0131\u011f\u0131n\u0131 yapt\u0131k. Vatanda\u015flara k\u0131sa vakitte a\u00e7aca\u011f\u0131z tam olarak. Buradaki etkinliklerimiz, kitap stantlar\u0131, foto\u011fraf stand\u0131, heykel stand\u0131, at\u00f6lyeler olacak. Buray\u0131 \u00e7ok farkl\u0131 gayelerle kullanmay\u0131 d\u00fc\u015f\u00fcn\u00fcyoruz. Her t\u00fcrl\u00fc konser ve \u00f6teki etkinlikler de i\u00e7in de kullan\u0131lacak&#8221; dedi.<\/p>\n<p><img decoding=\"async\" src=\"https:\/\/ikimisli.tr\/wp-content\/uploads\/2025\/04\/soylular-icin-gizli-gecit-olarak-kullaniliyordu-beyoglundaki-gizli-tunelin-gizemi-2-1HdUQtMk.jpg\"\/><\/p>\n<p><b>&#8216;\u0130LK FIRSATTA BURAYA \u00d6\u011eRENC\u0130LER\u0130MLE B\u0130RL\u0130KTE GELMEK \u0130ST\u0130YORUM&#8217;<\/b><\/p>\n<p>T\u00fcneli gezmeye gelen \u0130nci Yaman, \u00f6\u011frencileriyle de buray\u0131 ziyaret edece\u011fini belirterek, &#8220;Bir tarih \u00f6\u011fretmeni olarak Taksim t\u00fcnelde bulunan, Rumeli Han&#8217;da bulunan bu b\u00e2t\u0131n ge\u00e7idi g\u00f6rmek istedim. G\u00fcn\u00fcm\u00fcze kadar korunmu\u015f, tarih\u00ee yap\u0131s\u0131, tarihi dokusu korunmu\u015f b\u00fct\u00fcn olarak \u00e7ok be\u011fendik. \u00d6b\u00fcr vatanda\u015flar\u0131m\u0131za da tavsiye ederim, gelip g\u00f6rmelerini isterim. O miras\u0131 ya\u015famalar\u0131n\u0131 isterim. Osmanl\u0131 periyodunda sakl\u0131 ge\u00e7it olarak kullan\u0131lm\u0131\u015f bir yer. O periyodun toplum i\u00e7ine kar\u0131\u015fmayan burjuva kesitinin bu t\u00fcnellerden ge\u00e7ti\u011fi s\u00f6ylenir, tabir edilir.<\/p>\n<p>Bu tarih\u00ee yap\u0131y\u0131 g\u00f6rmek ismine da arkada\u015flar\u0131m\u0131zla s\u00f6mestr tatilimizi k\u0131ymetlendirmek ismine bu t\u00fcrl\u00fc ho\u015f bir yere gelmek, tarihi miras\u0131m\u0131z\u0131 gezmek, g\u00f6rmek istedik. Herkese tavsiye ederim. Halka a\u00e7\u0131ld\u0131\u011f\u0131 vakit b\u00fcsb\u00fct\u00fcn, \u00f6\u011frencilerle de buray\u0131 gezip g\u00f6rmek, onlarla da bu duyguyu, bu tarihi dokuyu, n\u00fcans\u0131 ya\u015famalar\u0131 i\u00e7in gelmelerini isterim. O y\u00fczden de birinci f\u0131rsatta buraya \u00f6\u011frencilerimle birlikte gelmek istiyorum&#8221; bi\u00e7iminde konu\u015ftu.<\/p>\n<p><img decoding=\"async\" src=\"https:\/\/ikimisli.tr\/wp-content\/uploads\/2025\/04\/soylular-icin-gizli-gecit-olarak-kullaniliyordu-beyoglundaki-gizli-tunelin-gizemi-3-XKqFkA2x.jpg\"\/><\/p>\n<p><b>&#8216;TA\u015eLARIN HEPS\u0130 TAR\u0130H KOKUYOR&#8217;<\/b><\/p>\n<p>T\u00fcneli gezen Serpil Kaya ise, &#8220;Arkada\u015flar olarak gezip g\u00f6rebilece\u011fimiz yerler ar\u0131yorduk. Buras\u0131 da kar\u015f\u0131m\u0131za \u00e7\u0131kt\u0131 Taksim Meydan\u0131&#8217;nda, Rumeli Han diye ho\u015f bir yer. Yaln\u0131zca alt ge\u00e7idi ile ilgili Osmanl\u0131 padi\u015fah ve hanedanlar\u0131n\u0131n sakl\u0131 ge\u00e7it olarak kulland\u0131\u011f\u0131n\u0131 \u00f6\u011frendik. Ta\u015flar\u0131n hepsi tarih kokuyor sahiden. \u00dcste \u00e7\u0131kt\u0131k oray\u0131 da g\u00f6rd\u00fck, tarihi yar\u0131mada g\u00f6r\u00fcn\u00fcyor. G\u00f6r\u00fcn\u00fcm\u00fc da \u00e7ok ho\u015f. Ho\u015f k\u0131ymetlendirilebilir bir yer asl\u0131nda. Dar bir alan lakin havadar da t\u0131pk\u0131 vakitte, ho\u015f organize edilmi\u015f anlad\u0131\u011f\u0131m kadar\u0131yla&#8221; tabirlerini kulland\u0131.<\/p>\n","protected":false},"excerpt":{"rendered":"<p>\u0130stiklal Caddesi&#8217;ndeki Rumeli Han&#8217;da 2017 y\u0131l\u0131nda ba\u015flayan onar\u0131m \u00e7al\u0131\u015fmalar\u0131 s\u0131ras\u0131nda b\u00e2t\u0131n t\u00fcnel ke\u015ffedildi. Tarihi dokusu bozulmadan yenilenen ve 1894 y\u0131l\u0131nda yap\u0131ld\u0131\u011f\u0131 \u00f6\u011frenilen t\u00fcnel, \u00e7e\u015fitli etkinliklere mesken sahipli\u011fi yapacak. Sar\u0131cazade Rag\u0131p Pa\u015fa taraf\u0131ndan yap\u0131lan Anadolu Han ve Afrika Han ile irtibatl\u0131 olan t\u00fcnelin, halk ortas\u0131na kar\u0131\u015fmak istemeyen soylu ve varl\u0131kl\u0131 bireyler taraf\u0131ndan binalar ortas\u0131nda ge\u00e7i\u015f i\u00e7in kullan\u0131ld\u0131\u011f\u0131 belirtiliyor.<\/p>\n","protected":false},"author":1,"featured_media":27594,"comment_status":"open","ping_status":"open","sticky":false,"template":"","format":"standard","meta":{"footnotes":""},"categories":[26],"tags":[2134,1111,4802,2459,170],"class_list":["post-27593","post","type-post","status-publish","format-standard","has-post-thumbnail","hentry","category-kultur-sanat","tag-bina","tag-guzel","tag-han","tag-tarih","tag-tunel"],"_links":{"self":[{"href":"https:\/\/ikimisli.tr\/index.php\/wp-json\/wp\/v2\/posts\/27593","targetHints":{"allow":["GET"]}}],"collection":[{"href":"https:\/\/ikimisli.tr\/index.php\/wp-json\/wp\/v2\/posts"}],"about":[{"href":"https:\/\/ikimisli.tr\/index.php\/wp-json\/wp\/v2\/types\/post"}],"author":[{"embeddable":true,"href":"https:\/\/ikimisli.tr\/index.php\/wp-json\/wp\/v2\/users\/1"}],"replies":[{"embeddable":true,"href":"https:\/\/ikimisli.tr\/index.php\/wp-json\/wp\/v2\/comments?post=27593"}],"version-history":[{"count":1,"href":"https:\/\/ikimisli.tr\/index.php\/wp-json\/wp\/v2\/posts\/27593\/revisions"}],"predecessor-version":[{"id":27599,"href":"https:\/\/ikimisli.tr\/index.php\/wp-json\/wp\/v2\/posts\/27593\/revisions\/27599"}],"wp:featuredmedia":[{"embeddable":true,"href":"https:\/\/ikimisli.tr\/index.php\/wp-json\/wp\/v2\/media\/27594"}],"wp:attachment":[{"href":"https:\/\/ikimisli.tr\/index.php\/wp-json\/wp\/v2\/media?parent=27593"}],"wp:term":[{"taxonomy":"category","embeddable":true,"href":"https:\/\/ikimisli.tr\/index.php\/wp-json\/wp\/v2\/categories?post=27593"},{"taxonomy":"post_tag","embeddable":true,"href":"https:\/\/ikimisli.tr\/index.php\/wp-json\/wp\/v2\/tags?post=27593"}],"curies":[{"name":"wp","href":"https:\/\/api.w.org\/{rel}","templated":true}]}}