{"id":27659,"date":"2025-04-17T11:48:06","date_gmt":"2025-04-17T11:48:06","guid":{"rendered":"https:\/\/ikimisli.tr\/?p=27659"},"modified":"2025-04-17T11:48:06","modified_gmt":"2025-04-17T11:48:06","slug":"audi-kararindan-vazgecti-kullanicilarin-kafasi-karisti","status":"publish","type":"post","link":"https:\/\/ikimisli.tr\/index.php\/2025\/04\/17\/audi-kararindan-vazgecti-kullanicilarin-kafasi-karisti\/","title":{"rendered":"Audi karar\u0131ndan vazge\u00e7ti: Kullan\u0131c\u0131lar\u0131n kafas\u0131 kar\u0131\u015ft\u0131"},"content":{"rendered":"<p>Audi, 2023&#8217;te i\u00e7ten yanmal\u0131 ve elektrikli modellerini ay\u0131rt etmek gayesiyle farkl\u0131 say\u0131lar kullanmay\u0131 planlam\u0131\u015ft\u0131. Bu plana nazaran, i\u00e7ten yanmal\u0131 motorlu ara\u00e7lar tek say\u0131larla (\u00f6rne\u011fin Q5) isimlendirilecek, elektrikli ara\u00e7lar ise \u00e7ift say\u0131larla (\u00f6rne\u011fin Q8) isimlendirilecekti. Fakat, Audi bu yeni yakla\u015f\u0131m\u0131n\u0131 hayata ge\u00e7irmemeye karar verdi.<\/p>\n<p><b>BOYUT BAZLI \u0130S\u0130MLEND\u0130RME S\u00dcRD\u00dcR\u00dcL\u00dcYOR<\/b><\/p>\n<p>Audi&#8217;nin a\u00e7\u0131klamas\u0131na nazaran, araba model isimleri, art\u0131k arac\u0131n boyutunu belirleyecek. Yani, motor tipi fark etmeksizin, model isimleri arac\u0131n b\u00fcy\u00fckl\u00fc\u011f\u00fcne nazaran s\u0131ralanacak. Bu durumda, Audi&#8217;nin klasik isimlendirme stratejisi, motor tipinden ba\u011f\u0131ms\u0131z olarak boyutlara at\u0131fta bulunmaya devam edecek.<\/p>\n<p><b>MOTOR T\u0130PLER\u0130NE NAZARAN TAKILAR KULLANILACAK<\/b><\/p>\n<p>Motor1&#8217;in haberine nazaran, Audi, motor tiplerine nazaran isimlerdeki ekleri de s\u00fcrd\u00fcrecek. \u00d6rne\u011fin, i\u00e7ten yanmal\u0131 akaryak\u0131tl\u0131 motorlu ara\u00e7lar i\u00e7in <strong>&#8220;TFSI&#8221;<\/strong>, plug-in hibritler i\u00e7in <strong>&#8220;TFSIe&#8221;,<\/strong> dizel motorlu ara\u00e7lar i\u00e7in <strong>&#8220;TDI&#8221;<\/strong>, b\u00fcsb\u00fct\u00fcn elektrikli ara\u00e7lar i\u00e7inse <strong>&#8220;e-tron&#8221; <\/strong>tak\u0131lar\u0131 kullan\u0131lacak. B\u00f6ylelikle, kullan\u0131c\u0131lar motor tipi hakk\u0131nda kolay kolay bilgi sahibi olabilecek.<\/p>\n<p><b>G\u00d6VDE T\u0130P\u0130 TAR\u0130FLER\u0130 DEVAM EDECEK<\/b><\/p>\n<p>Audi, ara\u00e7lar\u0131n\u0131n g\u00f6vde tipi tan\u0131mlamalar\u0131n\u0131 da koruyacak. Sedan, Avant, Sportback \u00fczere tabirler, markan\u0131n modelleri ortas\u0131nda net bir ayr\u0131m yapmaya yard\u0131mc\u0131 olacak ve kullan\u0131c\u0131lar i\u00e7in arac\u0131n dizayn\u0131n\u0131 daha bariz k\u0131lacak.<\/p>\n<p><b>KULLANICILARIN BA\u015eI KARI\u015eTI\u00a0<\/b><\/p>\n<p>Audi&#8217;nin bu karar\u0131, kullan\u0131c\u0131lar ortas\u0131nda farkl\u0131 g\u00f6r\u00fc\u015flere yol a\u00e7t\u0131. Birtak\u0131m kullan\u0131c\u0131lar, yeni isimlendirme plan\u0131n\u0131n motor tipi farklar\u0131n\u0131 net bir formda g\u00f6sterece\u011fini savunurken, \u00f6b\u00fcrleri eski sistemin daha anla\u015f\u0131l\u0131r oldu\u011funu belirterek, de\u011fi\u015fikli\u011fin gereksiz oldu\u011funu tabir etti. Audi&#8217;nin bu karar\u0131, markan\u0131n gelecekteki isimlendirme siyasetinde nas\u0131l bir yol izleyece\u011fini de sorgulat\u0131yor.<\/p>\n","protected":false},"excerpt":{"rendered":"<p>Audi, 2023 y\u0131l\u0131nda duyurdu\u011fu yeni isimlendirme stratejisinden geri ad\u0131m atarak, ara\u00e7lar\u0131n\u0131n model isimlerini belirlerken motor tipini de\u011fil, arac\u0131n boyutunu temel almay\u0131 s\u00fcrd\u00fcrece\u011fini a\u00e7\u0131klad\u0131. \u015eirket, planlad\u0131\u011f\u0131 de\u011fi\u015fikliklerin kullan\u0131c\u0131lar ortas\u0131nda ba\u015f kar\u0131\u015f\u0131kl\u0131\u011f\u0131na neden olabilece\u011fini belirterek, eski sistemini tercih edece\u011fini duyurdu.<\/p>\n","protected":false},"author":1,"featured_media":27660,"comment_status":"open","ping_status":"open","sticky":false,"template":"","format":"standard","meta":{"footnotes":""},"categories":[31],"tags":[984,4810,1688,3202,76],"class_list":["post-27659","post","type-post","status-publish","format-standard","has-post-thumbnail","hentry","category-teknoloji","tag-araclar","tag-audi","tag-kullanicilar","tag-motor","tag-tipi"],"_links":{"self":[{"href":"https:\/\/ikimisli.tr\/index.php\/wp-json\/wp\/v2\/posts\/27659","targetHints":{"allow":["GET"]}}],"collection":[{"href":"https:\/\/ikimisli.tr\/index.php\/wp-json\/wp\/v2\/posts"}],"about":[{"href":"https:\/\/ikimisli.tr\/index.php\/wp-json\/wp\/v2\/types\/post"}],"author":[{"embeddable":true,"href":"https:\/\/ikimisli.tr\/index.php\/wp-json\/wp\/v2\/users\/1"}],"replies":[{"embeddable":true,"href":"https:\/\/ikimisli.tr\/index.php\/wp-json\/wp\/v2\/comments?post=27659"}],"version-history":[{"count":1,"href":"https:\/\/ikimisli.tr\/index.php\/wp-json\/wp\/v2\/posts\/27659\/revisions"}],"predecessor-version":[{"id":27661,"href":"https:\/\/ikimisli.tr\/index.php\/wp-json\/wp\/v2\/posts\/27659\/revisions\/27661"}],"wp:featuredmedia":[{"embeddable":true,"href":"https:\/\/ikimisli.tr\/index.php\/wp-json\/wp\/v2\/media\/27660"}],"wp:attachment":[{"href":"https:\/\/ikimisli.tr\/index.php\/wp-json\/wp\/v2\/media?parent=27659"}],"wp:term":[{"taxonomy":"category","embeddable":true,"href":"https:\/\/ikimisli.tr\/index.php\/wp-json\/wp\/v2\/categories?post=27659"},{"taxonomy":"post_tag","embeddable":true,"href":"https:\/\/ikimisli.tr\/index.php\/wp-json\/wp\/v2\/tags?post=27659"}],"curies":[{"name":"wp","href":"https:\/\/api.w.org\/{rel}","templated":true}]}}