{"id":27683,"date":"2025-04-17T13:12:07","date_gmt":"2025-04-17T13:12:07","guid":{"rendered":"https:\/\/ikimisli.tr\/?p=27683"},"modified":"2025-04-17T13:12:07","modified_gmt":"2025-04-17T13:12:07","slug":"abdli-finans-devinden-faizde-fren-tavsiyesi","status":"publish","type":"post","link":"https:\/\/ikimisli.tr\/index.php\/2025\/04\/17\/abdli-finans-devinden-faizde-fren-tavsiyesi\/","title":{"rendered":"ABD&#8217;li finans devinden faizde fren tavsiyesi"},"content":{"rendered":"<p>Yurt i\u00e7inde d\u00fcn ocak ay\u0131 enflasyon say\u0131lar\u0131 takip edildi. T\u00fcketici fiyat endeksi (T\u00dcFE) y\u0131ll\u0131k y\u00fczde 42,12 ayl\u0131k y\u00fczde 5,03 olarak a\u00e7\u0131kland\u0131.<\/p>\n<p>Ocak ay\u0131 enflasyon bilgilerinin piyasa beklentilerinin \u00e7ok \u00fczerinde a\u00e7\u0131klanmas\u0131n\u0131n akabinde, yabanc\u0131 kurumlar T\u00fcrkiye Cumhuriyet Merkez Bankas\u0131&#8217;n\u0131n (TCMB) faiz indirim d\u00f6ng\u00fcs\u00fcne y\u00f6nelik varsay\u0131mlar\u0131n\u0131 payla\u015fmaya devam ediyor.<\/p>\n<p>ABD&#8217;li yat\u0131r\u0131m bankas\u0131 Goldman Sachs&#8217;tan dikkat \u00e7eken k\u0131ymetlendirme geldi. Goldman Sachs ekonomistleri Clemens Grafe ve Ba\u015fak Edizgil, TCMB&#8217;nin martta da faiz indirimlerine devam edece\u011fi k\u0131ymetlendirdi. Bununla bir arada Goldman Sachs ekonomistleri, ocak ay\u0131 enflasyon bilgilerinin gev\u015femede tempoyu y\u00fckseltme m\u00fcmk\u00fcnl\u00fc\u011f\u00fcn\u00fc da azaltt\u0131\u011f\u0131n\u0131 belirtti. Buna nazaran bankan\u0131n TCMB i\u00e7in faiz indiriminde geni\u015f alanlar\u0131 bir \u00f6l\u00e7\u00fc daraltmas\u0131 gerekti\u011fini sinyali ortaya \u00e7\u0131kt\u0131. \u00a0<\/p>\n<p><b>YIL SONU ENFLASYON BEKLENT\u0130S\u0130 Y\u00dcKSELD\u0130<\/b><\/p>\n<p>Goldman Sachs&#8217;\u0131n tahlilinde, ocak ay\u0131 enflasyonu sonras\u0131nda 2025 y\u0131l sonu enflasyon beklentisi de \u00fcst tarafl\u0131 revize edildi. Daha evvel 2025 y\u0131l sonu i\u00e7in y\u00fczde 23,7 enflasyon \u00f6ng\u00f6ren Goldman Sachs analistleri, beklentilerini y\u00fczde 25,5 d\u00fczeyine y\u00fckseltti.<\/p>\n<p>Ekonomistler tahlillerinde, temel senaryolar\u0131n\u0131n enflasyonun 2025 y\u0131l\u0131na kadar mevcut d\u00fczeyine yak\u0131n seyredece\u011fi istikametinde olsa da, faaliyetin h\u0131zlanmaya devam etmesi halinde \u00e7ekirdek enflasyonla ilgili riskleri \u00fcst istikametli g\u00f6rmeye devam ettiklerini belirtti.<\/p>\n<p>\u00a0<\/p>\n","protected":false},"excerpt":{"rendered":"<p>ABD&#8217;li banka Goldman Sachs, d\u00fcn a\u00e7\u0131klanan enflasyon datalar\u0131 sonras\u0131nda, TCMB&#8217;nin faiz indirimine devam edece\u011fini, fakat martta gev\u015feme temposunun art\u0131r\u0131lmas\u0131 ihtimalini azaltt\u0131\u011f\u0131n\u0131 k\u0131ymetlendirdi. Ayr\u0131yeten banka, 2025 y\u0131l sonu enflasyon beklentisi de \u00fcst tarafl\u0131 g\u00fcncellerken,<\/p>\n","protected":false},"author":1,"featured_media":27684,"comment_status":"open","ping_status":"open","sticky":false,"template":"","format":"standard","meta":{"footnotes":""},"categories":[24],"tags":[49,2555],"class_list":["post-27683","post","type-post","status-publish","format-standard","has-post-thumbnail","hentry","category-ekonomi","tag-enflasyon","tag-goldman-sachs"],"_links":{"self":[{"href":"https:\/\/ikimisli.tr\/index.php\/wp-json\/wp\/v2\/posts\/27683","targetHints":{"allow":["GET"]}}],"collection":[{"href":"https:\/\/ikimisli.tr\/index.php\/wp-json\/wp\/v2\/posts"}],"about":[{"href":"https:\/\/ikimisli.tr\/index.php\/wp-json\/wp\/v2\/types\/post"}],"author":[{"embeddable":true,"href":"https:\/\/ikimisli.tr\/index.php\/wp-json\/wp\/v2\/users\/1"}],"replies":[{"embeddable":true,"href":"https:\/\/ikimisli.tr\/index.php\/wp-json\/wp\/v2\/comments?post=27683"}],"version-history":[{"count":1,"href":"https:\/\/ikimisli.tr\/index.php\/wp-json\/wp\/v2\/posts\/27683\/revisions"}],"predecessor-version":[{"id":27685,"href":"https:\/\/ikimisli.tr\/index.php\/wp-json\/wp\/v2\/posts\/27683\/revisions\/27685"}],"wp:featuredmedia":[{"embeddable":true,"href":"https:\/\/ikimisli.tr\/index.php\/wp-json\/wp\/v2\/media\/27684"}],"wp:attachment":[{"href":"https:\/\/ikimisli.tr\/index.php\/wp-json\/wp\/v2\/media?parent=27683"}],"wp:term":[{"taxonomy":"category","embeddable":true,"href":"https:\/\/ikimisli.tr\/index.php\/wp-json\/wp\/v2\/categories?post=27683"},{"taxonomy":"post_tag","embeddable":true,"href":"https:\/\/ikimisli.tr\/index.php\/wp-json\/wp\/v2\/tags?post=27683"}],"curies":[{"name":"wp","href":"https:\/\/api.w.org\/{rel}","templated":true}]}}