{"id":27767,"date":"2025-04-17T18:12:06","date_gmt":"2025-04-17T18:12:06","guid":{"rendered":"https:\/\/ikimisli.tr\/?p=27767"},"modified":"2025-04-17T18:12:06","modified_gmt":"2025-04-17T18:12:06","slug":"ozel-hastanelerde-yeni-donem-basliyor-yuksek-ucret-odeme-devri-bitti","status":"publish","type":"post","link":"https:\/\/ikimisli.tr\/index.php\/2025\/04\/17\/ozel-hastanelerde-yeni-donem-basliyor-yuksek-ucret-odeme-devri-bitti\/","title":{"rendered":"\u00d6zel hastanelerde yeni d\u00f6nem ba\u015fl\u0131yor: Y\u00fcksek \u00fccret \u00f6deme devri bitti"},"content":{"rendered":"<p>Sa\u011fl\u0131k Bakanl\u0131\u011f\u0131 Sa\u011fl\u0131k Hizmetleri Genel M\u00fcd\u00fcr Yard\u0131mc\u0131s\u0131 Eray Yaz, Resmi Gazete&#8217;de yay\u0131mlanarak y\u00fcr\u00fcrl\u00fc\u011fe giren \u00d6zel Hastaneler Y\u00f6netmeli\u011fi&#8217;nin ayr\u0131nt\u0131lar\u0131na ait a\u00e7\u0131klamalarda bulundu.<\/p>\n<p>Yaz, yeni y\u00f6netmelikle birlikte \u00f6zel hastanelerde<strong> &#8220;t\u0131bbi endikasyon&#8221;<\/strong> temelli kontrollerin hayata ge\u00e7irilece\u011fini s\u00f6yledi.<\/p>\n<p>T\u0131bbi endikasyon temelli kontrollerin, hastalar\u0131n hastaneden ald\u0131\u011f\u0131 t\u00fcm s\u0131hhat hizmetinin t\u0131bbi gereklilikler ve uygunluklar a\u00e7\u0131s\u0131ndan k\u0131ymetlendirilmesi oldu\u011funu aktaran Yaz, <strong>&#8220;Bu k\u0131ymetlendirme, \u00f6l\u00e7\u00fctlerini belirlerken uzman ve akademisyenlerden olu\u015fan 20 komite kurduk. A\u011f\u0131r bak\u0131m, acil \u00fcnite, t\u0131bbi laboratuvar, bayan do\u011fum bran\u015flar\u0131n\u0131n yer ald\u0131\u011f\u0131 bu kurullar, hastalar\u0131n ald\u0131\u011f\u0131 t\u00fcm t\u0131bbi hizmetleri de\u011ferlendirecek&#8221;<\/strong> s\u00f6zlerini kulland\u0131.<\/p>\n<p>Yaz, T\u00fcrkiye S\u0131hhat Enstit\u00fcleri Ba\u015fkanl\u0131\u011f\u0131 (T\u00dcSEB) b\u00fcnyesindeki T\u00fcrkiye S\u0131hhat Hizmetleri Akreditasyon Enstit\u00fcs\u00fcnce (T\u00dcSKA) s\u0131hhatte akreditasyon standartlar\u0131n\u0131n belirlendi\u011fi \u015fartlar\u0131 sa\u011flayan s\u0131hhat kurulu\u015flar\u0131na verilen akreditasyon dok\u00fcman\u0131n\u0131n \u00f6zel hastaneler i\u00e7in de mecbur\u00ee hale getirildi\u011fini belirtti.<\/p>\n<p>Bu standartlar\u0131n, hastanenin idari ve t\u0131bbi s\u00fcre\u00e7lerinin tesirli ve inan\u00e7l\u0131 bir formda devam etmesini, ger\u00e7ekle\u015fmesini sa\u011flayan memleketler aras\u0131 akredite olmu\u015f ve kabul g\u00f6rm\u00fc\u015f standartlar oldu\u011funu lisana getiren Yaz, <strong>&#8220;Buradaki maksad\u0131m\u0131z, hastalar\u0131m\u0131z\u0131n ald\u0131\u011f\u0131 s\u0131hhat hizmeti ve \u00e7al\u0131\u015fan g\u00fcvenli\u011finin en \u00fcst d\u00fczeydeki standartlarda devam etmesidir&#8221;<\/strong> dedi.<\/p>\n<p>\u00d6zel hastane a\u00e7ma kriterlerinin de y\u00f6netmelikle yine d\u00fczenledi\u011fini lisana getiren Yaz,<strong> &#8220;Y\u00fcz k\u0131zart\u0131c\u0131 hata i\u015fleyenlerin \u00f6zel hastane a\u00e7mas\u0131 ve sahibi olmas\u0131 engellendi. Bunun d\u0131\u015f\u0131nda hastalar\u0131m\u0131z\u0131n s\u0131hhati ve g\u00fcvenli\u011fi a\u00e7\u0131s\u0131ndan \u00f6teki tedbirler de ald\u0131k. Hastanenin muhakkak ba\u015fl\u0131 m\u00fcsaade verilen hizmetler d\u0131\u015f\u0131nda hastanedeki bulunan t\u0131bbi hizmet \u00fcnitelerinin \u00f6b\u00fcr bireylere devredilmesi, \u00f6teki \u015fah\u0131slar\u0131n eliyle y\u00fcr\u00fct\u00fclmesi engellendi. Bunlar\u0131 yapanlar\u0131n ruhsatlar\u0131 iptal edilecek. Onun d\u0131\u015f\u0131nda hastanelerin kendi b\u00fcnyesinde bulunduklar\u0131 merkez, \u00fcnite ve tak\u0131mlar\u0131n birbirleri ortas\u0131ndaki b\u00f6l\u00fcm\u00fc yasakland\u0131. Buradaki hedefimiz, hastanenin \u00f6zelliklerinin, hastanenin tak\u0131mlar\u0131n\u0131n ticari bir meta olmas\u0131ndan \u00e7\u0131kmas\u0131d\u0131r&#8221;<\/strong> diye konu\u015ftu.<\/p>\n<p><b>FAH\u0130\u015e F\u0130YAT UYGULAYAN \u00d6ZEL HASTANELERE CEZA\u0130 M\u00dcEYY\u0130DE UYGULANACAK <\/b><\/p>\n<p>Sa\u011fl\u0131k Hizmetleri Genel M\u00fcd\u00fcr Yard\u0131mc\u0131s\u0131 Eray Yaz, Sosyal G\u00fcvenlik Kurumu ile mutabakatl\u0131 olan hastanelerin alabilece\u011fi fiyatlarla ilgili s\u0131n\u0131rlamalar getirildi\u011fini belirterek, belirlenen sonun a\u015f\u0131lmas\u0131 durumunda cezai m\u00fceyyidelerin art\u0131r\u0131laca\u011f\u0131n\u0131 ve fahi\u015f fiyat uygulanamayaca\u011f\u0131n\u0131 vurgulad\u0131.<\/p>\n<p>Yaz, \u00f6zel hastanelerin 24 saat hizmet vermek \u015fart\u0131yla nakil ambulans bulundurma mecburili\u011fi getirildi\u011fine i\u015faret ederek, <strong>&#8220;Bunu d\u0131\u015f\u0131nda \u00f6zel hastanelerde, sars\u0131nt\u0131 \u00fczere zaruret hallerinde hastalar\u0131m\u0131z\u0131n g\u00fcvenli\u011fini sa\u011flamak ismine daha kaliteli binalarda hizmet vermek i\u00e7in hastalar\u0131n daha inan\u00e7l\u0131 binalara ta\u015f\u0131nmas\u0131 kolayla\u015ft\u0131r\u0131lacak. . \u00d6zel hastanelerin talep etmesi halinde ise palyatif bak\u0131m merkezlerinin a\u00e7\u0131lmas\u0131 kolayla\u015facak, bak\u0131ma gereksinimi olan hastalar\u0131n hizmete eri\u015fimi de kolayla\u015facak&#8221; <\/strong>dedi.<\/p>\n<p>\u00d6zel Hastaneler Y\u00f6netmeli\u011fi&#8217;nde yap\u0131lan bir di\u011fer d\u00fczenlemenin de muayenehanesi bulunan tabiplerle ilgili oldu\u011funa dikkati \u00e7eken Yaz, \u015funlar\u0131 kaydetti:<\/p>\n<p><strong>&#8220;Y\u00f6netmelikte, muayene doktorlar\u0131na bir hak daha verildi. Mevcut muayenehanesini kapatmas\u0131 kayd\u0131yla \u00f6zel hastanelerde tak\u0131m kural\u0131 aranmaks\u0131z\u0131n \u00e7al\u0131\u015fabilecekler. Y\u00f6netmelikte, hastalar\u0131m\u0131z\u0131n ald\u0131\u011f\u0131 s\u0131hhat hizmeti en \u00fcst d\u00fczeye ta\u015f\u0131nm\u0131\u015f oldu. Kay\u0131t d\u0131\u015f\u0131 yap\u0131lan s\u00fcre\u00e7lerin \u00f6n\u00fcne ge\u00e7ilmeye \u00e7al\u0131\u015f\u0131ld\u0131. Amac\u0131m\u0131z hastalar\u0131m\u0131z\u0131n ald\u0131\u011f\u0131 s\u0131hhat hizmetini en \u00fcst d\u00fczeye ta\u015f\u0131mak. Bunu denetlenebilir hale getirmek. Kay\u0131t d\u0131\u015f\u0131 uygulamalar\u0131n \u00f6n\u00fcne ge\u00e7mek ve s\u0131hhatin ticarile\u015ftirilmesini engellemek&#8221;<\/strong> dedi. <\/p>\n","protected":false},"excerpt":{"rendered":"<p>\u00d6zel hastanelerde hastalar\u0131n ald\u0131\u011f\u0131 t\u00fcm hizmetler, S\u0131hhat Bakanl\u0131\u011f\u0131nca olu\u015fturulan uzman ve akademisyenlerin yer ald\u0131\u011f\u0131 komiteler taraf\u0131ndan &#8220;t\u0131bbi endikasyon&#8221; kontrol\u00fcne tabi tutulacak.<\/p>\n","protected":false},"author":1,"featured_media":27768,"comment_status":"open","ping_status":"open","sticky":false,"template":"","format":"standard","meta":{"footnotes":""},"categories":[25],"tags":[781,799,4215,150,4832],"class_list":["post-27767","post","type-post","status-publish","format-standard","has-post-thumbnail","hentry","category-gundem","tag-hastane","tag-hizmet","tag-ozel-hastaneler","tag-saglik","tag-yaz"],"_links":{"self":[{"href":"https:\/\/ikimisli.tr\/index.php\/wp-json\/wp\/v2\/posts\/27767","targetHints":{"allow":["GET"]}}],"collection":[{"href":"https:\/\/ikimisli.tr\/index.php\/wp-json\/wp\/v2\/posts"}],"about":[{"href":"https:\/\/ikimisli.tr\/index.php\/wp-json\/wp\/v2\/types\/post"}],"author":[{"embeddable":true,"href":"https:\/\/ikimisli.tr\/index.php\/wp-json\/wp\/v2\/users\/1"}],"replies":[{"embeddable":true,"href":"https:\/\/ikimisli.tr\/index.php\/wp-json\/wp\/v2\/comments?post=27767"}],"version-history":[{"count":1,"href":"https:\/\/ikimisli.tr\/index.php\/wp-json\/wp\/v2\/posts\/27767\/revisions"}],"predecessor-version":[{"id":27769,"href":"https:\/\/ikimisli.tr\/index.php\/wp-json\/wp\/v2\/posts\/27767\/revisions\/27769"}],"wp:featuredmedia":[{"embeddable":true,"href":"https:\/\/ikimisli.tr\/index.php\/wp-json\/wp\/v2\/media\/27768"}],"wp:attachment":[{"href":"https:\/\/ikimisli.tr\/index.php\/wp-json\/wp\/v2\/media?parent=27767"}],"wp:term":[{"taxonomy":"category","embeddable":true,"href":"https:\/\/ikimisli.tr\/index.php\/wp-json\/wp\/v2\/categories?post=27767"},{"taxonomy":"post_tag","embeddable":true,"href":"https:\/\/ikimisli.tr\/index.php\/wp-json\/wp\/v2\/tags?post=27767"}],"curies":[{"name":"wp","href":"https:\/\/api.w.org\/{rel}","templated":true}]}}