{"id":27860,"date":"2025-04-17T23:48:09","date_gmt":"2025-04-17T23:48:09","guid":{"rendered":"https:\/\/ikimisli.tr\/?p=27860"},"modified":"2025-04-17T23:48:09","modified_gmt":"2025-04-17T23:48:09","slug":"mhpli-belediyenin-kopek-katliami-yaptigi-ortaya-cikmisti-tarim-mudurlugu-inceleme-yapmadan-rapor-tutmus","status":"publish","type":"post","link":"https:\/\/ikimisli.tr\/index.php\/2025\/04\/17\/mhpli-belediyenin-kopek-katliami-yaptigi-ortaya-cikmisti-tarim-mudurlugu-inceleme-yapmadan-rapor-tutmus\/","title":{"rendered":"MHP\u2019li belediyenin k\u00f6pek katliam\u0131 yapt\u0131\u011f\u0131 ortaya \u00e7\u0131km\u0131\u015ft\u0131\u2026 Tar\u0131m M\u00fcd\u00fcrl\u00fc\u011f\u00fc inceleme yapmadan rapor tutmu\u015f"},"content":{"rendered":"<p>Sokakta ya\u015fayan hayvanlara y\u00f6nelik katliam ve \u015fiddet haberleri dinlemezken MHP&#8217;li Bekir Aksun\u2019un idaresindeki Erzincan Belediyesi idaresinde k\u00f6pekleri canl\u0131 canl\u0131 g\u00f6merek katletti\u011fi ortaya \u00e7\u0131km\u0131\u015ft\u0131. Reaksiyon \u00e7eken olayla ilgili Erzincan Tar\u0131m \u0130l M\u00fcd\u00fcrl\u00fc\u011f\u00fc, k\u00f6pek at\u0131ld\u0131\u011f\u0131 \u00e7ukurlardan rastgele bir inceleme yapmadan rapor haz\u0131rlad\u0131\u011f\u0131 s\u00f6z edildi.<\/p>\n<p><b><strong>\u201c\u0130\u015e\u0130N\u0130 YAPMAYAN DEVLET KURUMLARI Y\u00dcZ\u00dcNDEN BU KATL\u0130AMLARLA KAR\u015eILIYORUZ\u201d<\/strong><\/b><\/p>\n<p>S\u00d6ZC\u00dc&#8217;ye konu\u015fan Hayvan Haklar\u0131 aktivisti \u0130brahim Kaya, \u201cErzincan\u2019da art taraf\u0131mda Erzincan \u00e7\u00f6pl\u00fc\u011f\u00fc var a\u00e7\u0131lan \u00e7ukurlarda \u015fu da\u011f\u0131n yan\u0131nda. Erzincan belediyesinin rastgele bir rehabilitasyon merkezi yok. Kap\u0131da \u00e7\u00f6pl\u00fck giri\u015fi var \u00e7\u00f6pl\u00fck giri\u015finde g\u00fcvenlikler var kap\u0131 daima kapal\u0131. Bar\u0131nak \u00e7\u00f6pl\u00fc\u011f\u00fcn en gerisinde bar\u0131na\u011f\u0131n i\u00e7erisinde 6 tane can var, \u00e7\u00f6pl\u00fc\u011f\u00fcn i\u00e7erisinde 250 civar\u0131 can var, kent merkezinde de hayvan b\u0131rakmam\u0131\u015flar. \u015eu g\u00f6r\u00fclen mezarl\u0131\u011f\u0131n oldu\u011fu yerde de her taraf hayvan mezarl\u0131\u011f\u0131. Az \u00f6nce il tar\u0131m m\u00fcd\u00fcrl\u00fc\u011f\u00fc geldi bizde i\u00e7erdeydik \u0130l Tar\u0131m M\u00fcd\u00fcrl\u00fc\u011f\u00fc mezar\u0131 a\u00e7madan bir tutanak tuttu gitti. Lakin bug\u00fcn kamu vicdan\u0131n\u0131 yaralayan bir olayla kar\u015f\u0131 kar\u015f\u0131yay\u0131z. Tar\u0131m m\u00fcd\u00fcrl\u00fc\u011f\u00fc oradan rastgele Nekropsi almadan, hayvanlar\u0131n neden \u00f6ld\u00fcr\u00fcld\u00fc\u011f\u00fcn\u00fc ara\u015ft\u0131rmadan bir rapor haz\u0131rlay\u0131p imzal\u0131yor. Bug\u00fcne kadar i\u015fini yapmayan devlet kurumlar\u0131 y\u00fcz\u00fcnden bug\u00fcn bu katliamlarla kar\u015f\u0131la\u015f\u0131yoruz. Bug\u00fcn Vilayet Tar\u0131m M\u00fcd\u00fcrl\u00fc\u011f\u00fcn\u00fcn i\u015fini yapmas\u0131n\u0131 orada \u00f6ld\u00fcr\u00fclen hayvanlar\u0131n neden \u00f6ld\u00fc\u011f\u00fcn\u00fc ara\u015ft\u0131rmas\u0131 i\u00e7in nekropsiye g\u00f6nderilmesini talep ediyoruz\u201d s\u00f6zlerini kulland\u0131.<\/p>\n<p>\u00a0<\/p>\n","protected":false},"excerpt":{"rendered":"<p>MHP&#8217;li Belediye Ba\u015fkan\u0131 Bekir Aksun y\u00f6netimindeki Erzincan Belediyesi, sahipsiz k\u00f6pekleri kent merkezinde bulunan \u00e7\u00f6pl\u00fck alanda i\u015f makinas\u0131 taraf\u0131ndan a\u00e7\u0131lan \u00e7ukurlara at\u0131ld\u0131\u011f\u0131n\u0131 kimi k\u00f6peklerin ise canl\u0131 canl\u0131 g\u00f6m\u00fcld\u00fc\u011f\u00fcn\u00fc ortaya \u00e7\u0131km\u0131\u015ft\u0131. Hayvan aktivistlerin giri\u015fimleriyle Tar\u0131m \u0130l M\u00fcd\u00fcrl\u00fc\u011f\u00fc yetkilileri k\u00f6peklerin \u00e7ukurlara at\u0131ld\u0131\u011f\u0131 alanda inceleme yapt\u0131\u011f\u0131 lakin Nekropsi(organ ve doku incelemesi) almadan, h rapor haz\u0131rlan\u0131p imzaland\u0131\u011f\u0131 \u00f6\u011frenildi.<\/p>\n","protected":false},"author":1,"featured_media":27861,"comment_status":"open","ping_status":"open","sticky":false,"template":"","format":"standard","meta":{"footnotes":""},"categories":[25],"tags":[4851,263,3361,507],"class_list":["post-27860","post","type-post","status-publish","format-standard","has-post-thumbnail","hentry","category-gundem","tag-erzincan","tag-hayvan","tag-mudurlugu","tag-tarim"],"_links":{"self":[{"href":"https:\/\/ikimisli.tr\/index.php\/wp-json\/wp\/v2\/posts\/27860","targetHints":{"allow":["GET"]}}],"collection":[{"href":"https:\/\/ikimisli.tr\/index.php\/wp-json\/wp\/v2\/posts"}],"about":[{"href":"https:\/\/ikimisli.tr\/index.php\/wp-json\/wp\/v2\/types\/post"}],"author":[{"embeddable":true,"href":"https:\/\/ikimisli.tr\/index.php\/wp-json\/wp\/v2\/users\/1"}],"replies":[{"embeddable":true,"href":"https:\/\/ikimisli.tr\/index.php\/wp-json\/wp\/v2\/comments?post=27860"}],"version-history":[{"count":1,"href":"https:\/\/ikimisli.tr\/index.php\/wp-json\/wp\/v2\/posts\/27860\/revisions"}],"predecessor-version":[{"id":27862,"href":"https:\/\/ikimisli.tr\/index.php\/wp-json\/wp\/v2\/posts\/27860\/revisions\/27862"}],"wp:featuredmedia":[{"embeddable":true,"href":"https:\/\/ikimisli.tr\/index.php\/wp-json\/wp\/v2\/media\/27861"}],"wp:attachment":[{"href":"https:\/\/ikimisli.tr\/index.php\/wp-json\/wp\/v2\/media?parent=27860"}],"wp:term":[{"taxonomy":"category","embeddable":true,"href":"https:\/\/ikimisli.tr\/index.php\/wp-json\/wp\/v2\/categories?post=27860"},{"taxonomy":"post_tag","embeddable":true,"href":"https:\/\/ikimisli.tr\/index.php\/wp-json\/wp\/v2\/tags?post=27860"}],"curies":[{"name":"wp","href":"https:\/\/api.w.org\/{rel}","templated":true}]}}