{"id":27863,"date":"2025-04-18T00:00:07","date_gmt":"2025-04-18T00:00:07","guid":{"rendered":"https:\/\/ikimisli.tr\/?p=27863"},"modified":"2025-04-18T00:00:07","modified_gmt":"2025-04-18T00:00:07","slug":"ozgur-ozel-kursude-bu-fotografi-kaldirip-ya-hep-beraber-ya-hicbirimiz-dedi","status":"publish","type":"post","link":"https:\/\/ikimisli.tr\/index.php\/2025\/04\/18\/ozgur-ozel-kursude-bu-fotografi-kaldirip-ya-hep-beraber-ya-hicbirimiz-dedi\/","title":{"rendered":"\u00d6zg\u00fcr \u00d6zel k\u00fcrs\u00fcde bu foto\u011fraf\u0131 kald\u0131r\u0131p, &#8216;Ya hep beraber, ya hi\u00e7birimiz&#8217; dedi"},"content":{"rendered":"<p>\u00d6zel&#8217;in a\u00e7\u0131klamalar\u0131ndan sat\u0131r ba\u015flar\u0131 \u015f\u00f6yle:<\/p>\n<p><b>&#8216;YERL\u0130KAYA&#8217;NIN KELAMINDAN 14 G\u00dcN GE\u00c7T\u0130&#8217;<\/b><\/p>\n<p>(Kartalkaya&#8217;da Otel Yang\u0131n\u0131) \u0130\u00e7i\u015fleri Bakan\u0131 olay g\u00fcn\u00fc t\u00fcm sorumlular\u0131n 10 g\u00fcn i\u00e7inde belirlenece\u011fini taahh\u00fct etmi\u015fti. Bug\u00fcn o kelam\u0131n \u00fczerinden tam 14 g\u00fcn ge\u00e7ti. Sorumlular ortada yok. Sorumluluklar ortada yok.<\/p>\n<p>G\u00f6zlerine far tutulmu\u015f tav\u015fan \u00fczere hakikatin kar\u015f\u0131s\u0131nda hareketsiz kald\u0131lar. 14 g\u00fcnd\u00fcr k\u0131p\u0131rdayam\u0131yorlar. 14 g\u00fcnd\u00fcr eksper raporu olmaks\u0131z\u0131n tutuklamalar yap\u0131ld\u0131 ve 14 g\u00fcnd\u00fcr hala daha Bolu Cumhuriyet Ba\u015fsavc\u0131s\u0131&#8217;n\u0131n Ankara&#8217;dan yedi\u011fi tazyik \u00fczerine hakikatten &#8220;AK Parti&#8217;yi nas\u0131l s\u0131y\u0131r\u0131r\u0131m, buraya Cumhuriyet Halk Partisi&#8217;ni nas\u0131l bula\u015ft\u0131r\u0131r\u0131m?&#8221; bunun u\u011fra\u015f\u0131 var.<\/p>\n<p><b>&#8216;D\u0130\u011eER BAKANLARLA B\u0130RL\u0130KTE DE\u011e\u0130\u015eT\u0130RECEK&#8217;<\/b><\/p>\n<p>Bu utan\u00e7 daha fazla gizlenemez fakat bekleyecekler, bekliyorlar. 21 Ocak&#8217;ta yang\u0131n s\u00fcrerken onlar evvel 6, sonra 10 kayb\u0131m\u0131z var deyince biz 66 kayb\u0131 bilip &#8220;Valilik ya da bakan a\u00e7\u0131klayacak, onlar\u0131n g\u00f6revidir, onlar a\u00e7\u0131klas\u0131n, spek\u00fclasyon olmas\u0131n&#8221; diye bekledik.<\/p>\n<p>Onlar, yang\u0131n s\u00fcrerken Ankara Vilayet Kongresi&#8217;nde K\u00fcr\u015fat G\u00fc\u00e7l\u00fc&#8217;ye rozet takt\u0131lar.<\/p>\n<p>23 \u015eubat&#8217;ta b\u00fcy\u00fck kongrelerinde \u00e7ok say\u0131da bakan de\u011fi\u015firken bu ve ba\u015fkalar\u0131n\u0131 birlikte de\u011fi\u015ftirip bu i\u015ften kurtulma yoluna gidiyorlar.<\/p>\n<p><b>&#8216;AYIPLI B\u0130R \u0130\u015eT\u0130, YANLI\u015e YAPTINIZ&#8217;<\/b><\/p>\n<p>Ben buradan Say\u0131n Erdo\u011fan&#8217;a sesleniyorum. Ankara Vilayet Kongresi ay\u0131pl\u0131 bir i\u015fti. Yanl\u0131\u015f yapt\u0131n\u0131z. Art\u0131k b\u00fcy\u00fck kongreyi beklemek daha b\u00fcy\u00fck bir yanl\u0131\u015ft\u0131r. Bu bakan\u0131 derhal g\u00f6revden al\u0131n\u0131z. Zira onu ne g\u00fcn misyondan al\u0131rsan\u0131z al\u0131n \u015fu ger\u00e7e\u011fi de\u011fi\u015ftiremezsiniz: Bu bakan\u0131 da iktidar\u0131n\u0131z boyunca bu \u00fclkeye fel\u00e2ketler ya\u015fatan b\u00fct\u00fcn bakanlar\u0131 da atayan kalem sizsiniz. Kalem sizin, m\u00fcrekkep sizin, sorumlu sizsiniz. Bunu de\u011fi\u015ftiremezsiniz.<\/p>\n<p><b>AKP VE MHP&#8217;L\u0130 VEK\u0130LLERE \u00c7A\u011eRI<\/b><\/p>\n<p>16 Nisan&#8217;daki referandumla tek adam rejimi hayata ge\u00e7ti. 55 milletvekilinin evvelden imzas\u0131 bakan i\u00e7in soru\u015fturma i\u00e7in yetiyordu. Vekil say\u0131s\u0131 artt\u0131 art\u0131k bu say\u0131 60 oldu. \u015eu an Meclis&#8217;te, 301 milletvekili imza atmadan bu bakan\u0131 konu\u015fal\u0131m diyemiyorsunuz. <\/p>\n<p>T\u00fcm muhalefetten 279 oyu sa\u011flay\u0131p bu bakan\u0131n yarg\u0131lanmas\u0131n\u0131 isteyece\u011fiz. Akabinde 21 milletvekiline ihtiyac\u0131m\u0131z ve AK Parti ile MHP&#8217;li vekillere o vakit seslenece\u011fiz.<\/p>\n<p>21 tane vicdanl\u0131 oy ald\u0131\u011f\u0131 Anadolu&#8217;nun ve Trakya&#8217;n\u0131n pak insanlar\u0131ndan korkacak, onlar\u0131n y\u00fcz\u00fcne bakamayacak h\u00e2le gelmeyecek milletvekiline gereksinimimiz var.<\/p>\n<p>Milletvekillerine teker teker ula\u015faca\u011f\u0131z ve diyece\u011fiz ki: Bu ay\u0131ba ortak olmay\u0131n.<\/p>\n<p>Gelin, bu bakan\u0131 Y\u00fcce Divan&#8217;a yollayal\u0131m. Anayasa Mahkemesi \u00f6n\u00fcnde a\u00e7\u0131k bir bi\u00e7imde bu \u00e7ark nas\u0131l kurulmu\u015f, bu sistem nas\u0131l \u00e7\u00fcr\u00fcm\u00fc\u015f, bu kontroller nas\u0131l olmam\u0131\u015f, bu evlatlar nas\u0131l yanm\u0131\u015f, k\u00fcl olmu\u015f, bu hayatlar nas\u0131l s\u00f6nm\u00fc\u015f, daima birlikte bakal\u0131m.<\/p>\n<p><b>TE\u011eMENLERDEN 108&#8217;ER M\u0130LYON L\u0130RA \u0130STENM\u0130\u015e, CHP \u00d6DEYECEK<\/b><\/p>\n<p>(\u0130hra\u00e7 edilen te\u011fmenler) \u0130ktidar\u0131m\u0131zda te\u011fmenler \u00fcniformalar\u0131na kavu\u015facak. \u0130hra\u00e7 edilen te\u011fmenlerin tazminat\u0131n\u0131 CHP \u00f6deyecek. 108&#8217;er milyon lira tazminat istenmi\u015f. <\/p>\n<p>\u015eimdi, Cumhuriyet Halk Partisi tarihinde, daha evvel Meclis tarihinde yap\u0131lmam\u0131\u015f bir \u015fey yapaca\u011f\u0131z. Biraz evvel Say\u0131n Grup Ba\u015fkanvekilim Cumhuriyet Halk Partisi K\u00fcmesi&#8217;nin oturum say\u0131s\u0131n\u0131 da vererek resm\u00ee oturumu a\u00e7t\u0131, birazdan da kapatacak. Biz kapal\u0131 oturumlarda kimi kararlar al\u0131yoruz: Siyasi kararlar ya da maddi hususlarla ilgili kararlar.<\/p>\n<p>\u015eimdi hem bu te\u011fmenlerimizle hem de Tuzla Piyade Okulu&#8217;ndan uzakla\u015ft\u0131r\u0131lan 7 te\u011fmen vard\u0131, hat\u0131rl\u0131yor musunuz? Atat\u00fcrk&#8217;\u00fcn foto\u011fraf\u0131n\u0131 yakas\u0131na takmayanlara sald\u0131rd\u0131klar\u0131 i\u00e7in, had bildirdikleri i\u00e7in, vazife yapt\u0131klar\u0131 i\u00e7in ordudan at\u0131lm\u0131\u015flard\u0131. \u0130kisi y\u00fcr\u00fctmeyi durdurmayla d\u00f6nd\u00fc. Biri &#8220;D\u00f6nmem&#8221; dedi, yarg\u0131land\u0131.<\/p>\n<p>Di\u011fer d\u00f6rd\u00fc de, 5 te\u011fmenimize orduya girdikleri birinci g\u00fcn yedikleri birinci lokma ekmekten att\u0131klar\u0131 kur\u015funa, giydikleri k\u0131yafetten terli\u011fe kadar b\u00fct\u00fcn yap\u0131lan masraf\u0131 faiziyle \u00e7\u0131kar\u0131p 108&#8217;er milyon lira tazminat belirlemi\u015fler bu 5 te\u011fmen i\u00e7in.<\/p>\n<p>Cumhuriyet Halk Partisi K\u00fcmesi kapal\u0131 oturumlarda yapt\u0131\u011f\u0131 oy\u00adlamay\u0131 bug\u00fcn hi\u00e7 kimseden gizlemeden, saklamadan burada huzurunuzda yap\u0131yor. Cumhuriyet Halk Partisi K\u00fcmesi milletvekillerinin Tuzla Piyade Okulu&#8217;ndan at\u0131lan 5 te\u011fmenin ve ba\u015fka 5 te\u011fmenin \u00e7\u0131km\u0131\u015f tazminatlar\u0131n\u0131, bu te\u011fmenlerimizin de \u00e7\u0131kacak muhtemel tazminatlar\u0131n\u0131 maa\u015flar\u0131ndan yapaca\u011f\u0131m\u0131z kesintilerle \u00f6demelerini oylar\u0131n\u0131za sunuyorum. Kabul edenler? Etmeyenler? Oy birli\u011fiyle kabul edilmi\u015ftir. Te\u011fmenimin yedi\u011fi ekmek de, yakt\u0131\u011f\u0131 kur\u015fun da bor\u00e7 bizim borcumuzdur.<\/p>\n<p><b>&#8216;ERKEN SE\u00c7\u0130M\u0130N ADAYI ERKEN BEL\u0130RLEN\u0130R&#8217;<\/b><\/p>\n<p>Erken se\u00e7im ve adayl\u0131k s\u00fcrecine ait de konu\u015fan \u00d6zg\u00fcr \u00d6zel, &#8220;Daha d\u00fcne kadar CHP iki aday tart\u0131\u015fmas\u0131 ortas\u0131nda eziliyor, g\u00fcndem daima bu oluyor aday netle\u015fmelidir diyen kimilerinin art\u0131k CHP neden aday\u0131n\u0131 erken belirliyor demeye ba\u015flad\u0131\u011f\u0131n\u0131 g\u00f6r\u00fcyoruz&#8221; s\u00f6zlerini kulland\u0131.<\/p>\n<p>&#8220;Erken se\u00e7imin aday\u0131 erken belirlenir&#8221; diyen \u00d6zel, Parti Meclisi&#8217;nin 10 \u015eubat g\u00fcn\u00fc kritik bir toplant\u0131 ger\u00e7ekle\u015ftirece\u011fini duyurdu. \u00d6zel, &#8220;CHP&#8217;nin demokratik tavr\u0131, t\u00fcm siyasi partilere \u00f6rnek olacakt\u0131r&#8221; dedi.<\/p>\n","protected":false},"excerpt":{"rendered":"<p>CHP lideri \u00d6zg\u00fcr \u00d6zel, partisinin k\u00fcme toplant\u0131s\u0131nda g\u00fcndeme ait de\u011ferlendirmelerde bulundu. \u00d6zel&#8217;in ge\u00e7ti\u011fimiz hafta Cumhurba\u015fkanl\u0131\u011f\u0131 adayl\u0131\u011f\u0131 i\u00e7in parti i\u00e7inde \u00f6nse\u00e7im yapacaklar\u0131n\u0131 duyurmas\u0131n\u0131n akabinde Ankara B\u00fcy\u00fck\u015fehir Belediye Ba\u015fkan\u0131 Mansur Yava\u015f, &#8216;Aday belirlemek i\u00e7in erken&#8217; yorumunda bulunmu\u015ftu. \u00d6zel, Yava\u015f ve \u0130mamo\u011flu&#8217;nun kol kola oldu\u011fu foto\u011frafla bug\u00fcn k\u00fcrs\u00fcye \u00e7\u0131karak &#8216;Erken se\u00e7im i\u00e7in erken aday belirlenir. Ya daima bir arada ya hi\u00e7birimiz&#8217; \u00e7\u0131k\u0131\u015f\u0131n\u0131 yapt\u0131.<\/p>\n","protected":false},"author":1,"featured_media":27864,"comment_status":"open","ping_status":"open","sticky":false,"template":"","format":"standard","meta":{"footnotes":""},"categories":[25],"tags":[58,262,89,2560,1367],"class_list":["post-27863","post","type-post","status-publish","format-standard","has-post-thumbnail","hentry","category-gundem","tag-aday","tag-bakan","tag-gun","tag-tegmen","tag-tegmenler"],"_links":{"self":[{"href":"https:\/\/ikimisli.tr\/index.php\/wp-json\/wp\/v2\/posts\/27863","targetHints":{"allow":["GET"]}}],"collection":[{"href":"https:\/\/ikimisli.tr\/index.php\/wp-json\/wp\/v2\/posts"}],"about":[{"href":"https:\/\/ikimisli.tr\/index.php\/wp-json\/wp\/v2\/types\/post"}],"author":[{"embeddable":true,"href":"https:\/\/ikimisli.tr\/index.php\/wp-json\/wp\/v2\/users\/1"}],"replies":[{"embeddable":true,"href":"https:\/\/ikimisli.tr\/index.php\/wp-json\/wp\/v2\/comments?post=27863"}],"version-history":[{"count":1,"href":"https:\/\/ikimisli.tr\/index.php\/wp-json\/wp\/v2\/posts\/27863\/revisions"}],"predecessor-version":[{"id":27865,"href":"https:\/\/ikimisli.tr\/index.php\/wp-json\/wp\/v2\/posts\/27863\/revisions\/27865"}],"wp:featuredmedia":[{"embeddable":true,"href":"https:\/\/ikimisli.tr\/index.php\/wp-json\/wp\/v2\/media\/27864"}],"wp:attachment":[{"href":"https:\/\/ikimisli.tr\/index.php\/wp-json\/wp\/v2\/media?parent=27863"}],"wp:term":[{"taxonomy":"category","embeddable":true,"href":"https:\/\/ikimisli.tr\/index.php\/wp-json\/wp\/v2\/categories?post=27863"},{"taxonomy":"post_tag","embeddable":true,"href":"https:\/\/ikimisli.tr\/index.php\/wp-json\/wp\/v2\/tags?post=27863"}],"curies":[{"name":"wp","href":"https:\/\/api.w.org\/{rel}","templated":true}]}}