{"id":27877,"date":"2025-04-18T00:48:09","date_gmt":"2025-04-18T00:48:09","guid":{"rendered":"https:\/\/ikimisli.tr\/?p=27877"},"modified":"2025-04-18T00:48:09","modified_gmt":"2025-04-18T00:48:09","slug":"fim-dunya-kar-motosikleti-sampiyonasi-erciyeste-gerceklesecek","status":"publish","type":"post","link":"https:\/\/ikimisli.tr\/index.php\/2025\/04\/18\/fim-dunya-kar-motosikleti-sampiyonasi-erciyeste-gerceklesecek\/","title":{"rendered":"FIM D\u00fcnya Kar Motosikleti \u015eampiyonas\u0131 Erciyes&#8217;te ger\u00e7ekle\u015fecek"},"content":{"rendered":"<p>T\u00fcrkiye\u2019nin en b\u00fcy\u00fck kayak merkezi olarak \u00fclkemizin k\u0131\u015f sporlar\u0131nda amiral gemisi olan Erciyes, D\u00fcnya Kar Motosiklet \u015eampiyonas\u0131\u2019na ikinci defa 15-16 Mart tarihlerinde konut sahipli\u011fi yapacak. Memleketler aras\u0131 Motosiklet Federasyonu (FIM) taraf\u0131ndan en itibarl\u0131 ekstrem spor tertipleri ortas\u0131nda yer alan D\u00fcnya Kar Motosikleti \u015eampiyonas\u0131 (SNX T\u00fcrkiye) Kayseri Valili\u011fi, Kayseri B\u00fcy\u00fck\u015fehir Belediyesi ve Erciyes A.\u015e. taraf\u0131ndan T\u00fcrkiye Motosiklet Federasyonu\u2019nun dayanaklar\u0131 ile \u00fclkemizde ikinci defa d\u00fczenlenecek. Yar\u0131\u015f, Finlandiya\u2019n\u0131n akabinde ikinci ayak olarak Erciyes\u2019te yap\u0131lacak. Erkekler ve bayanlar olmak \u00fczere 2 kategoride d\u00fczenlenecek \u015fampiyonaya Finlandiya, \u0130sve\u00e7, Norve\u00e7, Almanya, Estonya, Kanada ve ABD ba\u015fta olmak \u00fczere 12 \u00fclkeden 40\u2019a yak\u0131n kar motosikleti sportmeni kat\u0131lacak.<\/p>\n<p><img decoding=\"async\" src=\"https:\/\/ikimisli.tr\/wp-content\/uploads\/2025\/04\/fim-dunya-kar-motosikleti-sampiyonasi-erciyeste-gerceklesecek-0-5tSwR9iq.jpg\"\/><\/p>\n<p>T\u00fcrkiye\u2019nin en geli\u015fmi\u015f kayak merkezine sahip olan Kayseri ve Erciyes\u2019te ge\u00e7en sene birinci kere d\u00fczenlenen D\u00fcnya Kar Motosikleti \u015eampiyonas\u0131, televizyon, internet ve toplumsal medya yay\u0131nlar\u0131yla birlikte yakla\u015f\u0131k 850 milyon \u015fahsa ula\u015ft\u0131. 41 farkl\u0131 kayak pisti bulunan Erciyes Kayak Merkezi, ge\u00e7en sene D\u00fcnya \u015eampiyonas\u0131\u2019n\u0131n d\u00fczenlenmesine b\u00fcy\u00fck imkan sa\u011flayan altyap\u0131s\u0131 ile milletleraras\u0131 otoritelerden tam not ald\u0131. \u015eampiyonan\u0131n bu sene ise TV yay\u0131nlar\u0131yla birlikte 86 \u00fclkeye ula\u015ft\u0131r\u0131lmas\u0131 hedefleniyor.<\/p>\n<p>\u015eampiyona ile ilgili Vadistanbul\u2019da yer alan Radisson Collection Hotel\u2019de d\u00fczenlenen tan\u0131t\u0131m toplant\u0131s\u0131na; Kayseri Milletvekili Dr. Murat Cahid C\u0131ng\u0131, Kayseri B\u00fcy\u00fck\u015fehir Belediye Ba\u015fkan\u0131 Memduh B\u00fcy\u00fckk\u0131l\u0131\u00e7, T\u00fcrkiye Motosiklet Federasyonu Lideri Mehmet Sad\u0131k Vefa, Erciyes A.\u015e. Y\u00f6netim Kurulu Lideri Hamdi Elcuman, Arta\u015f Holding Y\u00f6netim Kurulu Lider Vekili Serhan \u00c7etinsaya ve \u00e7ok say\u0131da davetli kat\u0131ld\u0131.<\/p>\n<p><img decoding=\"async\" src=\"https:\/\/ikimisli.tr\/wp-content\/uploads\/2025\/04\/fim-dunya-kar-motosikleti-sampiyonasi-erciyeste-gerceklesecek-1-l46cscRH.jpg\"\/><\/p>\n<p><b>MEHMET SADIK VEFA: FARKLI KOLLARDA \u00c7ALI\u015eMALARIMIZI S\u00dcRD\u00dcR\u00dcYORUZ<\/b><\/p>\n<p>T\u00fcrkiye Motosiklet Federasyonu Ba\u015fkan\u0131 Mehmet Sad\u0131k Vefa, \u201c2025 d\u00f6nemimizi b\u00fcy\u00fck bir tertiple a\u00e7man\u0131n memnunlu\u011funu ya\u015f\u0131yoruz. Federasyon olarak yaln\u0131zca yar\u0131\u015f yapan bir kurum de\u011filiz. Spor turizmi kapsam\u0131nda \u00fclkemizin bedellerini, b\u00fcy\u00fck bir misafirperverlikle t\u00fcm d\u00fcnyaya ula\u015ft\u0131r\u0131yoruz. Ge\u00e7ti\u011fimiz sene 3 farkl\u0131 d\u00fcnya \u015fampiyonas\u0131n\u0131 \u00fclkemizde d\u00fczenleyen tek federasyon olduk. Bu d\u00f6nem da bunu tekrar edece\u011fiz. Hatta farkl\u0131 kollarda \u00e7al\u0131\u015fmalar\u0131m\u0131z\u0131 s\u00fcrd\u00fcr\u00fcyoruz. Her ad\u0131m\u0131m\u0131z\u0131 gen\u00e7 atletler yeti\u015ftirip, Ay-Y\u0131ld\u0131zl\u0131 bayra\u011f\u0131m\u0131z\u0131 dalgaland\u0131rmak i\u00e7in at\u0131yoruz. Erciyes\u2019te ikinci kere yap\u0131lacak d\u00fcnya \u015fampiyonas\u0131nda kendi atletlerimiz da \u00e7aba edecek. \u0130n\u015fallah bir g\u00fcn bu yar\u0131\u015f\u00e7\u0131lar\u0131m\u0131z\u0131 da \u00f6d\u00fcl k\u00fcrs\u00fcs\u00fcnde g\u00f6rece\u011fiz. Dayanaklar\u0131ndan \u00f6t\u00fcr\u00fc ba\u015fta valimiz, milletvekilimiz, belediye liderimiz olmak \u00fczere t\u00fcm Kayseri halk\u0131na ve sporseverlere te\u015fekk\u00fcr ederim\u201d dedi.<\/p>\n<p><b>HAMD\u0130 ELCUMAN: TEK \u0130\u015e\u0130M\u0130Z ERC\u0130YES\u2019\u0130 Y\u00d6NETMEK VE D\u00dcNYAYA TANITMAK<\/b><\/p>\n<p>Erciyes A.\u015e. Y\u00f6netim Kurulu Lideri Hamdi Elcuman, \u201c2005 y\u0131l\u0131nda Erciyes, B\u00fcy\u00fck\u015fehir Belediyesi hududuna ge\u00e7ince bir kayak merkezi olur mu diye ara\u015ft\u0131rmalar yap\u0131ld\u0131 ve bug\u00fcnk\u00fc halini ald\u0131. Tek i\u015fimiz Erciyes\u2019i y\u00f6netmek ve d\u00fcnyaya tan\u0131tmak. \u00c7ok ba\u015far\u0131l\u0131 i\u015fler yapt\u0131k. Yaln\u0131zca Erciyes\u2019te de\u011fil bir\u00e7ok yerde de dan\u0131\u015fmanl\u0131klar\u0131m\u0131z bulunuyor. B\u00fcy\u00fck\u015fehir Belediye Liderimize \u00e7ok te\u015fekk\u00fcr ediyorum bizleri \u00e7ok destekliyor. Bir\u00e7ok bran\u015fta yaz ve k\u0131\u015f olarak kar\u015f\u0131la\u015fmalar ger\u00e7ekle\u015ftiriyoruz. \u00c7ok ho\u015f bir tertip olaca\u011f\u0131na inan\u0131yorum\u201d diye konu\u015ftu.<\/p>\n<p><b>MURAT CAH\u0130D CINGI: HAYAL\u0130M\u0130Z, BA\u015eKA DA\u011eLARIMIZDA DA KAYAK MERKEZLER\u0130 HAYATA GE\u00c7\u0130RMEK<\/b><\/p>\n<p>Kayseri Milletvekili Dr. Murat Cahid C\u0131ng\u0131, \u201c\u00c7ok bedelli ve manal\u0131 bir g\u00fcn ge\u00e7ti\u011fimiz y\u0131l birincisi ger\u00e7ekle\u015fmi\u015fti. Erciyes, 2011-12 k\u0131\u015f\u0131ndan bu yana t\u00fcm d\u00fcnyaya a\u00e7\u0131larak hizmet veriyor. Birinci g\u00fcnden bu yana yaln\u0131zca 3-4 ayl\u0131k k\u0131\u015f sporlar\u0131n\u0131 de\u011fil 360 derece t\u00fcm sporlar\u0131n yer ald\u0131\u011f\u0131 i\u015fler yapt\u0131k. Bu sene 14\u2019\u00fcnc\u00fc k\u0131\u015f\u0131 Erciyes\u2019in ve t\u00fcm d\u00fcnyadan 10 binlerce insan\u0131n ziyaret etti\u011fi bir merkez oldu. Erciyes A.\u015e. turizm merkezinin y\u00f6netilmesi ve tan\u0131t\u0131m\u0131 manas\u0131nda binlerce aktivite yapt\u0131. Erciyes, kenti bir turizm merkezi haline getirdi. Turizm datalar\u0131 a\u00e7\u0131kland\u0131 ge\u00e7ti\u011fimiz g\u00fcnlerde 61 milyar Dolar bir turizm geliri ve 62 milyon \u00fczerinde turist \u00fclkemizi tercih etti. \u00d6n\u00fcm\u00fczde bir\u00e7ok \u00f6rnek var ve T\u00fcrkiye\u2019nin b\u00fcy\u00fck k\u0131sm\u0131 da\u011flarla kapl\u0131 olmas\u0131na kar\u015f\u0131n buralar\u0131 kullanamad\u0131k lakin bundan sonra geli\u015fece\u011fiz, a\u00e7\u0131\u011f\u0131m\u0131z\u0131 kapataca\u011f\u0131z. Hayalimiz, gayemiz b\u00fcsb\u00fct\u00fcn Eciyes\u2019i g\u00fcndemde tutmak de\u011fil \u00fclke co\u011frafyas\u0131ndaki \u00f6teki da\u011flar\u0131m\u0131zda da kayak merkezleri hayata ge\u00e7irmek. Hem yaz hem de k\u0131\u015f turizmi \u00e7er\u00e7evesinde hepimize misyon d\u00fc\u015f\u00fcyor\u201d tabirlerini kulland\u0131.<\/p>\n<p><b>MEMDUH B\u00dcY\u00dcKKILI\u00c7: HEDEF\u0130M\u0130Z KENT\u0130M\u0130Z\u0130, \u00dcLKEM\u0130Z\u0130 TANITMAK<\/b><\/p>\n<p>Kayseri B\u00fcy\u00fck\u015fehir Belediye Ba\u015fkan\u0131 Memduh B\u00fcy\u00fckk\u0131l\u0131\u00e7, \u201cBekir Yunus U\u00e7ar\u2019\u0131 rahmetle an\u0131yorum. \u00c7ok ho\u015f \u015feyler payla\u015f\u0131ld\u0131. Erciyes kayak merkezi c\u00fcmb\u00fc\u015f boyutunun yan\u0131nda memleketler aras\u0131 kayak merkezi. Kayseri, ticaret ve sanayi kenti. 185 metrede y\u00fcksek irtifa merkezini kurgulad\u0131k 8 tane UEFA standartlar\u0131nda \u00e7im alan\u0131m\u0131z var. Standartlara uygun olimpik y\u00fczme havuzu, spor salonu mevcut. Say\u0131n Bakan\u0131m\u0131za da sesleniyorum atletizm tesisi yapmak i\u00e7in. Erciyes\u2019teki turizmi 12 aya yaymak istiyoruz. Bu \u00fclke i\u00e7in \u00e7abal\u0131yoruz. FIM D\u00fcnya Kar Motosikleti \u015eampiyonas\u0131\u2019na ise en ho\u015f halde mesken sahipli\u011fi yapaca\u011f\u0131z. Emelimiz kentimizi, \u00fclkemizi tan\u0131tmak. Bu manada \u00e7al\u0131\u015fmalar yapmak bizleri memnun ediyor. Milletleraras\u0131 standartlarda inan\u00e7l\u0131 merkez sertifikam\u0131z var. Kontrol\u00fc yaln\u0131zca Erciyes A.\u015e ve Kayseri B\u00fcy\u00fck\u015fehir Belediyesi\u2019nde\u201d formunda konu\u015ftu.<\/p>\n","protected":false},"excerpt":{"rendered":"<p>Bu sene ikinci kere d\u00fczenlenecek FIM D\u00fcnya Kar Motosikleti \u015eampiyonas\u0131\u2019n\u0131n (SNX T\u00fcrkiye) tan\u0131t\u0131m toplant\u0131s\u0131 ger\u00e7ekle\u015fti.<\/p>\n","protected":false},"author":1,"featured_media":27878,"comment_status":"open","ping_status":"open","sticky":false,"template":"","format":"standard","meta":{"footnotes":""},"categories":[30],"tags":[39,85,69,1506,231],"class_list":["post-27877","post","type-post","status-publish","format-standard","has-post-thumbnail","hentry","category-spor","tag-baskani","tag-dunya","tag-erciyes","tag-kayseri","tag-spor"],"_links":{"self":[{"href":"https:\/\/ikimisli.tr\/index.php\/wp-json\/wp\/v2\/posts\/27877","targetHints":{"allow":["GET"]}}],"collection":[{"href":"https:\/\/ikimisli.tr\/index.php\/wp-json\/wp\/v2\/posts"}],"about":[{"href":"https:\/\/ikimisli.tr\/index.php\/wp-json\/wp\/v2\/types\/post"}],"author":[{"embeddable":true,"href":"https:\/\/ikimisli.tr\/index.php\/wp-json\/wp\/v2\/users\/1"}],"replies":[{"embeddable":true,"href":"https:\/\/ikimisli.tr\/index.php\/wp-json\/wp\/v2\/comments?post=27877"}],"version-history":[{"count":1,"href":"https:\/\/ikimisli.tr\/index.php\/wp-json\/wp\/v2\/posts\/27877\/revisions"}],"predecessor-version":[{"id":27881,"href":"https:\/\/ikimisli.tr\/index.php\/wp-json\/wp\/v2\/posts\/27877\/revisions\/27881"}],"wp:featuredmedia":[{"embeddable":true,"href":"https:\/\/ikimisli.tr\/index.php\/wp-json\/wp\/v2\/media\/27878"}],"wp:attachment":[{"href":"https:\/\/ikimisli.tr\/index.php\/wp-json\/wp\/v2\/media?parent=27877"}],"wp:term":[{"taxonomy":"category","embeddable":true,"href":"https:\/\/ikimisli.tr\/index.php\/wp-json\/wp\/v2\/categories?post=27877"},{"taxonomy":"post_tag","embeddable":true,"href":"https:\/\/ikimisli.tr\/index.php\/wp-json\/wp\/v2\/tags?post=27877"}],"curies":[{"name":"wp","href":"https:\/\/api.w.org\/{rel}","templated":true}]}}