{"id":27901,"date":"2025-04-18T02:12:07","date_gmt":"2025-04-18T02:12:07","guid":{"rendered":"https:\/\/ikimisli.tr\/?p=27901"},"modified":"2025-04-18T02:12:07","modified_gmt":"2025-04-18T02:12:07","slug":"roma-carlo-ancelottiyi-ikna-etmeye-calisiyor","status":"publish","type":"post","link":"https:\/\/ikimisli.tr\/index.php\/2025\/04\/18\/roma-carlo-ancelottiyi-ikna-etmeye-calisiyor\/","title":{"rendered":"Roma Carlo Ancelotti&#8217;yi ikna etmeye \u00e7al\u0131\u015f\u0131yor"},"content":{"rendered":"<p>\u0130talyan devi Roma, teknik y\u00f6netici aray\u0131\u015f\u0131nda b\u00fcy\u00fck bir atak yapmaya haz\u0131rlan\u0131yor. Kul\u00fcb\u00fcn sahibi Friedkin Ailesi, Real Madrid\u2019in tecr\u00fcbeli teknik adam\u0131 Carlo Ancelotti\u2019yi ikna etmek i\u00e7in \u015fahsen devreye girdi.<\/p>\n<p><b>MOUR\u0130NHO \u00dcZERE B\u0130R TES\u0130R YARATMAK \u0130ST\u0130YORLAR<\/b><\/p>\n<p>2021 y\u0131l\u0131nda Jose Mourinho\u2019yu getiren Roma idaresi, benzeri bir tesir yaratmak i\u00e7in Ancelotti\u2019ye y\u00f6neldi. AS Gazetesi\u2019nin haberine nazaran, Friedkin Ailesi, Ancelotti\u2019yi g\u00fc\u00e7l\u00fc bir projeyle ikna etmeye \u00e7al\u0131\u015f\u0131yor. Hem ekonomik hem de sportif a\u00e7\u0131dan Roma\u2019y\u0131 Avrupa\u2019n\u0131n tepesine ta\u015f\u0131may\u0131 hedefleyen idare, bu s\u00fcre\u00e7te Ancelotti\u2019nin kul\u00fcple olan ba\u011f\u0131n\u0131 kullanmay\u0131 planl\u0131yor.<\/p>\n<p><b>ANCELOTT\u0130 VE ROMA: GE\u00c7M\u0130\u015eTEN GELEN BA\u011e<\/b><\/p>\n<p>Carlo Ancelotti, 1979-1987 y\u0131llar\u0131 ortas\u0131nda Roma formas\u0131 giymi\u015f ve kul\u00fcp efsaneleri ortas\u0131na ismini yazd\u0131rm\u0131\u015ft\u0131. O periyotta 227 ma\u00e7a \u00e7\u0131kan ve 17 gol atan Ancelotti, 4 \u0130talya Kupas\u0131 ve 1 Serie A \u015fampiyonlu\u011fu ya\u015fam\u0131\u015ft\u0131. Roma ve kente olan sevgisini hi\u00e7bir vakit gizlemeyen tecr\u00fcbeli hoca, ge\u00e7mi\u015fte yapt\u0131\u011f\u0131 a\u00e7\u0131klamalarda \u201cBir g\u00fcn Roma\u2019y\u0131 \u00e7al\u0131\u015ft\u0131rmak isterim\u201d s\u00f6zlerini kullanm\u0131\u015ft\u0131.<\/p>\n<p>Ancak ge\u00e7ti\u011fimiz Aral\u0131k ay\u0131nda Real Madrid\u2019de memnun oldu\u011funu ve \u00f6nceli\u011finin burada kalmak oldu\u011funu lisana getirdi:<\/p>\n<p> \u201c\u015eu an Real Madrid\u2019deyim ve burada en uzun m\u00fcddet kalmak i\u00e7in \u00e7al\u0131\u015f\u0131yorum. Roma benim i\u00e7in \u00f6zel bir kul\u00fcp ancak \u015fimdilik gelece\u011fimi d\u00fc\u015f\u00fcnm\u00fcyorum.\u201d<\/p>\n<p><b>ROMA\u2019NIN BAHTI NE KADAR?<\/b><\/p>\n<p>Ancelotti\u2019nin Real Madrid\u2019de devam etme iste\u011fi nedeniyle Roma\u2019n\u0131n i\u015fi s\u0131k\u0131nt\u0131. Daha evvel Brezilya Ulusal Tak\u0131m\u0131\u2019ndan gelen teklifi de geri \u00e7eviren \u0130talyan teknik adam, Real Madrid\u2019den ayr\u0131ld\u0131\u011f\u0131 g\u00fcn futbolu b\u0131rakabilece\u011fini s\u00f6ylemi\u015fti.<\/p>\n<p>Roma ise Ancelotti\u2019nin Madrid maceras\u0131n\u0131n beklenenden erken sona ermesi ihtimaline kar\u015f\u0131 planlar\u0131n\u0131 yapmaya devam ediyor. Kul\u00fcp, d\u00f6nem sonunda Florentino Perez\u2019in verece\u011fi karara ba\u011fl\u0131 olarak bu transferde bir baht yakalayabilir.<\/p>\n","protected":false},"excerpt":{"rendered":"<p>\u0130talyan devi Roma&#8217;da Carlo Ancelotti a\u015fk\u0131 alev ald\u0131. Kul\u00fcb\u00fcn sahibi olan Friedkin Ailesi, Ancelotti\u2019yi g\u00fc\u00e7l\u00fc bir projeyle ikna etmek i\u00e7in d\u00fc\u011fmeye bast\u0131.<\/p>\n","protected":false},"author":1,"featured_media":27902,"comment_status":"open","ping_status":"open","sticky":false,"template":"","format":"standard","meta":{"footnotes":""},"categories":[30],"tags":[4549,2075,2556,3080],"class_list":["post-27901","post","type-post","status-publish","format-standard","has-post-thumbnail","hentry","category-spor","tag-ancelotti","tag-madrid","tag-real","tag-roma"],"_links":{"self":[{"href":"https:\/\/ikimisli.tr\/index.php\/wp-json\/wp\/v2\/posts\/27901","targetHints":{"allow":["GET"]}}],"collection":[{"href":"https:\/\/ikimisli.tr\/index.php\/wp-json\/wp\/v2\/posts"}],"about":[{"href":"https:\/\/ikimisli.tr\/index.php\/wp-json\/wp\/v2\/types\/post"}],"author":[{"embeddable":true,"href":"https:\/\/ikimisli.tr\/index.php\/wp-json\/wp\/v2\/users\/1"}],"replies":[{"embeddable":true,"href":"https:\/\/ikimisli.tr\/index.php\/wp-json\/wp\/v2\/comments?post=27901"}],"version-history":[{"count":1,"href":"https:\/\/ikimisli.tr\/index.php\/wp-json\/wp\/v2\/posts\/27901\/revisions"}],"predecessor-version":[{"id":27903,"href":"https:\/\/ikimisli.tr\/index.php\/wp-json\/wp\/v2\/posts\/27901\/revisions\/27903"}],"wp:featuredmedia":[{"embeddable":true,"href":"https:\/\/ikimisli.tr\/index.php\/wp-json\/wp\/v2\/media\/27902"}],"wp:attachment":[{"href":"https:\/\/ikimisli.tr\/index.php\/wp-json\/wp\/v2\/media?parent=27901"}],"wp:term":[{"taxonomy":"category","embeddable":true,"href":"https:\/\/ikimisli.tr\/index.php\/wp-json\/wp\/v2\/categories?post=27901"},{"taxonomy":"post_tag","embeddable":true,"href":"https:\/\/ikimisli.tr\/index.php\/wp-json\/wp\/v2\/tags?post=27901"}],"curies":[{"name":"wp","href":"https:\/\/api.w.org\/{rel}","templated":true}]}}