{"id":27947,"date":"2025-04-18T05:12:06","date_gmt":"2025-04-18T05:12:06","guid":{"rendered":"https:\/\/ikimisli.tr\/?p=27947"},"modified":"2025-04-18T05:12:06","modified_gmt":"2025-04-18T05:12:06","slug":"istanbulda-yasamanin-maliyeti-dudak-ucuklatti","status":"publish","type":"post","link":"https:\/\/ikimisli.tr\/index.php\/2025\/04\/18\/istanbulda-yasamanin-maliyeti-dudak-ucuklatti\/","title":{"rendered":"\u0130stanbul&#8217;da ya\u015faman\u0131n maliyeti dudak u\u00e7uklatt\u0131"},"content":{"rendered":"<p>T\u00fcrkiye&#8217;de ekonomik kriz derinle\u015fmeye devam ediyor. Y\u00fckselen enflasyon kar\u015f\u0131s\u0131nda hayat maliyetlerindeki pahal\u0131l\u0131k vatanda\u015f\u0131n kamburu oldu. Her g\u00fcn A&#8217;dan Z&#8217;ye her eserin fiyat\u0131n\u0131n artmas\u0131, al\u0131m g\u00fcc\u00fcn\u00fc bitirdi. Temel gereksinimlerin bile l\u00fcks oldu\u011fu T\u00fcrkiye&#8217;de vatanda\u015flar \u00f6m\u00fcr m\u00fccadelesi veriyor.<\/p>\n<p>\u0130stanbul Planlama Ajans\u0131, \u0130stanbul&#8217;da \u00d6m\u00fcr Maliyeti ara\u015ft\u0131rmas\u0131n\u0131n ocak ay\u0131 sonu\u00e7lar\u0131n\u0131 a\u00e7\u0131klad\u0131.<\/p>\n<p>\u0130stanbul\u2019da ya\u015faman\u0131n maliyeti ocakta ge\u00e7en y\u0131l\u0131n birebir ay\u0131na nazaran y\u00fczde 56,21 art\u0131\u015f g\u00f6sterdi. \u0130stanbul\u2019da d\u00f6rt ki\u015filik bir ailenin ortalama hayat maliyeti 82 bin 880 lira oldu.<\/p>\n<p><b>B\u0130R AYDA 5 B\u0130N 495 TL ARTTI\u00a0<\/b><\/p>\n<p>\u0130PA&#8217;dan yap\u0131lan a\u00e7\u0131klamaya nazaran, \u0130stanbul\u2019da ya\u015faman\u0131n maliyeti bir evvelki aya nazaran y\u00fczde 7,10 art\u0131\u015f g\u00f6sterdi. Hayat maliyeti, ge\u00e7en aya nazaran 5 bin 495 lira art\u0131\u015f kaydetti.<\/p>\n<p><b>ET F\u0130YATLARI YILLIK Y\u00dcZDE 55 ARTTI<\/b><\/p>\n<p>Temel t\u00fcketim hususlar\u0131n\u0131n bir evvelki y\u0131l\u0131n ocak ay\u0131na nazaran fiyat art\u0131\u015flar\u0131na bak\u0131ld\u0131\u011f\u0131nda en \u00e7arp\u0131c\u0131 fiyat art\u0131\u015flar\u0131ndan biri y\u00fczde 55,10 art\u0131\u015f oran\u0131 ile et-k\u0131yma fiyatlar\u0131nda g\u00f6r\u00fcld\u00fc.<\/p>\n<p>Y\u0131ll\u0131k bazda t\u0131ra\u015f materyallerinde y\u00fczde 92,48, bebek mamas\u0131nda y\u00fczde 67,43, s\u00fctte y\u00fczde 42,54., makarnada y\u00fczde 35,88 art\u0131\u015f dikkat \u00e7ekti.<\/p>\n<p>Ocak ay\u0131ndaki fiyat art\u0131\u015flar\u0131na bak\u0131ld\u0131\u011f\u0131nda s\u00fct y\u00fczde 12,76, pirin\u00e7 y\u00fczde 5,75, bebek mamas\u0131 y\u00fczde 4,72 art\u0131\u015f g\u00f6r\u00fclen eserler oldu.<\/p>\n<p>\u00a0<\/p>\n","protected":false},"excerpt":{"rendered":"<p>\u0130stanbul\u2019da ya\u015faman\u0131n maliyeti katlanarak artt\u0131. \u0130stanbul&#8217;da ya\u015famak ge\u00e7en aya nazaran 5 bin 495 lira art\u0131\u015fla ocak ay\u0131nda 82 bin 880 liraya y\u00fckseldi.<\/p>\n","protected":false},"author":1,"featured_media":27948,"comment_status":"open","ping_status":"open","sticky":false,"template":"","format":"standard","meta":{"footnotes":""},"categories":[24],"tags":[483,394,380,4860,1008],"class_list":["post-27947","post","type-post","status-publish","format-standard","has-post-thumbnail","hentry","category-ekonomi","tag-artis","tag-fiyat","tag-istanbul","tag-maliyeti","tag-yasam"],"_links":{"self":[{"href":"https:\/\/ikimisli.tr\/index.php\/wp-json\/wp\/v2\/posts\/27947","targetHints":{"allow":["GET"]}}],"collection":[{"href":"https:\/\/ikimisli.tr\/index.php\/wp-json\/wp\/v2\/posts"}],"about":[{"href":"https:\/\/ikimisli.tr\/index.php\/wp-json\/wp\/v2\/types\/post"}],"author":[{"embeddable":true,"href":"https:\/\/ikimisli.tr\/index.php\/wp-json\/wp\/v2\/users\/1"}],"replies":[{"embeddable":true,"href":"https:\/\/ikimisli.tr\/index.php\/wp-json\/wp\/v2\/comments?post=27947"}],"version-history":[{"count":1,"href":"https:\/\/ikimisli.tr\/index.php\/wp-json\/wp\/v2\/posts\/27947\/revisions"}],"predecessor-version":[{"id":27949,"href":"https:\/\/ikimisli.tr\/index.php\/wp-json\/wp\/v2\/posts\/27947\/revisions\/27949"}],"wp:featuredmedia":[{"embeddable":true,"href":"https:\/\/ikimisli.tr\/index.php\/wp-json\/wp\/v2\/media\/27948"}],"wp:attachment":[{"href":"https:\/\/ikimisli.tr\/index.php\/wp-json\/wp\/v2\/media?parent=27947"}],"wp:term":[{"taxonomy":"category","embeddable":true,"href":"https:\/\/ikimisli.tr\/index.php\/wp-json\/wp\/v2\/categories?post=27947"},{"taxonomy":"post_tag","embeddable":true,"href":"https:\/\/ikimisli.tr\/index.php\/wp-json\/wp\/v2\/tags?post=27947"}],"curies":[{"name":"wp","href":"https:\/\/api.w.org\/{rel}","templated":true}]}}