{"id":27988,"date":"2025-04-18T07:36:49","date_gmt":"2025-04-18T07:36:49","guid":{"rendered":"https:\/\/ikimisli.tr\/?p=27988"},"modified":"2025-04-18T07:36:49","modified_gmt":"2025-04-18T07:36:49","slug":"trump-egitim-bakanligini-kapatacak-mi","status":"publish","type":"post","link":"https:\/\/ikimisli.tr\/index.php\/2025\/04\/18\/trump-egitim-bakanligini-kapatacak-mi\/","title":{"rendered":"Trump E\u011fitim Bakanl\u0131\u011f\u0131&#8217;n\u0131 kapatacak m\u0131?"},"content":{"rendered":"<p>Donald Trump idaresi ikinci haftas\u0131n\u0131, y\u00fczlerce kararnameye imza atan liderlerini alk\u0131\u015flayarak geride b\u0131rakt\u0131. Lakin s\u0131rada Lider Trump&#8217;tan beklenen bir y\u00fcr\u00fctme buyru\u011fu hala masas\u0131na gelmedi. Masaya gelmeyen bu gaye muhafazakar bir yolun devam\u0131 \u00fczere g\u00f6r\u00fclse de Trump&#8217;\u0131n ba\u015fkanl\u0131k kampanyas\u0131ndaki vaatlerin merkezindeydi&#8230;<\/p>\n<p>\u0130\u015fte o gaye <strong>E\u011fitim Bakanl\u0131\u011f\u0131&#8217;n\u0131 \u00e7\u00f6kertmek ya da daha kibar haliyle bakanl\u0131\u011f\u0131 tamamen ortadan kald\u0131rmak<\/strong> i\u00e7in yap\u0131lan pland\u0131. <\/p>\n<p>Bir Beyaz Saray yetkilisine nazaran Lider Donald Trump&#8217;\u0131n bu ay imzalamas\u0131 beklenen buyru\u011fun, plan ve i\u00e7eri\u011finin iki kademeli bir strateji olarak ortaya konmas\u0131 bekleniyordu. E\u011fitim Bakanl\u0131\u011f\u0131&#8217;n\u0131n mevcut idari yetkisini kullanarak fonksiyonlar\u0131n\u0131 sonland\u0131rmak i\u00e7in de Trump bir plan haz\u0131rlayacak ve talimat verecekti. Lakin olmad\u0131&#8230; Yani bakanl\u0131k \u015fimdi kapanmad\u0131&#8230;<\/p>\n<p><img decoding=\"async\" src=\"https:\/\/ikimisli.tr\/wp-content\/uploads\/2025\/04\/trump-egitim-bakanligini-kapatacak-mi-0-9rURrhcB.jpg\"\/><\/p>\n<p><b>KARMA\u015eIK TE\u015eEBB\u00dcS BA\u015eLAYAMADI<\/b><\/p>\n<p>Ayr\u0131ca, bakanl\u0131\u011f\u0131n yetkilerini ba\u015fka kurumlara devretmesi ve akabinde departman\u0131 kapatmak i\u00e7in gereken karma\u015f\u0131k bir dizi maddeyi <strong>envanterlemesi<\/strong> (&#8220;bor\u00e7, alacak ve varl\u0131klar\u0131n \u00f6l\u00e7\u00fclerinin ya da bedellerinin, say\u0131m, denetim ve d\u00fczeltme yaparak saptanmas\u0131&#8221;) bekleniyordu. Bu durum, muhafazakarlar\u0131n de\u011fi\u015fim i\u00e7in en b\u00fcy\u00fck dileklerinin kimilerinin kongre onay\u0131na ba\u011fl\u0131 oldu\u011funun da bir kabul\u00fcyd\u00fc. Bu t\u00fcrl\u00fc bir buyruk karma\u015f\u0131k bir te\u015febb\u00fcs\u00fc ba\u015flatacakt\u0131.<\/p>\n<p>\u00d6te yandan kimi muhafazakarlar, \u015fu anda bakanl\u0131\u011f\u0131 kapatmak ve temel fonksiyonlar\u0131n\u0131 ba\u015fka federal kurumlara devretmek i\u00e7in k\u00e2fi takviyeye sahip olmad\u0131klar\u0131n\u0131 kabul ediyorlar. Trump E\u011fitim Bakanl\u0131\u011f\u0131&#8217;n\u0131 kapatmak konusunda sesini y\u00fckseltirken, kurum birebir vakitte hafta sonu ABD Milletleraras\u0131 Kalk\u0131nma Ajans\u0131&#8217;n\u0131 par\u00e7alayan Elon Musk&#8217;\u0131n dikkatini \u00e7ekmi\u015f \u00fczere g\u00f6r\u00fcn\u00fcyor.<\/p>\n<p>Hassas bilgileri g\u00f6r\u00fc\u015fmek i\u00e7in <strong>anonimlik<\/strong> m\u00fcsaadesi verilen (&#8220;\u00e7al\u0131\u015fmalar\u0131 \u00f6\u011frenebilme ve toplant\u0131lara kat\u0131lma yetkisi olan&#8221;) \u00fc\u00e7\u00fcnc\u00fc bir bireye g\u00f6re, H\u00fck\u00fcmet Verimlili\u011fi Bakanl\u0131\u011f\u0131 temsilcileri pazartesi g\u00fcn\u00fc E\u011fitim Bakanl\u0131\u011f\u0131 merkezinde \u00e7al\u0131\u015f\u0131yor ve kurum kay\u0131tlar\u0131na eri\u015fim sa\u011flamaya \u00e7al\u0131\u015f\u0131yorlard\u0131.<\/p>\n<p><img decoding=\"async\" src=\"https:\/\/ikimisli.tr\/wp-content\/uploads\/2025\/04\/trump-egitim-bakanligini-kapatacak-mi-1-vXvlewWi.jpg\"\/><\/p>\n<p><b>DOGE DEVREDE<\/b><\/p>\n<p>DOGE&#8217;den bir temsilci yorum talebine kar\u015f\u0131l\u0131k vermezken Wall Street Journal, y\u00fcr\u00fctme buyru\u011fu hakk\u0131ndaki y\u00f6netimin tart\u0131\u015fmalar\u0131n\u0131n birinci haberini verdi. Trump&#8217;\u0131n y\u00fcr\u00fctme buyru\u011funun genel gidi\u015fat\u0131 \u015fekilleniyor olsa da zamanlamas\u0131 biraz garip. Trump&#8217;\u0131n bakanl\u0131\u011f\u0131 y\u00f6netmesi i\u00e7in aday g\u00f6sterdi\u011fi milyarder profesyonel g\u00fcre\u015f h\u00fck\u00fcmdar\u0131 Linda McMahon&#8217;\u0131n adayl\u0131k duru\u015fmas\u0131 \u015fimdi planlanmad\u0131 zira grubu mali a\u00e7\u0131klamalar\u0131n\u0131n ve \u00f6teki evrak i\u015flerinin H\u00fck\u00fcmet Eti\u011fi Ofisi taraf\u0131ndan onaylanmas\u0131n\u0131 bekliyor.<\/p>\n<p><img decoding=\"async\" src=\"https:\/\/ikimisli.tr\/wp-content\/uploads\/2025\/04\/trump-egitim-bakanligini-kapatacak-mi-2-PpjEK3ye.jpg\"\/><\/p>\n<div>\n<p><strong>DOGE<\/strong> teknoloji milyarderi <strong><span>Elon Musk<\/span><\/strong> ile ila\u00e7 \u015firketi kurucusu ve siyaset\u00e7i <strong><span>Vivek Ramaswamy<\/span><\/strong> taraf\u0131ndan ortakla\u015fa y\u00f6netilen bir kurumdu. Siyasete devam etmek i\u00e7in Ramaswamy kas\u0131m ba\u015f\u0131nda kurumdan ayr\u0131ld\u0131. <\/p>\n<p><strong>DOGE<\/strong>&#8216;nin resmi bir yetkisi yok ve Beyaz Saray&#8217;a tavsiyelerde bulunma misyonunu \u00fcstlenmi\u015f durumda. Komiteler halinde \u00e7al\u0131\u015fan <strong>DOGE<\/strong>&#8216;nin misyonu federal h\u00fck\u00fcmetin harcamalar\u0131n\u0131 ve d\u00fczenlemelerini k\u0131smak.<\/p>\n<\/p><\/div>\n<p>E\u011fitim Bakanl\u0131\u011f\u0131&#8217;n\u0131n ba\u015f\u0131na ge\u00e7en Linda McMahon bakanl\u0131\u011f\u0131n <span><strong>1,6 trilyon dolarl\u0131k \u00f6\u011frenci kredisi<\/strong><\/span> b\u00fct\u00e7esini y\u00f6neten isim. E\u011fitim Bakanl\u0131\u011f\u0131 yetkilileriyle temas halinde olan bir bireye nazaran, bakanl\u0131k i\u015f\u00e7isi s\u0131k s\u0131k tart\u0131\u015fmalara tan\u0131kl\u0131k ediyor.<\/p>\n<p><b>&#8220;BUNU YAPMAYACAKLAR&#8230;&#8221;<\/b><\/p>\n<p>\u00c7\u00fcnk\u00fc Trump&#8217;\u0131n y\u00fcr\u00fctme buyru\u011fu hem Bakan McMahon&#8217;\u0131 sorular\u0131 yan\u0131tlamakta ve departman\u0131 ortadan kald\u0131rma plan\u0131n\u0131 ne \u00f6l\u00e7\u00fcde uygulayaca\u011f\u0131 <strong>konusunda s\u0131k\u0131nt\u0131 bir pozisyona sokuyor<\/strong>. G\u00f6r\u00fc\u015fmelere kat\u0131lan ve isminin payla\u015f\u0131lmas\u0131n\u0131 istemeyen bir \u00f6b\u00fcr bakanl\u0131k \u00e7al\u0131\u015fan\u0131 ise &#8220;Sa\u011fduyum bana, sekreter onaylanana kadar bunu yapmayacaklar\u0131n\u0131 s\u00f6yl\u00fcyor&#8221; dedi ve ekledi:<\/p>\n<p>&#8211; Bu k\u0131smen siyaset, lakin bu y\u00fcr\u00fctme buyru\u011funda birtak\u0131m son tarihler ortaya \u00e7\u0131kacak. Sekreterin bu son tarihlere uymas\u0131 i\u00e7in ge\u00e7en her saniyeye \u00e7ok muhta\u00e7l\u0131\u011f\u0131 var. \u00c7al\u0131\u015fmaya ba\u015flamadan evvel ona vakit kazand\u0131rmak i\u00e7in, sa\u011fduyu bana bunu yapmayacaklar\u0131n\u0131 s\u00f6yl\u00fcyor.<\/p>\n<p><img decoding=\"async\" src=\"https:\/\/ikimisli.tr\/wp-content\/uploads\/2025\/04\/trump-egitim-bakanligini-kapatacak-mi-3-D3qWlNCn.jpg\"\/><\/p>\n<div>\n<p><span><strong>2023&#8217;TE REDDED\u0130LM\u0130\u015eT\u0130<\/strong><\/span><\/p>\n<p>E\u011fitim Bakanl\u0131\u011f\u0131\u2019n\u0131n kapat\u0131lmas\u0131 i\u00e7in <strong><span>Kongre onay\u0131 gerekiyor<\/span><\/strong>. Lakin Trump idaresi, \u015fimdilik kurumun k\u00fc\u00e7\u00fclt\u00fclmesi i\u00e7in agresif ad\u0131mlar atm\u0131yor \u00fczere bir izlenim veriyor. \u00d6te yandan, birtak\u0131m <strong><span>Cumhuriyet\u00e7iler dahi bu ata\u011f\u0131n Kongre\u2019den ge\u00e7meyece\u011fini savunuyor<\/span><\/strong>.<\/p>\n<p>\u00c7\u00fcnk\u00fc bakanl\u0131\u011f\u0131n kapat\u0131lmas\u0131 konusunda Cumhuriyet\u00e7iler ortas\u0131nda bile \u00e7ok derin g\u00f6r\u00fc\u015f ayr\u0131l\u0131klar\u0131 var. 2023 y\u0131l\u0131nda Temsilciler Meclisi\u2019nde yap\u0131lan oylamada 60 Cumhuriyet\u00e7i vekil, Demokratlarla birlikte bu at\u0131l\u0131ma kar\u015f\u0131 \u00e7\u0131km\u0131\u015ft\u0131.<\/p>\n<p><strong><span>&#8220;BU ATAK KAOS GET\u0130RECEK&#8221;<\/span><\/strong><\/p>\n<p>E\u011fitim siyasetlerine taraf veren uzmanlar, Trump\u2019\u0131n bu te\u015febb\u00fcs\u00fcn\u00fcn federal e\u011fitim sistemini fel\u00e7 edebilece\u011fini belirtiyor. Obama idaresi vaktinde bakanl\u0131k yetkililerinden biri olan Aaron Ament, &#8220;Bu karar, milyonlarca \u00f6\u011frencinin hayat\u0131n\u0131 etkileyecek <strong>kaotik bir s\u00fcre\u00e7 ba\u015flatabilir<\/strong>&#8221; diyerek tehlikeye dikkat \u00e7ekti.<\/p>\n<p>Trump, 2024 se\u00e7im kampanyas\u0131 boyunca &#8220;<strong><span>E\u011fitim eyaletlerin i\u015fi olmal\u0131<\/span><\/strong>&#8221; diyerek federal h\u00fck\u00fcmetin e\u011fitim \u00fczerindeki rol\u00fcn\u00fc azaltmay\u0131 vaat etmi\u015fti. Uzmanlar bu ata\u011f\u0131n bir sonraki amac\u0131n\u0131n bakanl\u0131\u011f\u0131n yetkilerini <strong><span>Hazine Bakanl\u0131\u011f\u0131<\/span><\/strong> ve <strong><span>Adalet Bakanl\u0131\u011f\u0131<\/span><\/strong> \u00fczere farkl\u0131 federal kurumlara da\u011f\u0131tmak oldu\u011funu s\u00f6yl\u00fcyor.<\/p>\n<p>Bakanl\u0131\u011f\u0131n kapat\u0131lmas\u0131 konusunda Cumhuriyet\u00e7iler ortas\u0131nda bile g\u00f6r\u00fc\u015f ayr\u0131l\u0131\u011f\u0131 var. Bir evvelki oylamada 60 Cumhuriyet\u00e7i vekil, Demokratlarla birlikte bu ata\u011fa kar\u015f\u0131 \u00e7\u0131km\u0131\u015ft\u0131. <\/p>\n<\/p><\/div>\n<p>*** <strong>Euronews<\/strong> <\/p>\n<p>*** <strong>Politico<\/strong> &#8211; Juan Perez Jr. <\/p>\n<p>* Rapora Rebecca Carballo katk\u0131da bulunmu\u015ftur.  <\/p>\n","protected":false},"excerpt":{"rendered":"<p>Amerika Birle\u015fik Devletleri&#8217;nin \u00e7i\u00e7e\u011fi burnunda ba\u015fkan\u0131 Donald Trump&#8217;\u0131n se\u00e7im \u00f6ncesi vaatlerinden biri olan &#8216;E\u011fitim Bakanl\u0131\u011f\u0131&#8217;n\u0131 kapatma arg\u00fcman\u0131 yine g\u00fcndemde. Lakin bu sefer sav\u0131n ger\u00e7ekle\u015fmesinin ne kadar s\u0131k\u0131nt\u0131 olaca\u011f\u0131na ait haberler ve bilgilerle&#8230;<\/p>\n","protected":false},"author":1,"featured_media":27989,"comment_status":"open","ping_status":"open","sticky":false,"template":"","format":"standard","meta":{"footnotes":""},"categories":[43],"tags":[2991,4864,816,131,4841],"class_list":["post-27988","post","type-post","status-publish","format-standard","has-post-thumbnail","hentry","category-dunya","tag-bakanligi","tag-egitim-bakanligi","tag-kurum","tag-trump","tag-yon"],"_links":{"self":[{"href":"https:\/\/ikimisli.tr\/index.php\/wp-json\/wp\/v2\/posts\/27988","targetHints":{"allow":["GET"]}}],"collection":[{"href":"https:\/\/ikimisli.tr\/index.php\/wp-json\/wp\/v2\/posts"}],"about":[{"href":"https:\/\/ikimisli.tr\/index.php\/wp-json\/wp\/v2\/types\/post"}],"author":[{"embeddable":true,"href":"https:\/\/ikimisli.tr\/index.php\/wp-json\/wp\/v2\/users\/1"}],"replies":[{"embeddable":true,"href":"https:\/\/ikimisli.tr\/index.php\/wp-json\/wp\/v2\/comments?post=27988"}],"version-history":[{"count":1,"href":"https:\/\/ikimisli.tr\/index.php\/wp-json\/wp\/v2\/posts\/27988\/revisions"}],"predecessor-version":[{"id":27994,"href":"https:\/\/ikimisli.tr\/index.php\/wp-json\/wp\/v2\/posts\/27988\/revisions\/27994"}],"wp:featuredmedia":[{"embeddable":true,"href":"https:\/\/ikimisli.tr\/index.php\/wp-json\/wp\/v2\/media\/27989"}],"wp:attachment":[{"href":"https:\/\/ikimisli.tr\/index.php\/wp-json\/wp\/v2\/media?parent=27988"}],"wp:term":[{"taxonomy":"category","embeddable":true,"href":"https:\/\/ikimisli.tr\/index.php\/wp-json\/wp\/v2\/categories?post=27988"},{"taxonomy":"post_tag","embeddable":true,"href":"https:\/\/ikimisli.tr\/index.php\/wp-json\/wp\/v2\/tags?post=27988"}],"curies":[{"name":"wp","href":"https:\/\/api.w.org\/{rel}","templated":true}]}}