{"id":2803,"date":"2025-01-10T23:30:47","date_gmt":"2025-01-10T23:30:47","guid":{"rendered":"https:\/\/ikimisli.tr\/?p=2803"},"modified":"2025-01-10T23:30:47","modified_gmt":"2025-01-10T23:30:47","slug":"sahadaki-kavga-havuza-sicradi-f-bahce-g-sarayi-sikayet-etti","status":"publish","type":"post","link":"https:\/\/ikimisli.tr\/index.php\/2025\/01\/10\/sahadaki-kavga-havuza-sicradi-f-bahce-g-sarayi-sikayet-etti\/","title":{"rendered":"Sahadaki kavga havuza s\u0131\u00e7rad\u0131! F.Bah\u00e7e, G.Saray&#8217;\u0131 \u015fikayet etti"},"content":{"rendered":"<p>Fenerbah\u00e7e ile Galatasaray rekabetinde ya\u015fanan gerginlik havuza da ta\u015ft\u0131. Genel klasmanda 6 kategorideki kupalar\u0131n 5&#8217;ini kazanan sar\u0131-lacivertli grup, 2023 y\u0131l\u0131n\u0131n yaz \u015fampiyonas\u0131nda birinci kere a\u00e7\u0131k ya\u015f erkekler kupas\u0131n\u0131 kaybetti.<\/p>\n<p>Ancak kaybedilen bu kupan\u0131n T\u00fcrkiye Y\u00fczme Federasyonu&#8217;nda teknik y\u00f6neticilik yapan Galatasaray Y\u00fczme \u015eubesi&#8217;nin ba\u015f antren\u00f6r\u00fc Yasin At\u0131l&#8217;\u0131n lisans vizesi olmayan y\u00fcz\u00fcc\u00fcs\u00fcn\u00fc yasak olmas\u0131na kar\u015f\u0131n hakemler \u00fczerinde bask\u0131 kurarak y\u00fczd\u00fcrd\u00fc\u011f\u00fc ve kupay\u0131 Galatasaray&#8217;a kazand\u0131rtt\u0131\u011f\u0131 tez edildi.<\/p>\n<p><b>TRANSFER SIRASINDA \u00d6\u011eREN\u0130LD\u0130<\/b><\/p>\n<p>4-8 A\u011fustos 2023 tarihlerinde \u0130stanbul\u2019da ger\u00e7ekle\u015ftirilen T\u00fcrkiye Arena Kul\u00fcpler Ortas\u0131 Uzun Kulvar Gen\u00e7 ve A\u00e7\u0131k Ya\u015f Y\u00fczme \u015eampiyonas\u0131 Ve Y\u0131ld\u0131zlar Ki\u015fisel Y\u00fczme M\u00fcsabakas\u0131&#8217;n\u0131 Fenerbah\u00e7e&#8217;nin 21.5 puan \u00f6n\u00fcnde tamamlayan ve 7 y\u0131l ortadan sonra kupay\u0131 kald\u0131ran Galatasaray&#8217;\u0131n lisans\u0131 iki y\u0131ld\u0131r vizelenmeyen y\u00fcz\u00fcc\u00fcs\u00fcn\u00fc yar\u0131\u015ft\u0131rd\u0131\u011f\u0131 sav\u0131 g\u00fcndeme geldi. Kelam konusu duruma itiraz edilmesine kar\u015f\u0131n kul\u00fcb\u00fcn\u00fcn lisans\u0131n\u0131 y\u0131ll\u0131k vizelendirmeyi unuttu\u011fu sav edilen Tabiat \u00c7elik&#8217;in yar\u0131\u015flarda kazand\u0131rd\u0131\u011f\u0131 60 puan\u0131n\u0131n silinmesi talep edildi.\u00a0\u00a0<\/p>\n<p>Galatasaray y\u00fczmenin lisans\u0131n\u0131 yeni d\u00f6nem i\u00e7in vizelendirmedi\u011fi Tabiat \u00c7elik&#8217;in yar\u0131\u015flara tarihi ge\u00e7mi\u015f lisans ile kat\u0131ld\u0131\u011f\u0131 atletin di\u011fer kul\u00fcbe transfer olma te\u015febb\u00fcs\u00fcnde ortaya \u00e7\u0131kt\u0131.<\/p>\n<p><b>FENERBAH\u00c7E \u015e\u0130KAYET ETT\u0130<\/b><\/p>\n<p>Fenerbah\u00e7e Kul\u00fcb\u00fc durumu T\u00fcrkiye Y\u00fczme Federasyonu&#8217;na bildirdi. Yakla\u015f\u0131k iki ayd\u0131r bu soru\u015fturman\u0131n s\u00fcrd\u00fc\u011f\u00fc \u00f6\u011frenilirken, verilmesi m\u00fcmk\u00fcn diskalifiye kararlar\u0131 do\u011frultusunda kupan\u0131n el de\u011fi\u015ftirmesi d\u0131\u015f\u0131nda, bayrak yar\u0131\u015flar\u0131n\u0131n tamam\u0131nda s\u0131ralama tekrar yap\u0131lacak, ikisinde \u015fampiyonluk de\u011fi\u015fecek.<\/p>\n<p>100 h\u00fcr ferdi yar\u0131\u015f\u0131nda bronz madalya el de\u011fi\u015ftirecek, 50 \u00f6zg\u00fcrde de 4.l\u00fckten sonraki s\u0131ralamalar de\u011fi\u015fecek. Diskalifiyeler sonucu 264.5 puan ile a\u00e7\u0131k ya\u015f erkeklerde \u015fampiyon olan Galatasaray&#8217;\u0131n 60 puan\u0131 silinecek. Silinen puanlarla de\u011fi\u015fen s\u0131ralamalar gere\u011fi iki bayrak yar\u0131\u015f\u0131nda 8 puan, iki ferdi yar\u0131\u015fta da 2 puan Fenerbah\u00e7e&#8217;ye eklenecek. 243 puanla \u015fampiyonay\u0131 ikinci bitiren Fenerbah\u00e7e 253 puana y\u00fckselirken, Galatasaray&#8217;\u0131n puan\u0131 204.5&#8217;da kalacak.\u00a0<\/p>\n<p>Kul\u00fcb\u00fcn\u00fcn lisans\u0131n\u0131 y\u0131ll\u0131k vizelendirmeyi unuttu\u011fu Tabiat \u00c7elik&#8217;in yar\u0131\u015flara nas\u0131l kabul edildi\u011fi s\u0131rr\u0131n\u0131 korurken, kar\u015f\u0131la\u015fmalar\u0131n hakemleri de b\u00fcy\u00fck zan alt\u0131nda kald\u0131.\u00a0<\/p>\n<p><img decoding=\"async\" src=\"https:\/\/ikimisli.tr\/wp-content\/uploads\/2025\/01\/sahadaki-kavga-havuza-sicradi-fbahce-gsarayi-sikayet-etti-0-Wa5ukWSM.jpg\"\/><\/p>\n<p><b>V\u0130ZES\u0130 2022&#8217;DE SONA ER\u0130YOR<\/b><\/p>\n<p>T\u00fcrkiye Y\u00fczme Federasyonu Y\u00fczme Kar\u015f\u0131la\u015fmalar\u0131 Talimat\u0131 \u0130kinci K\u0131sm\u0131nda Yar\u0131\u015flara Kat\u0131lacak Atletlerde Aranacak \u015eartlar Husus 7-1-a bendinde \u2018\u2018Bireysel yahut temsil edece\u011fi kul\u00fcp ismine o devir i\u00e7in vize edilmi\u015f y\u00fczme sportmen lisans\u0131 bulunmas\u0131 \u015fartt\u0131r\u2019\u2019 tabirleri yer al\u0131yor.\u00a0 4-8 A\u011fustos 2023 tarihlerinde \u0130stanbul\u2019da ger\u00e7ekle\u015ftirilen T\u00fcrkiye Arena Kul\u00fcpler Ortas\u0131 Uzun Kulvar Gen\u00e7 ve A\u00e7\u0131k Ya\u015f Y\u00fczme \u015eampiyonas\u0131 Ve Y\u0131ld\u0131zlar Ki\u015fisel Y\u00fczme Kar\u015f\u0131la\u015fmas\u0131 reglaman\u0131 \u2018\u2018M\u00fcsabaka \u0130\u015ftirak Kurallar\u0131\u2019\u2019 ba\u015fl\u0131kl\u0131 k\u0131s\u0131m, Husus 1\u2019de \u2018\u2018Yar\u0131\u015fmalara belirtilen ya\u015f k\u00fcmesi sportmenler, 2022-2023 vizeli lisanslar\u0131 ile i\u015ftirak edeceklerdir\u2019\u2019 de deniliyor.\u00a0<\/p>\n<p><img decoding=\"async\" src=\"https:\/\/ikimisli.tr\/wp-content\/uploads\/2025\/01\/sahadaki-kavga-havuza-sicradi-fbahce-gsarayi-sikayet-etti-1-FYVtnvmO.jpg\"\/><\/p>\n<p>4-8 A\u011fustos 2023 tarihlerinde ger\u00e7ekle\u015ftirilen kar\u015f\u0131la\u015fmada Galatasaray Spor Kul\u00fcb\u00fc Y\u00fczme Grubu ismine ferd\u00ee ve bayrak yar\u0131\u015flar\u0131na kat\u0131larak gayret veren Tabiat \u00c7elik\u2019in sportmen lisans\u0131n\u0131n 2022-2023 d\u00f6neminde vizelenmedi\u011fi ortaya \u00e7\u0131karken, \u00c7elik\u2019in atlet lisans\u0131n\u0131n son vizeleme tarihi 20.12.2021&#8217;e ba\u015flad\u0131\u011f\u0131 ve 30.09.2022&#8217;de bitti\u011fi \u00f6\u011frenildi.\u00a0<\/p>\n<p>\u00a0<\/p>\n<p>\u00a0<\/p>\n","protected":false},"excerpt":{"rendered":"<p>Fenerbah\u00e7e, Galatasaray sportmeni Tabiat \u00c7elik&#8217;in lisans\u0131n\u0131n eski oldu\u011fu m\u00fcnasebeti ile yar\u0131\u015flarda kazand\u0131rd\u0131\u011f\u0131 60 puan\u0131n\u0131n silinmesi talep edildi.<\/p>\n","protected":false},"author":1,"featured_media":2804,"comment_status":"open","ping_status":"open","sticky":false,"template":"","format":"standard","meta":{"footnotes":""},"categories":[30],"tags":[342,728,729,727,726],"class_list":["post-2803","post","type-post","status-publish","format-standard","has-post-thumbnail","hentry","category-spor","tag-galatasaray","tag-lisans","tag-sporcu","tag-vize","tag-yuzme"],"_links":{"self":[{"href":"https:\/\/ikimisli.tr\/index.php\/wp-json\/wp\/v2\/posts\/2803","targetHints":{"allow":["GET"]}}],"collection":[{"href":"https:\/\/ikimisli.tr\/index.php\/wp-json\/wp\/v2\/posts"}],"about":[{"href":"https:\/\/ikimisli.tr\/index.php\/wp-json\/wp\/v2\/types\/post"}],"author":[{"embeddable":true,"href":"https:\/\/ikimisli.tr\/index.php\/wp-json\/wp\/v2\/users\/1"}],"replies":[{"embeddable":true,"href":"https:\/\/ikimisli.tr\/index.php\/wp-json\/wp\/v2\/comments?post=2803"}],"version-history":[{"count":1,"href":"https:\/\/ikimisli.tr\/index.php\/wp-json\/wp\/v2\/posts\/2803\/revisions"}],"predecessor-version":[{"id":2807,"href":"https:\/\/ikimisli.tr\/index.php\/wp-json\/wp\/v2\/posts\/2803\/revisions\/2807"}],"wp:featuredmedia":[{"embeddable":true,"href":"https:\/\/ikimisli.tr\/index.php\/wp-json\/wp\/v2\/media\/2804"}],"wp:attachment":[{"href":"https:\/\/ikimisli.tr\/index.php\/wp-json\/wp\/v2\/media?parent=2803"}],"wp:term":[{"taxonomy":"category","embeddable":true,"href":"https:\/\/ikimisli.tr\/index.php\/wp-json\/wp\/v2\/categories?post=2803"},{"taxonomy":"post_tag","embeddable":true,"href":"https:\/\/ikimisli.tr\/index.php\/wp-json\/wp\/v2\/tags?post=2803"}],"curies":[{"name":"wp","href":"https:\/\/api.w.org\/{rel}","templated":true}]}}