{"id":28100,"date":"2025-04-18T13:36:06","date_gmt":"2025-04-18T13:36:06","guid":{"rendered":"https:\/\/ikimisli.tr\/?p=28100"},"modified":"2025-04-18T13:36:06","modified_gmt":"2025-04-18T13:36:06","slug":"1-ligden-premier-lige-gitti","status":"publish","type":"post","link":"https:\/\/ikimisli.tr\/index.php\/2025\/04\/18\/1-ligden-premier-lige-gitti\/","title":{"rendered":"1. Lig&#8217;den Premier Lig&#8217;e gitti"},"content":{"rendered":"<p>Trendyol 1. Lig ekiplerinden Gen\u00e7lerbirli\u011fi Kul\u00fcb\u00fc Genel Menajeri Ali Ekber D\u00fczg\u00fcn, akademi oyuncular\u0131ndan Baran Y\u0131ld\u0131z&#8217;\u0131n, \u0130ngiliz tak\u0131m\u0131 Newcastle United&#8217;a transferinin ger\u00e7ekle\u015fti\u011fini s\u00f6yledi. <\/p>\n<p>Ali Ekber D\u00fczg\u00fcn, yapt\u0131\u011f\u0131 a\u00e7\u0131klamada, &#8220;Baran Y\u0131ld\u0131z&#8217;\u0131n Newcastle United&#8217;a transferi tamamland\u0131. Resmi imzalar da at\u0131ld\u0131. Altyap\u0131m\u0131zdan bir futbolcumuzun, Premier Lig kadrosuna transfer olmas\u0131 Gen\u00e7lerbirli\u011fi i\u00e7in de oyuncumuz i\u00e7in de k\u0131ymetli bir muvaffakiyet. Umar\u0131m Arda G\u00fcler \u00fczere Gen\u00e7lerbirli\u011fi&#8217;ni yurt d\u0131\u015f\u0131nda muvaffakiyetle temsil eder. Mesle\u011finde muvaffakiyetler diliyoruz&#8221; tabirlerini kulland\u0131.<\/p>\n<p>Gen\u00e7lerbirli\u011fi Kul\u00fcb\u00fcn\u00fcn toplumsal medya hesaplar\u0131ndan, &#8220;Yeni ser\u00fcveninde muvaffakiyetler Baran&#8221; payla\u015f\u0131m\u0131 yap\u0131ld\u0131.<\/p>\n<p>18 ya\u015f\u0131ndaki orta saha oyuncusu Baran Y\u0131ld\u0131z da yay\u0131mlad\u0131\u011f\u0131 veda iletisinde, &#8220;Gidece\u011fim yerde hem Gen\u00e7lerbirli\u011fi&#8217;ni hem de \u00fclkemi gururland\u0131racak i\u015fler yapaca\u011f\u0131mdan kimsenin ku\u015fkusu olmas\u0131n&#8221; halinde g\u00f6r\u00fc\u015f belirtti.<\/p>\n","protected":false},"excerpt":{"rendered":"<p>Gen\u00e7lerbirli\u011fi&#8217;nde forma giyen 18 ya\u015f\u0131ndaki orta saha oyuncusu Baran Y\u0131ld\u0131z&#8217;\u0131n Newcastle United&#8217;a transferi ger\u00e7ekle\u015fti<\/p>\n","protected":false},"author":1,"featured_media":28101,"comment_status":"open","ping_status":"open","sticky":false,"template":"","format":"standard","meta":{"footnotes":""},"categories":[30],"tags":[4513],"class_list":["post-28100","post","type-post","status-publish","format-standard","has-post-thumbnail","hentry","category-spor","tag-genclerbirligi"],"_links":{"self":[{"href":"https:\/\/ikimisli.tr\/index.php\/wp-json\/wp\/v2\/posts\/28100","targetHints":{"allow":["GET"]}}],"collection":[{"href":"https:\/\/ikimisli.tr\/index.php\/wp-json\/wp\/v2\/posts"}],"about":[{"href":"https:\/\/ikimisli.tr\/index.php\/wp-json\/wp\/v2\/types\/post"}],"author":[{"embeddable":true,"href":"https:\/\/ikimisli.tr\/index.php\/wp-json\/wp\/v2\/users\/1"}],"replies":[{"embeddable":true,"href":"https:\/\/ikimisli.tr\/index.php\/wp-json\/wp\/v2\/comments?post=28100"}],"version-history":[{"count":1,"href":"https:\/\/ikimisli.tr\/index.php\/wp-json\/wp\/v2\/posts\/28100\/revisions"}],"predecessor-version":[{"id":28102,"href":"https:\/\/ikimisli.tr\/index.php\/wp-json\/wp\/v2\/posts\/28100\/revisions\/28102"}],"wp:featuredmedia":[{"embeddable":true,"href":"https:\/\/ikimisli.tr\/index.php\/wp-json\/wp\/v2\/media\/28101"}],"wp:attachment":[{"href":"https:\/\/ikimisli.tr\/index.php\/wp-json\/wp\/v2\/media?parent=28100"}],"wp:term":[{"taxonomy":"category","embeddable":true,"href":"https:\/\/ikimisli.tr\/index.php\/wp-json\/wp\/v2\/categories?post=28100"},{"taxonomy":"post_tag","embeddable":true,"href":"https:\/\/ikimisli.tr\/index.php\/wp-json\/wp\/v2\/tags?post=28100"}],"curies":[{"name":"wp","href":"https:\/\/api.w.org\/{rel}","templated":true}]}}