{"id":28159,"date":"2025-04-18T16:36:06","date_gmt":"2025-04-18T16:36:06","guid":{"rendered":"https:\/\/ikimisli.tr\/?p=28159"},"modified":"2025-04-18T16:36:06","modified_gmt":"2025-04-18T16:36:06","slug":"protokole-ozel-asfalt-hatayda-2-yillik-yol-sorunu-bir-gunde-cozuldu","status":"publish","type":"post","link":"https:\/\/ikimisli.tr\/index.php\/2025\/04\/18\/protokole-ozel-asfalt-hatayda-2-yillik-yol-sorunu-bir-gunde-cozuldu\/","title":{"rendered":"Protokole \u00f6zel asfalt! Hatay&#8217;da 2 y\u0131ll\u0131k yol sorunu bir g\u00fcnde \u00e7\u00f6z\u00fcld\u00fc"},"content":{"rendered":"<p>Kahramanmara\u015f merkezli 11 kentte tesirli olan 6 \u015eubat zelzelelerinin vurdu\u011fu Hatay&#8217;da ya\u015fayan vatanda\u015flar\u0131n aylard\u0131r \u015fikayet etti\u011fi ve ara\u00e7lar\u0131n s\u0131k s\u0131k suya g\u00f6m\u00fcld\u00fc\u011f\u00fc yollar\u0131n 6 \u015eubat anma merasimleri \u00f6ncesinde s\u00fcratle d\u00fczenlenmesi dikkat \u00e7ekti.<\/p>\n<p>Depremin y\u0131kt\u0131\u011f\u0131 Hatay&#8217;da son durumu aktaran S\u00f6zc\u00fc muhabiri G\u00fclnur Saydam, kentte uzun m\u00fcddettir \u00e7ukurlarla dolu ve kullan\u0131lamaz halde olan yollar\u0131n bir g\u00fcn i\u00e7erisinde b\u00fcsb\u00fct\u00fcn asfaltland\u0131\u011f\u0131n\u0131 s\u00f6yledi.<\/p>\n<p>D\u00fczenlemenin, bakanlar, vali, belediye ba\u015fkan\u0131 ve \u015fehir d\u0131\u015f\u0131ndan gelen depremzedelerin de kat\u0131laca\u011f\u0131 program \u00f6ncesinde yap\u0131ld\u0131\u011f\u0131na dikkat \u00e7eken Saydam, \u015funlar\u0131 s\u00f6yledi:<\/p>\n<p>&#8220;*Buras\u0131, uzun vakittir \u00e7ukurlarla dolu bir yoldu. En ufak bir ya\u011fmurda bile otomobiller suya g\u00f6m\u00fcl\u00fcyor, sanayi b\u00f6lgesi adeta \u00e7\u0131kmaz bir hale geliyordu. Toz, duman; akl\u0131n\u0131za ne gelirse burada tesirliydi. <\/p>\n<p>*Ancak bu sabah prestijiyle b\u00fcsb\u00fct\u00fcn yeni bir asfalt d\u00f6\u015fendi. Neden mi? Zira 6 \u015eubat\u2019ta burada protokol olacak. Bakanlar, vali, belediye ba\u015fkan\u0131 ve \u015fehir d\u0131\u015f\u0131ndan gelen depremzedeler burada bulunacak.<\/p>\n<p>*G\u00f6r\u00fcl\u00fcyor ki, aylarca \u015fikayet edilen ve insanlar\u0131n maddi-manevi ziyana u\u011frad\u0131\u011f\u0131 bu yol, s\u0131rf bir g\u00fcn i\u00e7inde b\u00fcsb\u00fct\u00fcn asfaltlanabiliyor. <\/p>\n<p>*Yani, y\u0131llard\u0131r lisana getirilen bir\u00e7ok sorun bir yana, burada yap\u0131lanlar ve s\u00f6ylenenler daha \u00e7ok g\u00f6rsel bir \u015f\u00f6lenden ibaret \u00fczere g\u00f6r\u00fcn\u00fcyor.&#8221;<\/p>\n","protected":false},"excerpt":{"rendered":"<p>Kahramanmara\u015f sars\u0131nt\u0131lar\u0131n\u0131n vurdu\u011fu Hatay&#8217;da uzun m\u00fcddettir \u00e7ukurlu ve kullan\u0131lamaz haldeki yolun, 6 \u015eubat anma merasimleri \u00f6ncesi protokol i\u00e7in bir g\u00fcn i\u00e7erisinde b\u00fcsb\u00fct\u00fcn asfaltland\u0131\u011f\u0131 ortaya \u00e7\u0131kt\u0131.<\/p>\n","protected":false},"author":1,"featured_media":28160,"comment_status":"open","ping_status":"open","sticky":false,"template":"","format":"standard","meta":{"footnotes":""},"categories":[25],"tags":[],"class_list":["post-28159","post","type-post","status-publish","format-standard","has-post-thumbnail","hentry","category-gundem"],"_links":{"self":[{"href":"https:\/\/ikimisli.tr\/index.php\/wp-json\/wp\/v2\/posts\/28159","targetHints":{"allow":["GET"]}}],"collection":[{"href":"https:\/\/ikimisli.tr\/index.php\/wp-json\/wp\/v2\/posts"}],"about":[{"href":"https:\/\/ikimisli.tr\/index.php\/wp-json\/wp\/v2\/types\/post"}],"author":[{"embeddable":true,"href":"https:\/\/ikimisli.tr\/index.php\/wp-json\/wp\/v2\/users\/1"}],"replies":[{"embeddable":true,"href":"https:\/\/ikimisli.tr\/index.php\/wp-json\/wp\/v2\/comments?post=28159"}],"version-history":[{"count":1,"href":"https:\/\/ikimisli.tr\/index.php\/wp-json\/wp\/v2\/posts\/28159\/revisions"}],"predecessor-version":[{"id":28161,"href":"https:\/\/ikimisli.tr\/index.php\/wp-json\/wp\/v2\/posts\/28159\/revisions\/28161"}],"wp:featuredmedia":[{"embeddable":true,"href":"https:\/\/ikimisli.tr\/index.php\/wp-json\/wp\/v2\/media\/28160"}],"wp:attachment":[{"href":"https:\/\/ikimisli.tr\/index.php\/wp-json\/wp\/v2\/media?parent=28159"}],"wp:term":[{"taxonomy":"category","embeddable":true,"href":"https:\/\/ikimisli.tr\/index.php\/wp-json\/wp\/v2\/categories?post=28159"},{"taxonomy":"post_tag","embeddable":true,"href":"https:\/\/ikimisli.tr\/index.php\/wp-json\/wp\/v2\/tags?post=28159"}],"curies":[{"name":"wp","href":"https:\/\/api.w.org\/{rel}","templated":true}]}}