{"id":28244,"date":"2025-04-18T21:36:07","date_gmt":"2025-04-18T21:36:07","guid":{"rendered":"https:\/\/ikimisli.tr\/?p=28244"},"modified":"2025-04-18T21:36:07","modified_gmt":"2025-04-18T21:36:07","slug":"meta-duyurdu-tehlikeli-yapay-zeka-sistemleri-sinirlanabilir","status":"publish","type":"post","link":"https:\/\/ikimisli.tr\/index.php\/2025\/04\/18\/meta-duyurdu-tehlikeli-yapay-zeka-sistemleri-sinirlanabilir\/","title":{"rendered":"Meta duyurdu: Tehlikeli yapay zek\u00e2 sistemleri s\u0131n\u0131rlanabilir"},"content":{"rendered":"<p>WhatsApp, Facebook ve Instagram\u2019\u0131n sahibi Meta\u2019n\u0131n \u0130leri Seviye Yapay Zek\u00e2 \u00c7er\u00e7evesi (Frontier AI Framework) isimli yeni dok\u00fcman\u0131na nazaran, \u015firket birtak\u0131m senaryolarda y\u00fcksek yetenekli yapay zek\u00e2 sistemlerini olu\u015fturdu\u011fu riskler nedeniyle payla\u015fmayabilir. Bu ay Fransa\u2019daki Yapay Zek\u00e2 Aksiyon Doru\u011fu \u00f6ncesinde yay\u0131mlanan bu \u00e7er\u00e7evede Meta, &#8220;y\u00fcksek riskli&#8221; ve &#8220;kritik riskli&#8221; olmak \u00fczere iki farkl\u0131 yapay zek\u00e2 k\u00fcmesinin tarifini yap\u0131yor.<\/p>\n<p><b>\u00d6NLEMLER ARTIRILACAK<\/b><\/p>\n<p>Y\u00fcksek riskli sistemler muhakkak tedbirlerle inan\u00e7l\u0131 h\u00e2le getirilebiliyorken, kritik riskli sistemler \u2018felaketle sonu\u00e7lanabilecek tehlikeler bar\u0131nd\u0131rd\u0131\u011f\u0131 i\u00e7in\u2019 Meta, bu t\u0131p sistemlerin geli\u015fimini durduraca\u011f\u0131n\u0131 ve g\u00fcvenlik tedbirlerini art\u0131raca\u011f\u0131n\u0131 a\u00e7\u0131klad\u0131. <\/p>\n<p>Meta\u2019n\u0131n belirtti\u011fine nazaran, bilhassa ileri seviye siber ataklar\u0131 ger\u00e7ekle\u015ftirebilecek yahut y\u00fcksek tesirli biyolojik silahlar\u0131n yay\u0131lmas\u0131na neden olabilecek yapay zek\u00e2 sistemleri kritik risk ta\u015f\u0131yor. \u015eirket, sistemlerin tehlike seviyesini belirlemek i\u00e7in i\u00e7 ve d\u0131\u015f uzmanlar\u0131n g\u00f6r\u00fc\u015flerini dikkate ald\u0131\u011f\u0131n\u0131 belirtirken, yapay zek\u00e2 g\u00fcvenli\u011finin kesin bir \u00f6l\u00e7\u00fcm standard\u0131na sahip olmad\u0131\u011f\u0131n\u0131 da kabul ediyor.<\/p>\n<p>\u00d6te yandan Meta&#8217;n\u0131n CEO&#8217;su Mark Zuckerberg Facebook \u00fczerinden 2025 y\u0131l\u0131nda yapay zekan\u0131n geli\u015fimine y\u00f6nelik beklentilerini aktard\u0131\u011f\u0131 de\u011ferlendirmede yapay zek\u00e2 sistemlerinin a\u00e7\u0131k kaynakl\u0131 olmas\u0131 gerekti\u011fini savundu. Meta da, yapay zek\u00e2 teknolojisini geni\u015f \u00e7apta eri\u015fime a\u00e7ma stratejisini benimsedi\u011fini vurgulasa da, uzmanlara nazaran bu b\u00fcsb\u00fct\u00fcn a\u00e7\u0131k kaynakl\u0131 bir sistemle ilerleyecekleri manas\u0131na gelmiyor. \u015eirketin Llama ismini ta\u015f\u0131yan yapay zek\u00e2 modellerinin en az bir ABD z\u0131dd\u0131 akt\u00f6r taraf\u0131ndan bir savunma sohbet botu geli\u015ftirmek i\u00e7in kullan\u0131ld\u0131\u011f\u0131 da daha evvel tespit edilmi\u015fti.<\/p>\n","protected":false},"excerpt":{"rendered":"<p>Meta, bilhassa siber g\u00fcvenlik taarruzlar\u0131, kimyasal ve biyolojik tehditler \u00fczere riskler ta\u015f\u0131yan sistemleri s\u0131n\u0131rlayaca\u011f\u0131n\u0131 belirtti.<\/p>\n","protected":false},"author":1,"featured_media":28245,"comment_status":"open","ping_status":"open","sticky":false,"template":"","format":"standard","meta":{"footnotes":""},"categories":[31],"tags":[3342,353,4887,210],"class_list":["post-28244","post","type-post","status-publish","format-standard","has-post-thumbnail","hentry","category-teknoloji","tag-meta","tag-risk","tag-sistemler","tag-yapay-zeka"],"_links":{"self":[{"href":"https:\/\/ikimisli.tr\/index.php\/wp-json\/wp\/v2\/posts\/28244","targetHints":{"allow":["GET"]}}],"collection":[{"href":"https:\/\/ikimisli.tr\/index.php\/wp-json\/wp\/v2\/posts"}],"about":[{"href":"https:\/\/ikimisli.tr\/index.php\/wp-json\/wp\/v2\/types\/post"}],"author":[{"embeddable":true,"href":"https:\/\/ikimisli.tr\/index.php\/wp-json\/wp\/v2\/users\/1"}],"replies":[{"embeddable":true,"href":"https:\/\/ikimisli.tr\/index.php\/wp-json\/wp\/v2\/comments?post=28244"}],"version-history":[{"count":1,"href":"https:\/\/ikimisli.tr\/index.php\/wp-json\/wp\/v2\/posts\/28244\/revisions"}],"predecessor-version":[{"id":28246,"href":"https:\/\/ikimisli.tr\/index.php\/wp-json\/wp\/v2\/posts\/28244\/revisions\/28246"}],"wp:featuredmedia":[{"embeddable":true,"href":"https:\/\/ikimisli.tr\/index.php\/wp-json\/wp\/v2\/media\/28245"}],"wp:attachment":[{"href":"https:\/\/ikimisli.tr\/index.php\/wp-json\/wp\/v2\/media?parent=28244"}],"wp:term":[{"taxonomy":"category","embeddable":true,"href":"https:\/\/ikimisli.tr\/index.php\/wp-json\/wp\/v2\/categories?post=28244"},{"taxonomy":"post_tag","embeddable":true,"href":"https:\/\/ikimisli.tr\/index.php\/wp-json\/wp\/v2\/tags?post=28244"}],"curies":[{"name":"wp","href":"https:\/\/api.w.org\/{rel}","templated":true}]}}