{"id":28262,"date":"2025-04-18T22:36:06","date_gmt":"2025-04-18T22:36:06","guid":{"rendered":"https:\/\/ikimisli.tr\/?p=28262"},"modified":"2025-04-18T22:36:06","modified_gmt":"2025-04-18T22:36:06","slug":"3-yildizli-komutan-da-karsi-cikti-ama-yine-kurtaramadi","status":"publish","type":"post","link":"https:\/\/ikimisli.tr\/index.php\/2025\/04\/18\/3-yildizli-komutan-da-karsi-cikti-ama-yine-kurtaramadi\/","title":{"rendered":"3 y\u0131ld\u0131zl\u0131 komutan da kar\u015f\u0131 \u00e7\u0131kt\u0131 ama yine kurtaramad\u0131"},"content":{"rendered":"<p><em><strong>Cem YILDIRIM<\/strong><\/em><\/p>\n<p>\u2019\u2019Mustafa Kemal\u2019in askerleriyiz\u2019\u2019 diyerek yemin eden ve TSK\u2019dan \u201cDisiplinsizlik\u201d gerek\u00e7esiyle ihra\u00e7 edilen 5 te\u011fmen hakk\u0131ndaki gerek\u00e7eli karar ortaya \u00e7\u0131kt\u0131. Karar 5 te\u011fmen ve 3 amiri ile avukatlar\u0131na bildirim edildi. \u0130hra\u00e7 karar\u0131na ret oyu veren KKK Y\u00fcksek Disiplin Kurulu \u00fcyesi, bir korgeneral, bir tu\u011fgeneral ve 2 albay muhalif kald\u0131. Y\u00fcksek Disiplin Kurulu\u2019na korgeneral ba\u015fkanl\u0131k ediyor. \u0130hra\u00e7 karar\u0131, 4 ret oyuna kar\u015f\u0131l\u0131k 5 oyla ve bir farkla al\u0131nd\u0131.<\/p>\n<p><strong>\u2018PROTESTO \u0130\u00c7\u0130N ERT\u00dcRK PLANLADI\u2019<\/strong><\/p>\n<p>Kararda te\u011fmenlerin TSK\u2019y\u0131 tart\u0131\u015fmal\u0131 hale getirerek \u201cToplumda ayr\u0131\u015fmaya sebep olduklar\u0131 ve TSK\u2019n\u0131n y\u0131pranmas\u0131na neden olduklar\u0131\u2019\u2019 \u00f6ne s\u00fcr\u00fcld\u00fc. Te\u011fmen Ebru Ero\u011flu\u2019nun, and\u0131n de\u011fi\u015ftirilmesine y\u00f6nelik d\u00fczenlemeyi protesto etmek i\u00e7in planlama yapt\u0131\u011f\u0131 \u00f6ne s\u00fcr\u00fcld\u00fc. \u201cMustafa Kemal\u2019in askerleriyiz\u2019 kelam\u0131n\u0131 hedefi d\u0131\u015f\u0131nda kullanmak kelam\u0131n pahas\u0131n\u0131 de azalt\u0131r\u201d denilen m\u00fcnasebette, \u015funlar kaydedildi:<\/p>\n<p><strong>PROTEST DAVRANI\u015e D\u0130S\u0130PL\u0130NS\u0130ZL\u0130K<\/strong><\/p>\n<p>And\u0131n i\u00e7eri\u011findeki bedellerin d\u0131\u015fland\u0131\u011f\u0131na dair alg\u0131 yaratacak ve TSK\u2019n\u0131n tart\u0131\u015f\u0131lmas\u0131na neden olabilecek protest bir davran\u0131\u015f disiplinsizlik olarak kabul edilecektir. Bu aksiyon toplumda asker yemininden vazge\u00e7ilmi\u015f \u00fczere TSK\u2019ya olan itimad\u0131 sarsar bir kanaat olu\u015fmas\u0131na sebep olmu\u015ftur. TSK\u2019n\u0131n prestijine ziyan verecek nitelikte bir harekettir.<\/p>\n<p><b><span>Hakkaniyete uygun de\u011fil<\/span><\/b><\/p>\n<p>Biri korgeneral 4 \u00fcyenin yazd\u0131\u011f\u0131 muhalefet \u015ferhinde y\u00f6nergede yer alan and\u0131n okundu\u011fu, resmi merasim sonras\u0131 ise bu and\u0131n okunmayaca\u011f\u0131 istikametinde malum hale gelmi\u015f bir buyru\u011fun bulunmad\u0131\u011f\u0131 belirtildi. \u015eerhte \u201cAnd\u0131n i\u00e7eri\u011fi hukuka kar\u015f\u0131tl\u0131k te\u015fkil etmemektedir. \u00c7al\u0131\u015fan\u0131n hareketinin devletin ve TSK\u2019n\u0131n prestijine ziyan verecek nitelikte tav\u0131r ve davran\u0131\u015f yahut a\u011f\u0131r kabahat yahut disiplinsizlik te\u015fkil eden fiil olarak kabul edilemeyece\u011fi ve buna ba\u011fl\u0131 olarak silahl\u0131  kuvvetlerden ay\u0131rma cezas\u0131n\u0131 gerektirir \u2018Hizmete mahzur davran\u0131\u015flarda bulunmak\u2019 disiplinsizli\u011fini de olu\u015fturmamaktad\u0131r\u201d denildi. Aksi taraftaki kab\u00fcl\u00fcn orant\u0131l\u0131l\u0131k ve hakkaniyete uygun d\u00fc\u015fmeyece\u011fi belirtildi.<\/p>\n","protected":false},"excerpt":{"rendered":"<p>Muhalefet \u015ferhinde ihra\u00e7 m\u00fcnasebeti i\u00e7in \u201cDisiplinsizlik te\u015fkil eden fiil olarak kabul edilemez\u201d denildi, \u00f6l\u00e7\u00fcl\u00fcl\u00fck ve hakkaniyet vurgusu yap\u0131ld\u0131.<\/p>\n","protected":false},"author":1,"featured_media":28263,"comment_status":"open","ping_status":"open","sticky":false,"template":"","format":"standard","meta":{"footnotes":""},"categories":[25],"tags":[1368,149],"class_list":["post-28262","post","type-post","status-publish","format-standard","has-post-thumbnail","hentry","category-gundem","tag-disiplin","tag-karar"],"_links":{"self":[{"href":"https:\/\/ikimisli.tr\/index.php\/wp-json\/wp\/v2\/posts\/28262","targetHints":{"allow":["GET"]}}],"collection":[{"href":"https:\/\/ikimisli.tr\/index.php\/wp-json\/wp\/v2\/posts"}],"about":[{"href":"https:\/\/ikimisli.tr\/index.php\/wp-json\/wp\/v2\/types\/post"}],"author":[{"embeddable":true,"href":"https:\/\/ikimisli.tr\/index.php\/wp-json\/wp\/v2\/users\/1"}],"replies":[{"embeddable":true,"href":"https:\/\/ikimisli.tr\/index.php\/wp-json\/wp\/v2\/comments?post=28262"}],"version-history":[{"count":1,"href":"https:\/\/ikimisli.tr\/index.php\/wp-json\/wp\/v2\/posts\/28262\/revisions"}],"predecessor-version":[{"id":28264,"href":"https:\/\/ikimisli.tr\/index.php\/wp-json\/wp\/v2\/posts\/28262\/revisions\/28264"}],"wp:featuredmedia":[{"embeddable":true,"href":"https:\/\/ikimisli.tr\/index.php\/wp-json\/wp\/v2\/media\/28263"}],"wp:attachment":[{"href":"https:\/\/ikimisli.tr\/index.php\/wp-json\/wp\/v2\/media?parent=28262"}],"wp:term":[{"taxonomy":"category","embeddable":true,"href":"https:\/\/ikimisli.tr\/index.php\/wp-json\/wp\/v2\/categories?post=28262"},{"taxonomy":"post_tag","embeddable":true,"href":"https:\/\/ikimisli.tr\/index.php\/wp-json\/wp\/v2\/tags?post=28262"}],"curies":[{"name":"wp","href":"https:\/\/api.w.org\/{rel}","templated":true}]}}