{"id":28387,"date":"2025-04-19T06:00:14","date_gmt":"2025-04-19T06:00:14","guid":{"rendered":"https:\/\/ikimisli.tr\/?p=28387"},"modified":"2025-04-19T06:00:14","modified_gmt":"2025-04-19T06:00:14","slug":"iki-yil-gecti-rezaletler-halkasina-bir-yenisi-daha-eklendi","status":"publish","type":"post","link":"https:\/\/ikimisli.tr\/index.php\/2025\/04\/19\/iki-yil-gecti-rezaletler-halkasina-bir-yenisi-daha-eklendi\/","title":{"rendered":"\u0130ki y\u0131l ge\u00e7ti, rezaletler halkas\u0131na bir yenisi daha eklendi"},"content":{"rendered":"<p>Diyarbak\u0131r\u2019\u0131n merkez Ba\u011flar \u0130l\u00e7esi&#8217;nin Mevlana Halit Mahallesi 478. Sokak i\u00e7erisindeki \u00d6zbek Apartman\u0131 6 \u015eubat sars\u0131nt\u0131lar\u0131nda a\u011f\u0131r hasar hasar g\u00f6rd\u00fc.<\/p>\n<p>\u00c7evre \u015eehircilik ve \u0130klim De\u011fi\u015fikli\u011fi \u0130l M\u00fcd\u00fcrl\u00fc\u011f\u00fcne ba\u011fl\u0131 saha gruplar\u0131nca de yap\u0131lan \u00f6l\u00e7\u00fcm ve incelemelerde binaya a\u011f\u0131r hasarl\u0131 raporu verilerek y\u0131k\u0131m karar\u0131 al\u0131nd\u0131.<\/p>\n<p>9 Aral\u0131k 2024 g\u00fcn\u00fc binan\u0131n y\u0131k\u0131m\u0131na ba\u015fland\u0131. Lakin bu y\u0131k\u0131m s\u0131ras\u0131nda \u00e7abucak biti\u015fi\u011findeki Buhara-2 Apartman\u0131 da \u00f6nemli ziyan g\u00f6rd\u00fc.<\/p>\n<p>Birbirine yap\u0131\u015f\u0131k in\u015fa edilen ve ortak ta\u015f\u0131y\u0131c\u0131 olmas\u0131 nedeniyle y\u0131k\u0131m s\u00fcreci s\u0131ras\u0131nda sa\u011flam olan binan\u0131n da 6. kat\u0131ndaki ta\u015f\u0131y\u0131c\u0131 ana kolonlar ile binan\u0131n farkl\u0131 yerlerindeki iskelet yap\u0131s\u0131nda a\u011f\u0131r hasarlar olu\u015ftu.<\/p>\n<p><img decoding=\"async\" src=\"https:\/\/ikimisli.tr\/wp-content\/uploads\/2025\/04\/iki-yil-gecti-rezaletler-halkasina-bir-yenisi-daha-eklendi-0-wVM1c3P2.jpg\"\/><\/p>\n<p><b>KOLONLAR \u00c7ATLADI, DUVARLAR YIKILDI<\/b><\/p>\n<p>Kolonlarda \u00e7atlaklar olu\u015furken, kimi konutlar\u0131n duvarlar\u0131 y\u0131k\u0131ld\u0131. Gerekli tedbirler al\u0131nmadan, dikkat ve ihtimam y\u00fck\u00fcml\u00fcl\u00fc\u011f\u00fcne muhalif bir bi\u00e7imde y\u0131k\u0131m s\u00fcrecinin yap\u0131lmas\u0131 nedeniyle sa\u011flam binada olu\u015fan hasar bina sakinlerini de korkuttu.<\/p>\n<p>7 katl\u0131 30 daireli apartmanda ya\u015fayan bina sakinleri adeta deh\u015fet ve panikle adeta can pazar\u0131 ya\u015fad\u0131.<\/p>\n<p>K\u0131\u015f ortas\u0131nda meskenlerini terk etmek zorunda kalan 25 daire sakini binan\u0131n y\u0131k\u0131lma tehlikesi nedeniyle meskenlerini bo\u015faltt\u0131.<\/p>\n<p>5 daire ise \u00e7aresiz kald\u0131klar\u0131 ve gidebilecek \u00f6teki yerleri olmad\u0131\u011f\u0131 i\u00e7in ya\u015fad\u0131klar\u0131 deh\u015fete kar\u015f\u0131n a\u011f\u0131r hasarl\u0131 binada oturmay\u0131 hala s\u00fcrd\u00fcr\u00fcyor.<\/p>\n<p><img decoding=\"async\" src=\"https:\/\/ikimisli.tr\/wp-content\/uploads\/2025\/04\/iki-yil-gecti-rezaletler-halkasina-bir-yenisi-daha-eklendi-1-8Nul4E61.jpg\"\/><\/p>\n<p><b>RESM\u0130 KURUMLARA BA\u015eVURDUK SONU\u00c7 ALAMADIK<\/b><\/p>\n<p>A\u011f\u0131r hasarl\u0131 binan\u0131n y\u0131k\u0131m\u0131 s\u0131ras\u0131nda sa\u011flam binan\u0131n ziyan g\u00f6rmesi \u00fczerine Etraf \u015eehircilik ve \u0130klim De\u011fi\u015fikli\u011fi \u0130l M\u00fcd\u00fcrl\u00fc\u011f\u00fc, Ba\u011flar Kaymakaml\u0131\u011f\u0131, AFAD, \u0130l Afet M\u00fcd\u00fcrl\u00fc\u011f\u00fc ve Valili\u011fe m\u00fcracaat yapt\u0131klar\u0131n\u0131 belirten bina sakinleri ortadan iki ay ge\u00e7mesine kar\u015f\u0131n ya\u015fad\u0131klar\u0131 bu ma\u011fduriyetlerine bir tahlil bulunamad\u0131\u011f\u0131ndan yak\u0131nd\u0131lar.<\/p>\n<p>Bina sakinleri, m\u00fcracaat yapt\u0131klar\u0131 kurumlar\u0131n kendilerini oyalad\u0131\u011f\u0131n\u0131, yetki konusunda topu birbirlerine att\u0131klar\u0131n\u0131 bu nedenle de ma\u011fdur edildiklerini s\u00f6z ettiler.<\/p>\n<p><b>RAPORU TAMAMLADIK AFAD KARARA BA\u011eLAYACAK<\/b><\/p>\n<p>Konuyla ilgili g\u00f6r\u00fc\u015flerine ba\u015fvurdu\u011fumuz Etraf \u015eehircilik ve \u0130klim De\u011fi\u015fikli\u011fi \u0130l M\u00fcd\u00fcrl\u00fc\u011f\u00fc yetkilileri ise S\u00d6ZC\u00dc\u2019ye yapt\u0131klar\u0131 a\u00e7\u0131klamada, Buhara-2 Apartman\u0131&#8217;nda meydana gelen hasar\u0131n sars\u0131nt\u0131 hasar\u0131ndan ba\u011f\u0131ms\u0131z olarak de\u011ferlendirildi\u011fini belirttiler.<\/p>\n<p>Konuyla ilgili binada gerekli incelemeleri yapt\u0131klar\u0131n\u0131 ve binan\u0131n m\u00fchendislik hizmeti al\u0131nmadan biti\u015fik nizam olarak in\u015fa edilmi\u015f olmas\u0131ndan \u00f6t\u00fcr\u00fc hasarl\u0131 binan\u0131n y\u0131k\u0131m\u0131 s\u0131ras\u0131nda bu binan\u0131n da ziyan g\u00f6rd\u00fc\u011f\u00fcn\u00fc do\u011frulad\u0131.<\/p>\n<p>Yetkililer, binayla ilgili haz\u0131rlad\u0131klar\u0131 raporu Vilayet Afet M\u00fcd\u00fcrl\u00fc\u011f\u00fcne g\u00f6nderdiklerini, buradan AFAD Vilayet M\u00fcd\u00fcrl\u00fc\u011f\u00fcne g\u00f6nderilece\u011fini ve teknik i\u015fleyi\u015f s\u00fcrecinin bu t\u00fcrl\u00fc i\u015flemi\u015f olmas\u0131 nedeniyle AFAD\u2019\u0131n en k\u0131sa vakitte mevzuyu kesin karara ba\u011flayaca\u011f\u0131n\u0131 tabir ettiler.<\/p>\n<p><b>\u0130K\u0130 YIL OLDU YIKIM SIKINTISI HALA B\u0130TMED\u0130<\/b><\/p>\n<p>Deprem felaketinin \u00fczerinden iki y\u0131l ge\u00e7mesine kar\u015f\u0131n Diyarbak\u0131r\u2019da a\u011f\u0131r aksak ilerleyen y\u0131k\u0131m s\u00fcre\u00e7leri ise hala bitmedi.<\/p>\n<p>Merkez Ba\u011flar, Kayap\u0131p\u0131nar, Yeni\u015fehir ve Sur il\u00e7eleri olmak \u00fczere kentin d\u00f6rt bir yan\u0131nda hala bo\u015falt\u0131lm\u0131\u015f, kap\u0131 ve pencereleri s\u00f6k\u00fclm\u00fc\u015f y\u0131k\u0131lmay\u0131 bekleyen a\u011f\u0131r hasarl\u0131 binalar var.<\/p>\n<p>Bu binalar\u0131n y\u0131k\u0131m s\u00fcre\u00e7lerinin gecikmesi, 7\u2019den 70\u2019e kentteki vatanda\u015flar\u0131n 6 \u015eubat gecesi ya\u015fad\u0131klar\u0131 sars\u0131nt\u0131 travmas\u0131n\u0131 da haf\u0131zalarda taze kalmas\u0131na neden oluyor.<\/p>\n<p>Depremin haf\u0131zalardan kolay kolay silinmese de, kentteki izleri de a\u011f\u0131r i\u015fleyen resmi prosed\u00fcr, itirazlar ve yarg\u0131 s\u00fcre\u00e7leri nedeniyle de silinmi\u015f de\u011fil.<\/p>\n<p>Y\u0131k\u0131m karar\u0131 al\u0131narak bo\u015falt\u0131lan bu metruk yap\u0131lar bir yandan \u00e7\u00f6kme riski ta\u015f\u0131rken, \u00f6teki yandan da husus ba\u011f\u0131ml\u0131lar\u0131n\u0131n yeri haline gelmi\u015f durumda.<\/p>\n<p>Bu yap\u0131larda geceleri ate\u015f yakan h\u0131rs\u0131zlar uyu\u015fturucu kullan\u0131p fuhu\u015f yapt\u0131klar\u0131na dair polise giden ihbarlara kar\u015f\u0131n \u00f6n\u00fcne ge\u00e7ilemiyor.<\/p>\n<p><img decoding=\"async\" src=\"https:\/\/ikimisli.tr\/wp-content\/uploads\/2025\/04\/iki-yil-gecti-rezaletler-halkasina-bir-yenisi-daha-eklendi-2-SNDcpjx7.jpg\"\/><\/p>\n","protected":false},"excerpt":{"rendered":"<p>Diyarbak\u0131r\u2019da 6 \u015eubat sars\u0131nt\u0131lar\u0131nda a\u011f\u0131r hasarl\u0131 bir binan\u0131n y\u0131k\u0131m\u0131 s\u0131ras\u0131nda gerekli dikkat ve itinan\u0131n g\u00f6sterilmemesi nedeniyle \u00e7abucak biti\u015fi\u011findeki binan\u0131n da kolonlar\u0131na a\u011f\u0131r hasar verildi. Konutlar\u0131n duvarlar\u0131 y\u0131k\u0131l\u0131rken, 30 daireli apartmanda 25 daire k\u0131\u015f ortas\u0131nda meskenlerini terk etmek zorunda kald\u0131. 5 daire ise kalacak yerleri olmad\u0131\u011f\u0131 i\u00e7in a\u011f\u0131r hasar verilen binada hayatlar\u0131n\u0131 s\u00fcrd\u00fcr\u00fcyor.<\/p>\n","protected":false},"author":1,"featured_media":28388,"comment_status":"open","ping_status":"open","sticky":false,"template":"","format":"standard","meta":{"footnotes":""},"categories":[25],"tags":[4905,2134,796,3361,1231],"class_list":["post-28387","post","type-post","status-publish","format-standard","has-post-thumbnail","hentry","category-gundem","tag-agir-hasar","tag-bina","tag-binanin","tag-mudurlugu","tag-yikim"],"_links":{"self":[{"href":"https:\/\/ikimisli.tr\/index.php\/wp-json\/wp\/v2\/posts\/28387","targetHints":{"allow":["GET"]}}],"collection":[{"href":"https:\/\/ikimisli.tr\/index.php\/wp-json\/wp\/v2\/posts"}],"about":[{"href":"https:\/\/ikimisli.tr\/index.php\/wp-json\/wp\/v2\/types\/post"}],"author":[{"embeddable":true,"href":"https:\/\/ikimisli.tr\/index.php\/wp-json\/wp\/v2\/users\/1"}],"replies":[{"embeddable":true,"href":"https:\/\/ikimisli.tr\/index.php\/wp-json\/wp\/v2\/comments?post=28387"}],"version-history":[{"count":1,"href":"https:\/\/ikimisli.tr\/index.php\/wp-json\/wp\/v2\/posts\/28387\/revisions"}],"predecessor-version":[{"id":28392,"href":"https:\/\/ikimisli.tr\/index.php\/wp-json\/wp\/v2\/posts\/28387\/revisions\/28392"}],"wp:featuredmedia":[{"embeddable":true,"href":"https:\/\/ikimisli.tr\/index.php\/wp-json\/wp\/v2\/media\/28388"}],"wp:attachment":[{"href":"https:\/\/ikimisli.tr\/index.php\/wp-json\/wp\/v2\/media?parent=28387"}],"wp:term":[{"taxonomy":"category","embeddable":true,"href":"https:\/\/ikimisli.tr\/index.php\/wp-json\/wp\/v2\/categories?post=28387"},{"taxonomy":"post_tag","embeddable":true,"href":"https:\/\/ikimisli.tr\/index.php\/wp-json\/wp\/v2\/tags?post=28387"}],"curies":[{"name":"wp","href":"https:\/\/api.w.org\/{rel}","templated":true}]}}