{"id":28556,"date":"2025-04-19T16:00:07","date_gmt":"2025-04-19T16:00:07","guid":{"rendered":"https:\/\/ikimisli.tr\/?p=28556"},"modified":"2025-04-19T16:00:07","modified_gmt":"2025-04-19T16:00:07","slug":"dervisoglundan-akpli-ozlem-zengine-yegen-yaniti-bir-utanmazlik-festivalidir","status":"publish","type":"post","link":"https:\/\/ikimisli.tr\/index.php\/2025\/04\/19\/dervisoglundan-akpli-ozlem-zengine-yegen-yaniti-bir-utanmazlik-festivalidir\/","title":{"rendered":"Dervi\u015fo\u011flu&#8217;ndan AKP&#8217;li \u00d6zlem Zengin&#8217;e &#8216;ye\u011fen&#8217; yan\u0131t\u0131: Bir utanmazl\u0131k festivalidir"},"content":{"rendered":"<p>\u0130Y\u0130 Parti ba\u015fkan\u0131 Dervi\u015fo\u011flu, partisinin k\u00fcme toplant\u0131s\u0131nda; \u0130simli Yarg\u0131 H\u00e2kim ve Cumhuriyet Savc\u0131lar\u0131 ile \u0130dari Yarg\u0131 Yarg\u0131\u00e7lar\u0131 Kura T\u00f6reni\u2019nde adaylar ortas\u0131nda bulunan ye\u011feni Mehmet Arif Da\u011fhan\u2019\u0131, Cumhurba\u015fkan\u0131 ve AKP Genel Ba\u015fkan\u0131 Recep Tayyip Erdo\u011fan ile tan\u0131\u015ft\u0131ran Hasret G\u00fc\u00e7l\u00fc&#8217;ye reaksiyon g\u00f6sterdi.<\/p>\n<p><strong>Dervi\u015fo\u011flu \u015funlar\u0131 kaydetti:<\/strong><\/p>\n<p><b>&#8220;ORTA\u00c7A\u011e PRENSL\u0130KLER\u0130NDE B\u0130LE OLMAYAN&#8230;&#8221;<\/b><\/p>\n<p>&#8220;Bu iktidar, bu \u00fclkeyi rehin koyabilece\u011fi bir sermaye olarak s\u00f6m\u00fcrmektedir. \u0130\u015fgal ordusu \u00fczere, s\u00f6m\u00fcrge \u015firketi, manda y\u00f6netimi \u00fczere kan\u0131n\u0131 emmektedir. Devlet bir k\u00fcme rantiyecinin elinde oyunca\u011fa \u00e7evrilmi\u015f, devletin t\u00fcm kurumlar\u0131 ahbap \u2013 \u00e7avu\u015f alakas\u0131na teslim edilmi\u015ftir. Geride b\u0131rakt\u0131\u011f\u0131m\u0131z her hafta \u015fa\u015f\u0131rma e\u015fiklerimiz a\u015f\u0131lmakta, gelece\u011fimizin ge\u00e7mi\u015ften daha karanl\u0131k olaca\u011f\u0131n\u0131n sinyali bu iktidar taraf\u0131ndan verilmektedir. Bu minvalde son rezalet, t\u00fcm T\u00fcrkiye\u2019nin g\u00f6z\u00fc \u00f6n\u00fcnde, canl\u0131 yay\u0131nda cereyan etmi\u015ftir. 30 Ocak 2025 tarihinde Cumhurba\u015fkanl\u0131\u011f\u0131 Saray\u0131\u2019nda &#8216;Adli Yarg\u0131 Hakim ve Cumhuriyet Savc\u0131lar\u0131 ile \u0130dari Yarg\u0131 Yarg\u0131\u00e7lar\u0131 Kura T\u00f6reni&#8217; vesilesiyle Ya\u015fad\u0131\u011f\u0131m\u0131z \u00e7\u00fcr\u00fcmenin utan\u00e7 niteli\u011findeki tablosu ortaya \u00e7\u0131km\u0131\u015ft\u0131r. Bu tablo vatanda\u015f\u0131m\u0131z\u0131n, neden, &#8216;Can, mal, namus&#8217; g\u00fcvenli\u011finin kalmad\u0131\u011f\u0131n\u0131 da t\u00fcm renkleriyle anlatmaktad\u0131r. Zira, &#8216;Derdini anlatt\u0131\u011f\u0131 kad\u0131&#8217;, kendisini dinlemek yerine, AK Parti genel liderine s\u0131r\u0131tmakla me\u015fguld\u00fcr. Evet, bu merasim s\u0131ras\u0131nda, dikkat ediniz, t\u00f6ren, AKP Genel Ba\u015fkan\u0131 olan Cumhurba\u015fkan\u0131n\u0131n ev sahipli\u011finde d\u00fczenlenen hakim-savc\u0131 kura merasimidir. Birebir ki\u015finin atad\u0131\u011f\u0131 s\u00f6zde Adalet bakan\u0131 oradad\u0131r. B\u00fct\u00fcn bunlar, &#8216;yetmez lakin evet g\u00fcnlerinden&#8217;, FET\u00d6 periyodundan mirast\u0131r. Merasim esnas\u0131nda AKP K\u00fcme Ba\u015fkanvekili, Hakim ve savc\u0131lar ortas\u0131nda bulunan &#8216;ye\u011fenini&#8217; Cumhurba\u015fkan\u0131\u2019na tan\u0131tmak istiyor, anons ederek aya\u011fa kald\u0131r\u0131yor ve cumhurba\u015fkan\u0131na selam vermesini istiyor. Ve ye\u011fenine g\u00f6ya yeterlilik etti\u011fini d\u00fc\u015f\u00fcnerek, ola ki bile\u011finin hakk\u0131yla girdiyse de b\u00fcy\u00fck bir t\u00f6hmete sokuyor. ve bile\u011finin hakk\u0131yla girenler varsa, onlar\u0131 da yerin taban\u0131na sokuyor, onlar\u0131 ve t\u00fcm d\u00fcr\u00fcst yarg\u0131 mensuplar\u0131n\u0131 da zan alt\u0131nda b\u0131rak\u0131yor. Bu hadise Orta\u00e7a\u011f prensliklerinde bile olmayan, bir utanmazl\u0131k \u015fenli\u011fidir. Her g\u00fcn bir \u00f6teki torpil ve hak gasp\u0131 rezaletinin ya\u015fand\u0131\u011f\u0131 T\u00fcrkiye\u2019de, Bunu yapabilmenin ismi nedir bilmiyorum! Maalesef AKP\u2019nin saray sultas\u0131nda, bu \u00fczere hi\u00e7bir rezalet ve utanmazl\u0131k art\u0131k m\u00fcnferit ve \u015fahsi de\u011fildir, b\u00fcsb\u00fct\u00fcn sistematiktir.&#8221;<\/p>\n","protected":false},"excerpt":{"rendered":"<p>AKP K\u00fcme Ba\u015fkanvekili Hasret Zengin\u2019in Cumhurba\u015fkan\u0131 ve AKP Genel Ba\u015fkan\u0131 Recep Tayyip Erdo\u011fan\u2019a ye\u011fenini tan\u0131tmas\u0131n\u0131n yank\u0131lar\u0131 s\u00fcrerken bir tepki de \u0130Y\u0130 Parti Genel Lideri M\u00fcsavat Dervi\u015fo\u011flu&#8217;ndan geldi.<\/p>\n","protected":false},"author":1,"featured_media":28557,"comment_status":"open","ping_status":"open","sticky":false,"template":"","format":"standard","meta":{"footnotes":""},"categories":[25],"tags":[228,1155,1019],"class_list":["post-28556","post","type-post","status-publish","format-standard","has-post-thumbnail","hentry","category-gundem","tag-hak","tag-toren","tag-yargi"],"_links":{"self":[{"href":"https:\/\/ikimisli.tr\/index.php\/wp-json\/wp\/v2\/posts\/28556","targetHints":{"allow":["GET"]}}],"collection":[{"href":"https:\/\/ikimisli.tr\/index.php\/wp-json\/wp\/v2\/posts"}],"about":[{"href":"https:\/\/ikimisli.tr\/index.php\/wp-json\/wp\/v2\/types\/post"}],"author":[{"embeddable":true,"href":"https:\/\/ikimisli.tr\/index.php\/wp-json\/wp\/v2\/users\/1"}],"replies":[{"embeddable":true,"href":"https:\/\/ikimisli.tr\/index.php\/wp-json\/wp\/v2\/comments?post=28556"}],"version-history":[{"count":1,"href":"https:\/\/ikimisli.tr\/index.php\/wp-json\/wp\/v2\/posts\/28556\/revisions"}],"predecessor-version":[{"id":28558,"href":"https:\/\/ikimisli.tr\/index.php\/wp-json\/wp\/v2\/posts\/28556\/revisions\/28558"}],"wp:featuredmedia":[{"embeddable":true,"href":"https:\/\/ikimisli.tr\/index.php\/wp-json\/wp\/v2\/media\/28557"}],"wp:attachment":[{"href":"https:\/\/ikimisli.tr\/index.php\/wp-json\/wp\/v2\/media?parent=28556"}],"wp:term":[{"taxonomy":"category","embeddable":true,"href":"https:\/\/ikimisli.tr\/index.php\/wp-json\/wp\/v2\/categories?post=28556"},{"taxonomy":"post_tag","embeddable":true,"href":"https:\/\/ikimisli.tr\/index.php\/wp-json\/wp\/v2\/tags?post=28556"}],"curies":[{"name":"wp","href":"https:\/\/api.w.org\/{rel}","templated":true}]}}