{"id":28572,"date":"2025-04-19T17:00:12","date_gmt":"2025-04-19T17:00:12","guid":{"rendered":"https:\/\/ikimisli.tr\/?p=28572"},"modified":"2025-04-19T17:00:12","modified_gmt":"2025-04-19T17:00:12","slug":"celal-sengorden-tegmenler-icin-bagis-karari","status":"publish","type":"post","link":"https:\/\/ikimisli.tr\/index.php\/2025\/04\/19\/celal-sengorden-tegmenler-icin-bagis-karari\/","title":{"rendered":"Celal \u015eeng\u00f6r&#8217;den te\u011fmenler i\u00e7in ba\u011f\u0131\u015f karar\u0131"},"content":{"rendered":"<p>30 A\u011fustos 2024&#8217;teki Kara Harp Okulu resmi mezuniyet merasiminin akabinde k\u0131l\u0131\u00e7 \u00e7atan ve &#8216;Mustafa Kemal&#8217;in askerleriyiz&#8217; slogan\u0131 atan 5 te\u011fmen, &#8216;disiplinsizlik&#8217; su\u00e7lamas\u0131 ile ge\u00e7ti\u011fimiz hafta T\u00fcrk Silahl\u0131 Kuvvetleri&#8217;nden (TSK) ihra\u00e7 edildi.\u00a0<\/p>\n<p>Milli Savunma Bakanl\u0131\u011f\u0131&#8217;n\u0131n (MSB), ordudan ihra\u00e7 edilen askerler i\u00e7in belirleyece\u011fi tazminat fiyat\u0131 tart\u0131\u015fmalara neden olurken, CHP Genel Ba\u015fkan\u0131 \u00d6zg\u00fcr \u00d6zel, d\u00fcn yapt\u0131\u011f\u0131 a\u00e7\u0131klamada, te\u011fmenler i\u00e7in belirlenecek tazminat fiyat\u0131n\u0131n CHP taraf\u0131ndan kar\u015f\u0131lanaca\u011f\u0131n\u0131 duyurdu.\u00a0<\/p>\n<p><img decoding=\"async\" src=\"https:\/\/ikimisli.tr\/wp-content\/uploads\/2025\/04\/celal-sengorden-tegmenler-icin-bagis-karari-0-mRLc2DRP.webp\"\/><\/p>\n<p><strong>\u0130LK BA\u011eI\u015e KARARI CELAL \u015eENG\u00d6R&#8217;DEN<\/strong><\/p>\n<p>Ailevi ba\u011flar\u0131 nedeniyle TSK&#8217;ya yak\u0131nl\u0131\u011f\u0131 ile bilinen d\u00fcnyan\u0131n \u00f6nde gelen jeoloji profes\u00f6rlerinden Prof. Dr. Celal \u015eeng\u00f6r, te\u011fmenlere y\u00f6nelik verdi\u011fi dayana\u011f\u0131, olu\u015fturulacak fona yapaca\u011f\u0131 ba\u011f\u0131\u015fla s\u00fcrd\u00fcrecek.\u00a0<\/p>\n<p>\u015eeng\u00f6r, daha evvel gazeteci Fatih Altayl\u0131&#8217;n\u0131n internet sitesinde yay\u0131nlanan bir mektup kaleme alm\u0131\u015f ve Adalet Bakan\u0131 Y\u0131lmaz Tun\u00e7&#8217;a seslenerek, te\u011fmenlere dayanak vermi\u015fti.\u00a0<\/p>\n<p><img decoding=\"async\" src=\"https:\/\/ikimisli.tr\/wp-content\/uploads\/2025\/04\/celal-sengorden-tegmenler-icin-bagis-karari-1-mBzYO3mL.jpg\"\/><\/p>\n<p><strong>S\u00f6z konusu mektupta \u015eeng\u00f6r, te\u011fmenler i\u00e7in \u015fu s\u00f6zleri kullanm\u0131\u015ft\u0131:<\/strong><\/p>\n<p>\u201cAdalet Bakan\u0131!<\/p>\n<p>Ne vakitten beri \u2018Atat\u00fcrk\u2019\u00fcn askeriyiz\u2019 demek rahats\u0131zl\u0131k yarat\u0131r oldu?<\/p>\n<p>Bakan!<\/p>\n<p>Vatansever, kahraman te\u011fmenlerimizin k\u0131l\u0131\u00e7 \u00e7ak\u0131\u015ft\u0131rmalar\u0131 askeri disipline ters de\u011fildir, gelenektir. Ben Hava Harp Okulu mezuniyet merasimlerinde defaatle emsal k\u0131l\u0131\u00e7 \u00e7ak\u0131\u015ft\u0131rmalar\u0131na \u015fahit oldum ve bu \u00e7ak\u0131\u015ft\u0131rmalar, davetlilerin ve velilerinin alk\u0131\u015flar\u0131yla kar\u015f\u0131land\u0131.<\/p>\n<p>\u00d6nce askeri disiplin nedir, onu \u00f6\u011fren konu\u015fmadan, beyanat vermeden. Gen\u00e7 te\u011fmenlerimizin Te\u011fmen Ebru Ero\u011flu liderli\u011finde k\u0131l\u0131\u00e7 \u00e7ak\u0131\u015ft\u0131r\u0131rken okuduklar\u0131 and\u0131m\u0131z m\u0131 birilerini rahats\u0131z ediyor?<\/p>\n<p>O vakit o \u015fah\u0131slar kimdir ve ne istemektedirler ve sen Atat\u00fcrk d\u00fc\u015fmanl\u0131\u011f\u0131n\u0131 temsil eden bu ki\u015filere Cumhuriyetin bir bakan\u0131 olarak nas\u0131l destek verirsin? Biz yurtta\u015flar gen\u00e7 te\u011fmenlerimizle iftihar ediyor, onlar\u0131 ba\u011fr\u0131m\u0131za bas\u0131yoruz. Mezk\u00fbr hadise Say\u0131n Cumhurba\u015fkan\u0131m\u0131z\u0131n \u00f6n\u00fcnde cereyan etmi\u015f, bu te\u011fmenler onun takdirlerini kazanm\u0131\u015flard\u0131r. Sen kimin s\u00f6zc\u00fcs\u00fcs\u00fcn? Atat\u00fcrk\u2019e d\u00fc\u015fman bir avu\u00e7 yobaz\u0131n m\u0131?\u00a0<\/p>\n<p>Milletimizin onuruyla oynamak, gelece\u011fini tehlikeye atmak, T\u00fcrkiye\u2019yi bir Afganistan yapmaya kalkmak hi\u00e7 kimsenin haddi olamaz.<\/p>\n<p>Bunu yeterli belle.<\/p>\n<p>Sen s\u00f6zlerinle milyonlar\u0131 rahats\u0131z ettin. San\u0131r\u0131m milletimiz senden bir \u00f6z\u00fcr dileme beklemektedir, zira bu \u00fclkeyi muas\u0131r medeniyet d\u00fczeyinin \u00fcst\u00fcne \u00e7\u0131karmak isteyenleri \u00e7ok, lakin \u00e7ok rahats\u0131z ettin.<\/p>\n<p>Hem de git, An\u0131t Kab\u0131r\u2019de Atat\u00fcrk\u2019\u00fcn m\u00e2nevi \u015fahsiyetinden \u00f6z\u00fcr lisana. Bu t\u00fcm milletimizden \u00f6z\u00fcr dilemek olacakt\u0131r. Bunu yapmazsan ismin tarihe ne yaz\u0131k ki karanl\u0131\u011f\u0131n savunucusu olarak ge\u00e7ecektir. Bir bakan\u0131m\u0131z\u0131n bu duruma d\u00fc\u015fmesini hi\u00e7bir yurtta\u015f\u0131m\u0131z istemez. Takdir elbette senindir.&#8221;<\/p>\n","protected":false},"excerpt":{"rendered":"<p>Kara Harp Okulu mezuniyet merasimi sonras\u0131nda k\u0131l\u0131\u00e7 \u00e7atarak, &#8221;Mustafa Kemal&#8217;in askerleriyiz&#8221; slogan\u0131 atmalar\u0131 nedeniyle TSK&#8217;dan ihra\u00e7 edilen 5 te\u011fmenin Ulusal Savunma Bakanl\u0131\u011f\u0131&#8217;na \u00f6deyece\u011fi tazminat\u0131 CHP&#8217;nin \u00fcstlenece\u011fi a\u00e7\u0131klanm\u0131\u015ft\u0131. Prof. Dr. Celal \u015eeng\u00f6r, CHP taraf\u0131ndan te\u011fmenler i\u00e7in olu\u015fturulacak fona ba\u011f\u0131\u015f yapma karar\u0131 ald\u0131.<\/p>\n","protected":false},"author":1,"featured_media":28573,"comment_status":"open","ping_status":"open","sticky":false,"template":"","format":"standard","meta":{"footnotes":""},"categories":[25],"tags":[601,1367],"class_list":["post-28572","post","type-post","status-publish","format-standard","has-post-thumbnail","hentry","category-gundem","tag-sen","tag-tegmenler"],"_links":{"self":[{"href":"https:\/\/ikimisli.tr\/index.php\/wp-json\/wp\/v2\/posts\/28572","targetHints":{"allow":["GET"]}}],"collection":[{"href":"https:\/\/ikimisli.tr\/index.php\/wp-json\/wp\/v2\/posts"}],"about":[{"href":"https:\/\/ikimisli.tr\/index.php\/wp-json\/wp\/v2\/types\/post"}],"author":[{"embeddable":true,"href":"https:\/\/ikimisli.tr\/index.php\/wp-json\/wp\/v2\/users\/1"}],"replies":[{"embeddable":true,"href":"https:\/\/ikimisli.tr\/index.php\/wp-json\/wp\/v2\/comments?post=28572"}],"version-history":[{"count":1,"href":"https:\/\/ikimisli.tr\/index.php\/wp-json\/wp\/v2\/posts\/28572\/revisions"}],"predecessor-version":[{"id":28576,"href":"https:\/\/ikimisli.tr\/index.php\/wp-json\/wp\/v2\/posts\/28572\/revisions\/28576"}],"wp:featuredmedia":[{"embeddable":true,"href":"https:\/\/ikimisli.tr\/index.php\/wp-json\/wp\/v2\/media\/28573"}],"wp:attachment":[{"href":"https:\/\/ikimisli.tr\/index.php\/wp-json\/wp\/v2\/media?parent=28572"}],"wp:term":[{"taxonomy":"category","embeddable":true,"href":"https:\/\/ikimisli.tr\/index.php\/wp-json\/wp\/v2\/categories?post=28572"},{"taxonomy":"post_tag","embeddable":true,"href":"https:\/\/ikimisli.tr\/index.php\/wp-json\/wp\/v2\/tags?post=28572"}],"curies":[{"name":"wp","href":"https:\/\/api.w.org\/{rel}","templated":true}]}}