{"id":28657,"date":"2025-04-19T22:00:06","date_gmt":"2025-04-19T22:00:06","guid":{"rendered":"https:\/\/ikimisli.tr\/?p=28657"},"modified":"2025-04-19T22:00:06","modified_gmt":"2025-04-19T22:00:06","slug":"ahmed-saranin-esinin-dedesi-abdulhamidin-doktoru-cikti","status":"publish","type":"post","link":"https:\/\/ikimisli.tr\/index.php\/2025\/04\/19\/ahmed-saranin-esinin-dedesi-abdulhamidin-doktoru-cikti\/","title":{"rendered":"Ahmed \u015eara&#8217;n\u0131n e\u015finin dedesi Abd\u00fclhamid&#8217;in doktoru \u00e7\u0131kt\u0131!"},"content":{"rendered":"<p>Suriye Ge\u00e7i\u015f H\u00fck\u00fcmeti Cumhurba\u015fkan\u0131 Ahmed \u015eara&#8217;n\u0131n e\u015fi Latife El Durubi Cumhurba\u015fkan\u0131 ve AKP Genel Ba\u015fkan\u0131 Recep Tayyip Erdo\u011fan&#8217;\u0131n e\u015fi Emine Erdo\u011fan ile bir ortaya geldi.<\/p>\n<p>Latife \u015eara birinci sefer Mekke&#8217;de g\u00f6r\u00fcnt\u00fclenirken; Latife El Durubi&#8217;nin Osmanl\u0131 b\u00fcrokrat\u0131 Alaaddin El Durubi&#8217;nin torunu oldu\u011fu ortaya \u00e7\u0131kt\u0131.<\/p>\n<p>Gazeteci Zeynep Karata\u015f\u2019\u0131n payla\u015ft\u0131\u011f\u0131 bilgilere nazaran, Latife El Durubi 1984 do\u011fumlu ve Humus\u2019a ba\u011fl\u0131 Al Karyatayn beldesinde ya\u015fayan esasl\u0131 Durubi ailesinin bir ferdi. Arap Lisan\u0131 ve Edebiyat\u0131 alan\u0131nda y\u00fcksek lisans yapm\u0131\u015f olan Durubi, \u00fc\u00e7 erkek \u00e7ocuk annesi. Ailesinin siyasetle irtibat\u0131 ise Osmanl\u0131 periyoduna kadar uzan\u0131yor.<\/p>\n<p><b>DEDES\u0130 ALAADD\u0130N EL DURUB\u0130 <\/b><\/p>\n<p>Osmanl\u0131 devrinde Durubi ailesinden Alaaddin El Durubi&#8217;nin vali ve b\u00fcy\u00fckel\u00e7i olarak vazife yapt\u0131\u011f\u0131 biliniyor. Latife El Durubi\u2019nin b\u00fcy\u00fck dedelerinden Alaaddin El Durubi, Osmanl\u0131 sancaklar\u0131nda de\u011ferli misyonlar \u00fcstlendi ve Suriye siyasetinde tesirli bir isim oldu. Osmanl\u0131 devrinde, ailesinden bir\u00e7ok ismin valilik yapt\u0131\u011f\u0131 biliniyor.<\/p>\n<p>1870\u2019lerde Humus\u2019ta esasl\u0131 ve varl\u0131kl\u0131 bir ailede do\u011fan Alaaddin El Durubi\u2019nin babas\u0131, kentin belediye ba\u015fkanl\u0131\u011f\u0131n\u0131 birka\u00e7 devir y\u00fcr\u00fctm\u00fc\u015ft\u00fc. Birinci ve orta tahsilini Trablus ve Beyrut\u2019ta tamamlayan Durubi, y\u00fcksek\u00f6\u011frenimini ise bug\u00fcnk\u00fc \u0130stanbul \u00dcniversitesi T\u0131p Fak\u00fcltesi olarak bilinen Mekteb-i \u015eahane\u2019de bitirdi. Yaln\u0131zca t\u0131p alan\u0131nda de\u011fil, siyaset konusunda da e\u011fitim ald\u0131.<\/p>\n<p><b>ABD\u00dcLHAM\u0130D&#8217;\u0130N DOKTORU<\/b><\/p>\n<p>Arap\u00e7a\u2019n\u0131n yan\u0131 s\u0131ra T\u00fcrk\u00e7e ve Frans\u0131zca\u2019ya da ileri d\u00fczeyde h\u00e2kimdi. Osmanl\u0131 b\u00fcrokrasisindeki birinci vazifesine \u0130\u00e7i\u015fleri Bakanl\u0131\u011f\u0131\u2019nda ba\u015flad\u0131. Suriye Valili\u011fi\u2019nde ise stajyer memur olarak yer ald\u0131.<\/p>\n<p>Kariyerinde s\u00fcratle y\u00fckselen Alaaddin El Durubi, Anadolu\u2019nun pek \u00e7ok kentinde vazife yapt\u0131.<\/p>\n<p>Ayd\u0131n\u2019da kaymakaml\u0131k, Sivas, Kosova ve Basra\u2019da valilik yapt\u0131. Ayr\u0131yeten Balkanlar ve Yemen\u2019de b\u00fcy\u00fckel\u00e7ilik misyonlar\u0131nda bulundu.<\/p>\n<p>Sadece bir devlet adam\u0131 de\u011fil, birebir vakitte Sultan Abd\u00fclhamid\u2019in hekimlerinden biriydi.<\/p>\n<p>Osmanl\u0131\u2019n\u0131n I. D\u00fcnya Sava\u015f\u0131 sonras\u0131nda Suriye\u2019den \u00e7ekilmesiyle \u015eam\u2019a d\u00f6nd\u00fc ve 1920\u2019lerde Kral Faysal\u2019a ba\u011fl\u0131l\u0131k yemini etti. Faysal taraf\u0131ndan \u0130\u00e7i\u015fleri Bakan\u0131 olarak atand\u0131.<\/p>\n<p>Frans\u0131z i\u015fgali s\u0131ras\u0131nda Suriye\u2019nin ikinci ba\u015fbakan\u0131 oldu. Lakin bu misyonu sadece bir ay s\u00fcrd\u00fcrebildi. 21 A\u011fustos 1920\u2019de d\u00fczenlenen bir suikast sonucu hayat\u0131n\u0131 kaybetti.<\/p>\n<p>Durubi ailesi, Frans\u0131z mandas\u0131na kar\u015f\u0131 Suriye\u2019nin ba\u011f\u0131ms\u0131zl\u0131k \u00e7abas\u0131nda k\u0131ymetli bir rol \u00fcstlendi.<\/p>\n","protected":false},"excerpt":{"rendered":"<p>Suriye Ge\u00e7i\u015f H\u00fck\u00fcmeti Cumhurba\u015fkan\u0131 Ahmed \u015eara&#8217;n\u0131n e\u015fi Latife El Durubi&#8217;nin Osmanl\u0131 b\u00fcrokrat\u0131 ve Abd\u00fclhamid&#8217;in hekimi Alaaddin El Durubi&#8217;nin torunu oldu\u011fu ortaya \u00e7\u0131kt\u0131.<\/p>\n","protected":false},"author":1,"featured_media":28658,"comment_status":"open","ping_status":"open","sticky":false,"template":"","format":"standard","meta":{"footnotes":""},"categories":[25],"tags":[4935,36,4937,4936,295],"class_list":["post-28657","post","type-post","status-publish","format-standard","has-post-thumbnail","hentry","category-gundem","tag-durubi","tag-gorev","tag-latife","tag-osmanli","tag-suriye"],"_links":{"self":[{"href":"https:\/\/ikimisli.tr\/index.php\/wp-json\/wp\/v2\/posts\/28657","targetHints":{"allow":["GET"]}}],"collection":[{"href":"https:\/\/ikimisli.tr\/index.php\/wp-json\/wp\/v2\/posts"}],"about":[{"href":"https:\/\/ikimisli.tr\/index.php\/wp-json\/wp\/v2\/types\/post"}],"author":[{"embeddable":true,"href":"https:\/\/ikimisli.tr\/index.php\/wp-json\/wp\/v2\/users\/1"}],"replies":[{"embeddable":true,"href":"https:\/\/ikimisli.tr\/index.php\/wp-json\/wp\/v2\/comments?post=28657"}],"version-history":[{"count":1,"href":"https:\/\/ikimisli.tr\/index.php\/wp-json\/wp\/v2\/posts\/28657\/revisions"}],"predecessor-version":[{"id":28659,"href":"https:\/\/ikimisli.tr\/index.php\/wp-json\/wp\/v2\/posts\/28657\/revisions\/28659"}],"wp:featuredmedia":[{"embeddable":true,"href":"https:\/\/ikimisli.tr\/index.php\/wp-json\/wp\/v2\/media\/28658"}],"wp:attachment":[{"href":"https:\/\/ikimisli.tr\/index.php\/wp-json\/wp\/v2\/media?parent=28657"}],"wp:term":[{"taxonomy":"category","embeddable":true,"href":"https:\/\/ikimisli.tr\/index.php\/wp-json\/wp\/v2\/categories?post=28657"},{"taxonomy":"post_tag","embeddable":true,"href":"https:\/\/ikimisli.tr\/index.php\/wp-json\/wp\/v2\/tags?post=28657"}],"curies":[{"name":"wp","href":"https:\/\/api.w.org\/{rel}","templated":true}]}}