{"id":28737,"date":"2025-04-20T02:36:06","date_gmt":"2025-04-20T02:36:06","guid":{"rendered":"https:\/\/ikimisli.tr\/?p=28737"},"modified":"2025-04-20T02:36:06","modified_gmt":"2025-04-20T02:36:06","slug":"tegmenlerin-anitkabir-karesinin-oykusu-perde-arkasini-fotografi-paylasan-gazeteci-anlatti","status":"publish","type":"post","link":"https:\/\/ikimisli.tr\/index.php\/2025\/04\/20\/tegmenlerin-anitkabir-karesinin-oykusu-perde-arkasini-fotografi-paylasan-gazeteci-anlatti\/","title":{"rendered":"Te\u011fmenlerin An\u0131tkabir karesinin \u00f6yk\u00fcs\u00fc: Perde arkas\u0131n\u0131 foto\u011fraf\u0131 payla\u015fan gazeteci anlatt\u0131"},"content":{"rendered":"<p>Karar Harp Okulu&#8217;ndaki mezuniyet merasimin akabinde k\u0131l\u0131\u00e7l\u0131 yemin eden ve &#8216;Mustafa Kemal&#8217;in askerleriyiz&#8217; diyen te\u011fmenler TSK&#8217;dan ihra\u00e7 edildi. \u0130hra\u00e7 edilen te\u011fmenlerin An\u0131tkabir karesi ise g\u00fcndem oldu. G\u00fcndem olan ve kimi kesitlerin gaye g\u00f6sterdi\u011fi An\u0131tkabir foto\u011fraf\u0131n\u0131 yay\u0131mlayan gazeteci M\u00fcyesser Y\u0131ld\u0131z&#8217;dan a\u00e7\u0131klama geldi. Y\u0131ld\u0131z, kelam konusu kareyi te\u011fmenlerin yay\u0131mlamad\u0131\u011f\u0131n\u0131 s\u00f6yledi. <\/p>\n<p>Y\u0131ld\u0131z bug\u00fcnk\u00fc k\u00f6\u015fesinde, &#8220;Her \u015fey bitti, art\u0131k de te\u011fmenlerin An\u0131tkabir\u2019e gidip foto\u011fraf \u00e7ektirmesine takt\u0131lar. D\u00fcn birisi \u015f\u00f6yle buyurdu: Efendim, &#8216;Te\u011fmenlerin An\u0131tkabir\u2019e gitmelerinde ola\u011fan ki bir sorun yokmu\u015f. Her T\u00fcrk te\u011fmeni ola\u011fan ki, Ant\u0131kabir\u2019e gidermi\u015f. Gitmeleri de\u011fil, gitmemeleri yad\u0131rgan\u0131rm\u0131\u015f&#8217;&#8230; Fakat &#8216;Bizim te\u011fmenler, An\u0131tkabir pozuyla bir ileti vermek istemi\u015fler&#8217;&#8230;&#8221; tabirini kulland\u0131.  <\/p>\n<p>12 Punto muharriri Y\u0131ld\u0131z \u015funlar\u0131 kaydetti: <\/p>\n<p><b>&#8220;FOTO\u011eRAFI YAYINLAYAN OLARAK S\u00d6YLEYECEKLER\u0130M VAR&#8221;<\/b><\/p>\n<p>O ileti da do\u011fal ki; \u201c\u2019Atam! Disiplinsizlik yapt\u0131k. Ba\u015f\u0131m\u0131za bunlar geldi\u2019 iletisi de\u011fil, Atam! Senin askerin oldu\u011fumuz i\u00e7in ba\u015f\u0131m\u0131za bunlar geldi\u2019 mesaj\u0131ym\u0131\u015f\u201d&#8230; <\/p>\n<p>Te\u011fmenlere gere\u011fince haks\u0131zl\u0131k yap\u0131ld\u0131, bir de bu bahiste yap\u0131lmamas\u0131 ismine o foto\u011fraf\u0131 birinci yay\u0131nlayan olarak s\u00f6yleyeceklerim var.<\/p>\n<p>Te\u011fmenler An\u0131tkabir\u2019de \u201cpoz\u201d vermedi. Foto\u011fraf\u0131, An\u0131tkabir\u2019e giden herkes \u00fczere, bir hat\u0131ra olmas\u0131 ve ailelerine g\u00f6ndermek i\u00e7in \u00e7ektirdiler.<\/p>\n<p>Ben bunu bir halde bulup yay\u0131nlad\u0131\u011f\u0131mda da en evvel onlar \u015fok ge\u00e7irdi ve avukatlar\u0131 arac\u0131l\u0131\u011f\u0131yla bana reaksiyon g\u00f6sterdi.<\/p>\n<p>Avukatlar, birilerinin bunu istismar edebilece\u011fini belirterek foto\u011fraf\u0131 kald\u0131rmam\u0131 istedi. \u201cKim, ne hakla istismar edecek\u201d diyerek kabul etmedim. Ke\u015fke kald\u0131rsaym\u0131\u015f\u0131m; lakin b\u00f6ylesine f\u0131rsat kollayanlar oldu\u011funu kestirim etmemi\u015ftim.<\/p>\n<p>Avukatlar\u0131n bu mevzudaki samimiyetini \u015furadan anlay\u0131n:<\/p>\n<p>\u00c7o\u011fu y\u0131llard\u0131r tan\u0131d\u0131\u011f\u0131m dostlar\u0131m olmas\u0131na kar\u015f\u0131n tabir-i caizse benimle selam\u0131 sabah\u0131 kestiler. Dahas\u0131, hakk\u0131mda kabahat duyurusunda bulunacaklar\u0131n\u0131 a\u00e7\u0131klad\u0131lar.<\/p>\n<p>Ba\u015f\u0131m g\u00f6z\u00fcm \u00fcst\u00fcne, ald\u0131m kabul ettim. Te\u011fmenlerden de; bir de bu y\u00fczden h\u00fccuma maruz kald\u0131klar\u0131 i\u00e7in \u00f6z\u00fcr diliyorum.<\/p>\n<p>\u0130stismarc\u0131lara bir \u00e7ift kelam\u0131m daha var: O \u201cpozla\u201d bir bildiri vermek istemi\u015f olsalar; An\u0131tkabir\u2019e \u00fcniformalar\u0131yla masraflard\u0131 &#8211; zira ihra\u00e7 karar\u0131 kendilerine \u015fimdi bildirim edilmemi\u015fti. O denli masraflar, muhtemelen herkes de tan\u0131r ve kalabal\u0131klarla foto\u011fraf verirlerdi. Bilmem anlatabildim mi?<\/p>\n","protected":false},"excerpt":{"rendered":"<p>Gazeteci M\u00fcyesser Y\u0131ld\u0131z, te\u011fmenlerin An\u0131tkabir foto\u011fraf\u0131n\u0131 an\u0131 olarak \u00e7ektirdiklerini, kendisinin yay\u0131mlamas\u0131n\u0131n akabinde \u00e7ok \u015fa\u015f\u0131rd\u0131klar\u0131n\u0131 ve avukatlar\u0131 arac\u0131l\u0131\u011f\u0131yla kendisine reaksiyon g\u00f6sterdiklerini yazd\u0131.<\/p>\n","protected":false},"author":1,"featured_media":28738,"comment_status":"open","ping_status":"open","sticky":false,"template":"","format":"standard","meta":{"footnotes":""},"categories":[25],"tags":[4678,1984,2551,1367],"class_list":["post-28737","post","type-post","status-publish","format-standard","has-post-thumbnail","hentry","category-gundem","tag-anitkabir","tag-fotograf","tag-mesaj","tag-tegmenler"],"_links":{"self":[{"href":"https:\/\/ikimisli.tr\/index.php\/wp-json\/wp\/v2\/posts\/28737","targetHints":{"allow":["GET"]}}],"collection":[{"href":"https:\/\/ikimisli.tr\/index.php\/wp-json\/wp\/v2\/posts"}],"about":[{"href":"https:\/\/ikimisli.tr\/index.php\/wp-json\/wp\/v2\/types\/post"}],"author":[{"embeddable":true,"href":"https:\/\/ikimisli.tr\/index.php\/wp-json\/wp\/v2\/users\/1"}],"replies":[{"embeddable":true,"href":"https:\/\/ikimisli.tr\/index.php\/wp-json\/wp\/v2\/comments?post=28737"}],"version-history":[{"count":1,"href":"https:\/\/ikimisli.tr\/index.php\/wp-json\/wp\/v2\/posts\/28737\/revisions"}],"predecessor-version":[{"id":28739,"href":"https:\/\/ikimisli.tr\/index.php\/wp-json\/wp\/v2\/posts\/28737\/revisions\/28739"}],"wp:featuredmedia":[{"embeddable":true,"href":"https:\/\/ikimisli.tr\/index.php\/wp-json\/wp\/v2\/media\/28738"}],"wp:attachment":[{"href":"https:\/\/ikimisli.tr\/index.php\/wp-json\/wp\/v2\/media?parent=28737"}],"wp:term":[{"taxonomy":"category","embeddable":true,"href":"https:\/\/ikimisli.tr\/index.php\/wp-json\/wp\/v2\/categories?post=28737"},{"taxonomy":"post_tag","embeddable":true,"href":"https:\/\/ikimisli.tr\/index.php\/wp-json\/wp\/v2\/tags?post=28737"}],"curies":[{"name":"wp","href":"https:\/\/api.w.org\/{rel}","templated":true}]}}