{"id":28814,"date":"2025-04-20T07:48:05","date_gmt":"2025-04-20T07:48:05","guid":{"rendered":"https:\/\/ikimisli.tr\/?p=28814"},"modified":"2025-04-20T07:48:05","modified_gmt":"2025-04-20T07:48:05","slug":"avrupadaki-gencleri-askerlikten-soguttular","status":"publish","type":"post","link":"https:\/\/ikimisli.tr\/index.php\/2025\/04\/20\/avrupadaki-gencleri-askerlikten-soguttular\/","title":{"rendered":"Avrupa&#8217;daki gen\u00e7leri askerlikten so\u011futtular"},"content":{"rendered":"<p>Avrupa&#8217;daki T\u00fcrkler, fiilen askere gitme mecburiyetleri T\u00fcrkiye&#8217;dekilerden farkl\u0131 oldu\u011fu halde b\u00fcy\u00fck \u015fok ya\u015f\u0131yor. AKP, d\u00f6viz kayna\u011f\u0131 olarak g\u00f6rd\u00fc\u011f\u00fc i\u00e7in T\u00fcrkiye&#8217;dekilerin mecburi askerlik hizmetinden kurtulma bedelini, Avrupa&#8217;daki T\u00fcrklerin d\u00f6vizli askerli\u011fine motamot yans\u0131tt\u0131. 7 Ocak 2025 tarihi prestijiyle yurt d\u0131\u015f\u0131ndaki T\u00fcrk vatanda\u015flar\u0131n\u0131n askerlik m\u00fcracaatlar\u0131 ba\u015flad\u0131 fakat ilgi \u00e7ok d\u00fc\u015f\u00fck, zira vatanda\u015flar kelam konusu mebla\u011f\u0131 \u00f6deyemiyor.<\/p>\n<p>D\u00f6vizle askerlik i\u00e7in belirlenen \u00f6l\u00e7\u00fc tam 243 bin 13 lira 44 kuru\u015f yani 6 bin 600 Euro. Fakat konsolusluklarda bu fiyat TL bedelinin belirlendi\u011fi g\u00fcne nazaran sabitlenmi\u015f ve 6 bin 900 Euro olarak uygulan\u0131yor.<\/p>\n<p><b>EN B\u00dcY\u00dcK AKSAKLIKLAR<\/b><\/p>\n<p>Bu paray\u0131 \u00f6demekte zorlananlar \u00e7aresiz T\u00fcrk vatanda\u015fl\u0131\u011f\u0131ndan \u00e7\u0131k\u0131yor ya da ikili vatanda\u015fl\u0131k hakk\u0131n\u0131 almaktan vazge\u00e7iyor. Yurt d\u0131\u015f\u0131ndaki T\u00fcrk vatanda\u015fl\u0131\u011f\u0131ndan so\u011futan uygulamadaki en b\u00fcy\u00fck aksakl\u0131klar \u015funlar:<\/p>\n<p><b>D\u00d6V\u0130ZLE ASKERL\u0130\u011e\u0130N BOZULMASI<\/b><\/p>\n<p>D\u00f6vizle askerlik, yurt d\u0131\u015f\u0131nda ya\u015fayan, \u00e7al\u0131\u015fanlar i\u00e7in. Yurt d\u0131\u015f\u0131ndaki T\u00fcrkler mecburi askere giderse Avrupa&#8217;daki haklar\u0131n\u0131 kaybediyor ve &#8216;mecburen&#8217; para \u00f6d\u00fcyor.<\/p>\n<p>Paray\u0131 \u00f6demeyip askere girse i\u015finden oluyor, oturma m\u00fcsaadesi, toplumsal yard\u0131mlar\u0131 iptal ediliyor. Bu nedenle yurt d\u0131\u015f\u0131ndaki T\u00fcrkler mecburi d\u00f6vizle askerlik yap\u0131yor.<\/p>\n<p><b>D\u00d6V\u0130Z KAYNA\u011eI KES\u0130L\u0130YOR<\/b><\/p>\n<p>AKP&#8217;nin ve Mehmet \u015eim\u015fek&#8217;in d\u00f6viz beklentisinin tam aksine yurt d\u0131\u015f\u0131ndaki T\u00fcrk gen\u00e7leri bu y\u00fcksek bedeli \u00f6deyemedi\u011fi i\u00e7in T\u00fcrk vatanda\u015fl\u0131\u011f\u0131ndan \u00e7\u0131k\u0131yor. Bir daha d\u00f6nm\u00fcyor ve ikili vatanda\u015f olmuyor. Zira \u00f6rne\u011fin Alman vatanda\u015fl\u0131\u011f\u0131n\u0131n yan\u0131nda T\u00fcrk vatanda\u015fl\u0131\u011f\u0131n\u0131 tekrar al\u0131rsa askerlik y\u00fck\u00fcml\u00fcs\u00fc haline geliyor.<\/p>\n<p><b>AS\u0130M\u0130LASYONA \u0130T\u0130YOLAR<\/b><\/p>\n<p>T\u00fcrk gen\u00e7leri, ikili vatanda\u015fl\u0131\u011f\u0131 almay\u0131p yaln\u0131zca Alman, Hollanda, \u0130svi\u00e7re yahut Fransa vatanda\u015f\u0131 kal\u0131yor. Bu t\u00fcrl\u00fc olunca T\u00fcrkiye ile olan ba\u011flar zay\u0131fl\u0131yor. \u00dclkelerine ahenk sa\u011flayan bu gen\u00e7ler ve sonraki jenerasyonlar bu kere ya\u015fad\u0131\u011f\u0131 toplumda asimilasyona hakikat gidiyor<\/p>\n<p><b>T\u00dcRK&#8217;\u00dc T\u00dcRK\u0130YE&#8217;DEN SO\u011eUTMAK<\/b><\/p>\n<p>70 y\u0131ll\u0131k g\u00f6\u00e7 tarihindeki en y\u00fcksek d\u00f6vizle askerlik \u00f6demesi y\u00fcz\u00fcnden T\u00fcrk gen\u00e7leri, \u00fclkelerinden so\u011fumaya ba\u015flad\u0131. 38 ya\u015f\u0131n sonuna kadar askerli\u011fini erteleyenler, paray\u0131 denk getiremeyince \u00fclkesine gidemiyor.<\/p>\n<p>Giderse sonda al\u0131nacak. B\u00f6ylelikle \u00fclkesinden so\u011fuyan bir kesim ve onlar\u0131n \u00fclkesinden so\u011fuyan bir alt nesli olu\u015fmaya ba\u015flad\u0131.<\/p>\n","protected":false},"excerpt":{"rendered":"<p>Avrupa&#8217;da ya\u015fayan T\u00fcrk gen\u00e7lerinin \u00e7o\u011funlu\u011funu 6 bin 900 Euro olan d\u00f6vizle askerlik bedelini \u00f6deyemiyor. Bu durumda asker ka\u00e7a\u011f\u0131 say\u0131lan gen\u00e7ler T\u00fcrkiye&#8217;ye giremiyor, T\u00fcrk vatanda\u015fl\u0131\u011f\u0131ndan \u00e7\u0131k\u0131yor.<\/p>\n","protected":false},"author":1,"featured_media":28815,"comment_status":"open","ping_status":"open","sticky":false,"template":"","format":"standard","meta":{"footnotes":""},"categories":[43],"tags":[1435,4547,163,574],"class_list":["post-28814","post","type-post","status-publish","format-standard","has-post-thumbnail","hentry","category-dunya","tag-askerlik","tag-doviz","tag-turk","tag-vatandas"],"_links":{"self":[{"href":"https:\/\/ikimisli.tr\/index.php\/wp-json\/wp\/v2\/posts\/28814","targetHints":{"allow":["GET"]}}],"collection":[{"href":"https:\/\/ikimisli.tr\/index.php\/wp-json\/wp\/v2\/posts"}],"about":[{"href":"https:\/\/ikimisli.tr\/index.php\/wp-json\/wp\/v2\/types\/post"}],"author":[{"embeddable":true,"href":"https:\/\/ikimisli.tr\/index.php\/wp-json\/wp\/v2\/users\/1"}],"replies":[{"embeddable":true,"href":"https:\/\/ikimisli.tr\/index.php\/wp-json\/wp\/v2\/comments?post=28814"}],"version-history":[{"count":1,"href":"https:\/\/ikimisli.tr\/index.php\/wp-json\/wp\/v2\/posts\/28814\/revisions"}],"predecessor-version":[{"id":28816,"href":"https:\/\/ikimisli.tr\/index.php\/wp-json\/wp\/v2\/posts\/28814\/revisions\/28816"}],"wp:featuredmedia":[{"embeddable":true,"href":"https:\/\/ikimisli.tr\/index.php\/wp-json\/wp\/v2\/media\/28815"}],"wp:attachment":[{"href":"https:\/\/ikimisli.tr\/index.php\/wp-json\/wp\/v2\/media?parent=28814"}],"wp:term":[{"taxonomy":"category","embeddable":true,"href":"https:\/\/ikimisli.tr\/index.php\/wp-json\/wp\/v2\/categories?post=28814"},{"taxonomy":"post_tag","embeddable":true,"href":"https:\/\/ikimisli.tr\/index.php\/wp-json\/wp\/v2\/tags?post=28814"}],"curies":[{"name":"wp","href":"https:\/\/api.w.org\/{rel}","templated":true}]}}