{"id":28919,"date":"2025-04-20T14:24:07","date_gmt":"2025-04-20T14:24:07","guid":{"rendered":"https:\/\/ikimisli.tr\/?p=28919"},"modified":"2025-04-20T14:24:07","modified_gmt":"2025-04-20T14:24:07","slug":"abd-cinden-gelen-paketleri-yeniden-kabul-etmeye-basladi","status":"publish","type":"post","link":"https:\/\/ikimisli.tr\/index.php\/2025\/04\/20\/abd-cinden-gelen-paketleri-yeniden-kabul-etmeye-basladi\/","title":{"rendered":"ABD, \u00c7in&#8217;den gelen paketleri yeniden kabul etmeye ba\u015flad\u0131"},"content":{"rendered":"<p>ABD Posta Servisi (USPS), \u00c7in ve Hong Kong\u2019dan gelen paketleri yine kabul edece\u011fini a\u00e7\u0131klad\u0131.<\/p>\n<p>Bu karar, Lider Donald Trump\u2019\u0131n kimi perakendecilerin d\u00fc\u015f\u00fck pahal\u0131 paketleri g\u00fcmr\u00fcks\u00fcz olarak ABD\u2019ye g\u00f6ndermesine imkan tan\u0131yan bir ticaret muafiyetini kald\u0131rmas\u0131n\u0131n akabinde uygulanan s\u00fcreksiz yasa\u011f\u0131n aksine \u00e7evrilmesi manas\u0131na geliyor.<\/p>\n<p>USPS, \u201cPosta servisi ve G\u00fcmr\u00fck ve Hudut M\u00fcdafaa \u00fcnitesi, yeni \u00c7in tarifelerinin aktif bir halde tahsil edilmesi i\u00e7in yak\u0131n i\u015f birli\u011fi i\u00e7inde \u00e7al\u0131\u015f\u0131yor.<\/p>\n<p>Paket teslimat\u0131nda en az kesintinin ya\u015fanmas\u0131n\u0131 sa\u011flamay\u0131 hedefliyoruz\u201d a\u00e7\u0131klamas\u0131nda bulundu.<\/p>\n<p>&#8216;DE M\u0130N\u0130M\u0130S&#8217; KALKTI<\/p>\n<p>Trump idaresi, \u00c7in\u2019den gelen d\u00fc\u015f\u00fck pahal\u0131 paketler i\u00e7in uygulanan &#8220;de minimis&#8221; muafiyetini kald\u0131rarak, bu cins g\u00f6nderilere ek y\u00fczde 10\u2019luk bir g\u00fcmr\u00fck vergisi getirdi.<\/p>\n<p>Yeni d\u00fczenleme, k\u0131ymeti 800 dolar\u0131n alt\u0131nda olan ve ABD\u2019li t\u00fcketicilere direkt \u00c7in\u2019den g\u00f6nderilen eserlerin g\u00fcmr\u00fck vergisinden muaf olmas\u0131n\u0131 sa\u011flayan uygulamaya son veriyor.<\/p>\n<p>USPS, \u00c7in\u2019den gelen paketlerin kabul\u00fcn\u00fc s\u00fcreksiz olarak ask\u0131ya almas\u0131n\u0131n direkt bu d\u00fczenlemeyle irtibatl\u0131 olup olmad\u0131\u011f\u0131 konusunda yorum yapmad\u0131.<\/p>\n<p>Trump\u2019\u0131n de minimis muafiyetini sona erdirme karar\u0131, Cumartesi g\u00fcn\u00fc duyurulmu\u015f ve sal\u0131 g\u00fcn\u00fc gece yar\u0131s\u0131ndan bir dakika sonra y\u00fcr\u00fcrl\u00fc\u011fe girmi\u015fti.<\/p>\n<p>B\u0130R BA\u015eA \u00c7IKMA YOLUMUZ YOK<\/p>\n<p>Tedarik zinciri dan\u0131\u015fmanl\u0131\u011f\u0131 \u015firketi Supply Chain Compliance\u2019\u0131n kurucu orta\u011f\u0131 Maureen Cori, \u015firketlerin ve lojistik kesiminin yeni kurallara ahenk sa\u011flamak i\u00e7in k\u00e2fi vakti olmad\u0131\u011f\u0131n\u0131 s\u00f6yledi.<\/p>\n<p>\u201cBununla ba\u015fa \u00e7\u0131kabilmemiz i\u00e7in h\u00fck\u00fcmetten y\u00f6nlendirme bekliyoruz. Rastgele bir ihtar ya da ge\u00e7i\u015f s\u00fcreci olmadan bu t\u00fcrl\u00fc bir de\u011fi\u015fikli\u011fe gidildi\u201d dedi.<\/p>\n<p>Cori, de minimis kapsam\u0131ndaki paketlerin \u00e7oklukla topluca k\u0131ymetlendirilerek g\u00fcmr\u00fckten ge\u00e7irildi\u011fini, lakin yeni sistemde her paketin ferdi olarak incelenmesi gerekece\u011fini belirtti.<\/p>\n<p>B\u00fcy\u00fck \u00f6l\u00e7ekli e-ticaret \u015firketleri olan Temu, Shein ve Amazon \u00fczere firmalar\u0131n i\u015fleyi\u015fini de direkt etkilemesi beklenen yeni d\u00fczenleme, ABD\u2019ye yap\u0131lan d\u00fc\u015f\u00fck maliyetli e-ticaret sevkiyatlar\u0131n\u0131 yava\u015flatabilir.<\/p>\n","protected":false},"excerpt":{"rendered":"<p>ABD, \u00c7in\u2019den gelen d\u00fc\u015f\u00fck maliyetli paketler i\u00e7in vergi muafiyetini kald\u0131rd\u0131. Trump idaresinin getirdi\u011fi yeni d\u00fczenleme sonras\u0131 USPS, \u00c7in ve Hong Kong\u2019dan gelen g\u00f6nderileri yine kabul edece\u011fini a\u00e7\u0131klad\u0131.<\/p>\n","protected":false},"author":1,"featured_media":28920,"comment_status":"open","ping_status":"open","sticky":false,"template":"","format":"standard","meta":{"footnotes":""},"categories":[43],"tags":[771,54,2909],"class_list":["post-28919","post","type-post","status-publish","format-standard","has-post-thumbnail","hentry","category-dunya","tag-cin","tag-gumruk","tag-paket"],"_links":{"self":[{"href":"https:\/\/ikimisli.tr\/index.php\/wp-json\/wp\/v2\/posts\/28919","targetHints":{"allow":["GET"]}}],"collection":[{"href":"https:\/\/ikimisli.tr\/index.php\/wp-json\/wp\/v2\/posts"}],"about":[{"href":"https:\/\/ikimisli.tr\/index.php\/wp-json\/wp\/v2\/types\/post"}],"author":[{"embeddable":true,"href":"https:\/\/ikimisli.tr\/index.php\/wp-json\/wp\/v2\/users\/1"}],"replies":[{"embeddable":true,"href":"https:\/\/ikimisli.tr\/index.php\/wp-json\/wp\/v2\/comments?post=28919"}],"version-history":[{"count":1,"href":"https:\/\/ikimisli.tr\/index.php\/wp-json\/wp\/v2\/posts\/28919\/revisions"}],"predecessor-version":[{"id":28921,"href":"https:\/\/ikimisli.tr\/index.php\/wp-json\/wp\/v2\/posts\/28919\/revisions\/28921"}],"wp:featuredmedia":[{"embeddable":true,"href":"https:\/\/ikimisli.tr\/index.php\/wp-json\/wp\/v2\/media\/28920"}],"wp:attachment":[{"href":"https:\/\/ikimisli.tr\/index.php\/wp-json\/wp\/v2\/media?parent=28919"}],"wp:term":[{"taxonomy":"category","embeddable":true,"href":"https:\/\/ikimisli.tr\/index.php\/wp-json\/wp\/v2\/categories?post=28919"},{"taxonomy":"post_tag","embeddable":true,"href":"https:\/\/ikimisli.tr\/index.php\/wp-json\/wp\/v2\/tags?post=28919"}],"curies":[{"name":"wp","href":"https:\/\/api.w.org\/{rel}","templated":true}]}}