{"id":28956,"date":"2025-04-20T16:36:06","date_gmt":"2025-04-20T16:36:06","guid":{"rendered":"https:\/\/ikimisli.tr\/?p=28956"},"modified":"2025-04-20T16:36:06","modified_gmt":"2025-04-20T16:36:06","slug":"ferdi-tayfurun-vasiyeti-aciklandi-tsk-losev-ve-darussafaka-detayi-dikkat-cekti","status":"publish","type":"post","link":"https:\/\/ikimisli.tr\/index.php\/2025\/04\/20\/ferdi-tayfurun-vasiyeti-aciklandi-tsk-losev-ve-darussafaka-detayi-dikkat-cekti\/","title":{"rendered":"Ferdi Tayfur&#8217;un vasiyeti a\u00e7\u0131kland\u0131: TSK, L\u00d6SEV ve Dar\u00fc\u015f\u015fafaka detay\u0131 dikkat \u00e7ekti"},"content":{"rendered":"<p>Bir m\u00fcddet evvel hayat\u0131n\u0131 kaybeden Ferdi Tayfur&#8217;un vasiyetnamesinin a\u00e7\u0131lmas\u0131 davas\u0131 Mu\u011fla&#8217;n\u0131n Marmaris il\u00e7esinde g\u00f6r\u00fclmeye ba\u015fland\u0131.<\/p>\n<p>Marmaris 1. Sulh Hukuk Mahkemesi&#8217;ndeki davan\u0131n birinci duru\u015fmas\u0131na miras\u00e7\u0131lardan kimileri ile avukatlar\u0131 kat\u0131ld\u0131.<\/p>\n<p><b>TSK, L\u00d6SEV VE DAR\u00dc\u015e\u015eAFAKA DETAYI <\/b><\/p>\n<p>Mahkeme ba\u015fkan\u0131, Ferdi Tayfur&#8217;un vasiyetini aile yak\u0131nlar\u0131na da\u011f\u0131tt\u0131rd\u0131ktan sonra okuttu.<\/p>\n<p>Sanat\u00e7\u0131n\u0131n \u0130stanbul Fatih il\u00e7esi ve Mu\u011fla Marmaris il\u00e7esindeki ta\u015f\u0131nmaz\u0131n\u0131 Dar\u00fc\u015f\u015fafaka Cemiyetine, Bolu Mudurnu il\u00e7esindeki 4 ta\u015f\u0131nmaz\u0131n\u0131 T\u00fcrk Silahl\u0131 Kuvvetlerine, Yalova&#8217;daki 8 villay\u0131 da L\u00d6SEV&#8217;e b\u0131rakt\u0131\u011f\u0131 belirtildi.<\/p>\n<p>Tayfur&#8217;un vasiyetinde, Ferdi Taha Tayfur, Ula\u015f D\u0131n\u0131z, Derin D\u0131n\u0131z, Zeynep Do\u011frul, Can Do\u011frul, Nefes Lila G\u00f6zal\u0131c\u0131, Tatl\u0131 G\u00f6zal\u0131c\u0131, Ferdi Tayfur Turanbayburt, Buse Turanbayburt ve Emirhan Turanbayburt&#8217;a \u00f6b\u00fcr ta\u015f\u0131nmazlar\u0131n\u0131; beste, m\u00fczik ve telifli yap\u0131tlar\u0131n\u0131n haklar\u0131n\u0131 da Nil\u00fcfer Turanbayburt&#8217;a b\u0131rakt\u0131\u011f\u0131 kaydedildi.<\/p>\n<p><b>DURU\u015eMA ERTELEND\u0130<\/b><\/p>\n<p>Vasiyet okunduktan sonra aile fertlerine itirazlar\u0131 soruldu. Aile fertlerinden Timur Turanbayburt ve Tu\u011f\u00e7e Tayfur Ayd\u0131n&#8217;\u0131n avukat\u0131 Edanur Y\u0131ld\u0131z \u00dclker vasiyete itiraz ettiklerini belirtirken \u00f6b\u00fcrleri vasiyeti kabul ettiklerini s\u00f6yledi.<\/p>\n<p>Duru\u015fma 29 Nisan&#8217;a ertelendi.<\/p>\n<p><b>&#8220;GURUR DUYUYORUZ&#8221;<\/b><\/p>\n<p>Adliye \u00e7\u0131k\u0131\u015f\u0131nda gazetecilere a\u00e7\u0131klamada bulunan Ferdi Tayfur&#8217;un e\u015fi Zeliha Tayfur, ailecek vak\u0131flara yap\u0131lan ba\u011f\u0131\u015flardan mutlu olduklar\u0131n\u0131 belirterek, \u015f\u00f6yle konu\u015ftu:<\/p>\n<p>&#8220;Ferdi Bey sohbetlerimizde miras\u0131n\u0131 hay\u0131r kurumlar\u0131na ba\u011f\u0131\u015flayaca\u011f\u0131n\u0131 s\u00f6yl\u00fcyordu. Hasebiyle belli \u015feylerini T\u00fcrk Silahl\u0131 Kuvvetlerine, Dar\u00fc\u015f\u015fafakaya ve L\u00d6SEV&#8217;e ba\u011f\u0131\u015flad\u0131. Biz de bundan \u00e7ok memnunuz zira birlikte al\u0131nm\u0131\u015f bir karard\u0131. H\u00fcrmet duyuyoruz, gurur duyuyoruz.&#8221;<\/p>\n<p>Tayfur, &#8220;Evlili\u011finizi neden yasal olarak devam ettirdiniz?&#8221; sorusuna &#8220;E\u015fim o denli istiyordu&#8221; cevab\u0131 verdi.<\/p>\n<p><b>&#8220;\u0130PTAL DAVASI A\u00c7TIK&#8221;<\/b><\/p>\n<p>Timur Turanbayburt ve Tu\u011f\u00e7e Tayfur Ayd\u0131n&#8217;\u0131n avukat\u0131 Edanur Y\u0131ld\u0131z \u00dclker de ayr\u0131nt\u0131l\u0131 a\u00e7\u0131klaman\u0131n daha sonra yap\u0131laca\u011f\u0131n\u0131 belirterek, &#8220;Vasiyetin iptali i\u00e7in de dava a\u00e7t\u0131k. Ayr\u0131yeten \u00f6b\u00fcr dava da a\u00e7aca\u011f\u0131z. Mahfuz pay\u0131n ihlal edilen k\u0131s\u0131mlar\u0131 i\u00e7in ayr\u0131yeten dava a\u00e7aca\u011f\u0131z. Tu\u011f\u00e7e Han\u0131m gebe oldu\u011fundan \u00f6t\u00fcr\u00fc gelemedi. \u0130n\u015fallah bir sonraki celseye gelir.&#8221; diye konu\u015ftu.<\/p>\n","protected":false},"excerpt":{"rendered":"<p>Bir m\u00fcddet evvel hayat\u0131n\u0131 kaybeden sanat\u00e7\u0131 Ferdi Tayfur&#8217;un vasiyet davas\u0131 ba\u015flad\u0131. Dudak u\u00e7uklatan miras\u0131n payla\u015f\u0131m\u0131nda TSK, L\u00d6SEV ve Dar\u00fc\u015f\u015fafaka ayr\u0131nt\u0131s\u0131 dikkat \u00e7ekti.<\/p>\n","protected":false},"author":1,"featured_media":28957,"comment_status":"open","ping_status":"open","sticky":false,"template":"","format":"standard","meta":{"footnotes":""},"categories":[27],"tags":[148,1179,448,4973],"class_list":["post-28956","post","type-post","status-publish","format-standard","has-post-thumbnail","hentry","category-magazin","tag-dava","tag-ferdi","tag-tayfur","tag-vasiyet"],"_links":{"self":[{"href":"https:\/\/ikimisli.tr\/index.php\/wp-json\/wp\/v2\/posts\/28956","targetHints":{"allow":["GET"]}}],"collection":[{"href":"https:\/\/ikimisli.tr\/index.php\/wp-json\/wp\/v2\/posts"}],"about":[{"href":"https:\/\/ikimisli.tr\/index.php\/wp-json\/wp\/v2\/types\/post"}],"author":[{"embeddable":true,"href":"https:\/\/ikimisli.tr\/index.php\/wp-json\/wp\/v2\/users\/1"}],"replies":[{"embeddable":true,"href":"https:\/\/ikimisli.tr\/index.php\/wp-json\/wp\/v2\/comments?post=28956"}],"version-history":[{"count":1,"href":"https:\/\/ikimisli.tr\/index.php\/wp-json\/wp\/v2\/posts\/28956\/revisions"}],"predecessor-version":[{"id":28958,"href":"https:\/\/ikimisli.tr\/index.php\/wp-json\/wp\/v2\/posts\/28956\/revisions\/28958"}],"wp:featuredmedia":[{"embeddable":true,"href":"https:\/\/ikimisli.tr\/index.php\/wp-json\/wp\/v2\/media\/28957"}],"wp:attachment":[{"href":"https:\/\/ikimisli.tr\/index.php\/wp-json\/wp\/v2\/media?parent=28956"}],"wp:term":[{"taxonomy":"category","embeddable":true,"href":"https:\/\/ikimisli.tr\/index.php\/wp-json\/wp\/v2\/categories?post=28956"},{"taxonomy":"post_tag","embeddable":true,"href":"https:\/\/ikimisli.tr\/index.php\/wp-json\/wp\/v2\/tags?post=28956"}],"curies":[{"name":"wp","href":"https:\/\/api.w.org\/{rel}","templated":true}]}}