{"id":29006,"date":"2025-04-20T19:36:16","date_gmt":"2025-04-20T19:36:16","guid":{"rendered":"https:\/\/ikimisli.tr\/?p=29006"},"modified":"2025-04-20T19:36:16","modified_gmt":"2025-04-20T19:36:16","slug":"imamoglu-net-konustu-bunun-bedeli-ne-olursa-olsun","status":"publish","type":"post","link":"https:\/\/ikimisli.tr\/index.php\/2025\/04\/20\/imamoglu-net-konustu-bunun-bedeli-ne-olursa-olsun\/","title":{"rendered":"\u0130mamo\u011flu net konu\u015ftu: Bunun bedeli ne olursa olsun&#8230;"},"content":{"rendered":"<p><em><strong>Ali MAC\u0130T<\/strong><\/em><\/p>\n<p>T\u00fcrkiye Belediyeler Birli\u011fi (TBB) ve \u0130stanbul B\u00fcy\u00fck\u015fehir Belediye (\u0130BB) Ba\u015fkan\u0131 Ekrem \u0130mamo\u011flu, Fatih\u2019teki Of-Hayrat K\u00fclt\u00fcr ve Yard\u0131mla\u015fma Derne\u011fi\u2019nin yenilenen binas\u0131nda Trabzonlu hem\u015fehrileriyle bir ortaya geldi.<\/p>\n<p>Bulu\u015fmada, s\u0131ras\u0131yla; Of-Hayrat ve Yard\u0131mla\u015fma Derne\u011fi Ba\u015fkan\u0131 Emrullah Tellio\u011flu, Of-Hayrat Vakf\u0131 Onursal Lideri Prof. Dr. Ali Aky\u00fcz ve \u0130mamo\u011flu birer konu\u015fma yapt\u0131.<\/p>\n<p>D\u00fcnyan\u0131n hi\u00e7bir yerinde T\u00fcrkiye\u2019dekine misal hem\u015fehri derneklerinin bulunmad\u0131\u011f\u0131na dikkat \u00e7eken \u0130mamo\u011flu, bu durumun Anadolu\u2019dan \u0130stanbul\u2019a ya\u015fanan a\u011f\u0131r g\u00f6\u00e7lerin bir sonucu oldu\u011funa vurgu yapt\u0131. T\u00fcrkiye\u2019nin \u00f6teki kentlerinde de gibisi olu\u015fumlar\u0131n bulundu\u011funun alt\u0131n\u0131 \u00e7izen \u0130mamo\u011flu, \u201cHassas \u00e7izgiyi koruyan, kendini farkl\u0131 bir yerde konumland\u0131ran ve uzun y\u0131llard\u0131r \u0130stanbul&#8217;da var olan, istikrar\u0131n\u0131 ka\u00e7\u0131rmayan, \u015firazesini de ka\u00e7\u0131rmayan bir bi\u00e7imde asil bir halla y\u00f6netilen hem\u015fehri dernekleri var m\u0131d\u0131r? Vard\u0131r. Bunlar\u0131 da takdir ediyorum. Gitmekten de keyifli oluyorum\u201d dedi. <\/p>\n<p><img decoding=\"async\" src=\"https:\/\/ikimisli.tr\/wp-content\/uploads\/2025\/04\/imamoglu-net-konustu-bunun-bedeli-ne-olursa-olsun-0-dZHAkmQ8.jpg\"\/><\/p>\n<p><b>\u201cS\u0130Z\u0130 ALDATAN, SONRA DA \u2018ALDATILDIK\u2019 D\u0130YE BA\u011eIRMANIZA VES\u0130LE OLAN\u2026\u201d<\/b><\/p>\n<p>\u00d6zellikle gereksinimi olan \u00f6\u011frencilere katk\u0131 sunan olu\u015fumlara bak\u0131\u015f\u0131n\u0131n olumlu oldu\u011funu belirten \u0130mamo\u011flu, \u015funlar\u0131 s\u00f6yledi;<\/p>\n<p>*E\u011fitime ehemmiyet vermek, \u00f6\u011frencilerinin yoksullu\u011funu gidermek, bug\u00fcn tahminen de en fazla muhta\u00e7l\u0131k duyulan hususlardan bir tanesi; hatta ba\u015f\u0131nda T\u00fcrkiye geli\u015fecek, daha memnun, daha g\u00fc\u00e7l\u00fc ve daha m\u00fcreffeh bir toplum olacaksa, \u00fclke olacaksa, bunda en de\u011ferli fonksiyon e\u011fitimin olacakt\u0131r.<\/p>\n<p>*Bu manada, sizlerin burs sa\u011flad\u0131\u011f\u0131n\u0131z \u00f6\u011frenciler ortas\u0131nda, onlar e\u011fitim als\u0131nlar, ba\u015far\u0131l\u0131 olsunlar, \u00fclkelerine yararl\u0131 birer milletin evlad\u0131 olsunlar gayretinizi \u00f6nemsiyorum. Ben de y\u00f6neticilik yapt\u0131\u011f\u0131m ya da daha evvel i\u015f insan\u0131 olarak bulundu\u011fum her ortamda, elde etti\u011fi bir imkan, f\u0131rsat varsa, bunu \u00f6ncelikle bir \u00f6\u011frenciye, bir okuma u\u011fra\u015f\u0131 i\u00e7inde olan bir gence, \u00e7ocu\u011fu hatta, nas\u0131l imkan sunabilirim, \u00e7abas\u0131 i\u00e7erisinde oldum.<\/p>\n<p>*Ve bunu samimi bir bi\u00e7imde toplumda aray\u0131\u015fta olursan\u0131z sizi aldatan, sonra da \u2018aldat\u0131ld\u0131k\u2019 diye ba\u011f\u0131rman\u0131za vesile olan, sa\u00e7ma sapan \u00e7at\u0131lar\u0131n alt\u0131na girmezsiniz, bu t\u00fcrl\u00fc ho\u015f, g\u00fczide derneklerle, vak\u0131flarla hakikaten gereksinimi olan \u00e7ocuklarla, gen\u00e7lerle bulu\u015fursunuz.<\/p>\n<p><img decoding=\"async\" src=\"https:\/\/ikimisli.tr\/wp-content\/uploads\/2025\/04\/imamoglu-net-konustu-bunun-bedeli-ne-olursa-olsun-1-OGSw28xm.jpg\"\/><\/p>\n<p><b>&#8220;HATA YAPMAMAMIZ GEREKEN B\u0130R MAKAMDAYIM\u201d<\/b><\/p>\n<p>*Bunlar, \u00e7ok k\u0131ymetli misyonlar. On milyonlarca be\u015fere hizmet eden, kelam \u00fcreten, paha katma konusunda u\u011fra\u015f ve \u00e7aba g\u00f6stermesi gereken bir makamday\u0131m. Millete ili\u015fkin bir makam buras\u0131. M\u00fcnasebetiyle, titiz davranmam\u0131z gereken ve kusur yapmamam\u0131z gereken bir makamday\u0131m.<\/p>\n<p>*Trabzon&#8217;da do\u011fmu\u015f ve T\u00fcrkiye&#8217;nin en b\u00fcy\u00fck kentini, hatta Avrupa&#8217;n\u0131n en b\u00fcy\u00fck kentini, hatta \u2018d\u00fcnyan\u0131n bir ba\u015f\u015fehri olmal\u0131\u2019 ruhunu ya\u015fayan bir kentin, bir Trabzonlu olarak Belediye Ba\u015fkanl\u0131\u011f\u0131n\u0131 yapmak, b\u00fcy\u00fck bir gurur vesilesi.<\/p>\n<p>*Her vakit gereksinimi \u015f\u00f6yle belirleriz: Bu kentte belediyeden kim gereksinim duyuyor, ne i\u00e7in muhta\u00e7l\u0131k duyuyor ve o gereksinimleri nas\u0131l kar\u015f\u0131layabiliriz?<\/p>\n<p>*\u0130\u015fte herkes asl\u0131nda bu zihniyetle hareket etti\u011finde, vatanda\u015f\u0131n\u0131n gereksinimini g\u00f6zeterek soruna bakt\u0131\u011f\u0131nda, hepimiz daha geli\u015fmi\u015f, daha huzurlu, daha keyifli, daha demokratik, daha adil bir \u00fclkede ve kentte ya\u015far\u0131z.<\/p>\n<p><img decoding=\"async\" src=\"https:\/\/ikimisli.tr\/wp-content\/uploads\/2025\/04\/imamoglu-net-konustu-bunun-bedeli-ne-olursa-olsun-2-RJ6jV4le.jpg\"\/><\/p>\n<p><b>&#8220;B\u0130R M\u0130L\u0130M GER\u0130 ADIM ATMAM\u201d<\/b><\/p>\n<p>\u201cAz evvel \u2018temsil ederken dua ederim\u2019 dedi\u011fim hem\u015fehrilerimle ilgili de birka\u00e7 s\u0131fat\u0131 ve hissimi payla\u015fmak isterim\u201d diyen \u0130mamo\u011flu, \u015funlar\u0131 s\u00f6yledi:  <\/p>\n<p>*Trabzonlular merttir, yi\u011fittir; vatan\u0131na, milletine hizmet etmekte \u00e7ok hassast\u0131r. Vatan\u0131na, milletine \u00e7ok ba\u011fl\u0131 insanlard\u0131r. Trabzonlular, bildikleri do\u011frular\u0131 s\u00f6ylemekten de hi\u00e7bir vakit \u00e7ekinmezler.<\/p>\n<p>*Hakl\u0131 olduklar\u0131 bahislerin hi\u00e7birisinde, bir milim geri ad\u0131m atmazlar. Kararl\u0131l\u0131klar\u0131 b\u00f6yledir. Ve c\u00fcretle, ger\u00e7ek bildikleri yolda t\u00fcm\u00fcyle ileri bakar ve yol y\u00fcr\u00fcrler. A\u00e7\u0131k\u00e7as\u0131 ben de g\u00fcnl\u00fck \u00f6mr\u00fcmde, siyasi seyahatimde Trabzonlu olma kimli\u011fimi tam da bu s\u0131fatlarla hayata ge\u00e7iriyorum.<\/p>\n<p>*Haks\u0131zl\u0131\u011fa kar\u015f\u0131 m\u00fccadelemde\u2026 Kendime yap\u0131lan haks\u0131zl\u0131ktan bahsetmiyorum. Kime yap\u0131l\u0131rsa yap\u0131ls\u0131n haks\u0131zl\u0131k, ona kar\u015f\u0131 u\u011fra\u015f\u0131mda bir milim geri ad\u0131m atmam. Hakikat yoldan vazge\u00e7mem. Ve do\u011fruluktan da vazge\u00e7meyece\u011fimin bilinmesini isterim.<\/p>\n<p><img decoding=\"async\" src=\"https:\/\/ikimisli.tr\/wp-content\/uploads\/2025\/04\/imamoglu-net-konustu-bunun-bedeli-ne-olursa-olsun-3-z1fDFtx1.jpg\"\/><\/p>\n<p><b>\u201cDO\u011eRULUKTAN VAZGE\u00c7MEYEN \u0130NSANI K\u0130MSE H\u0130\u00c7B\u0130R YERDEN KOVAMAZ\u201d<\/b><\/p>\n<p>*Bazen \u00fclkemizde \u00e7ok\u00e7a s\u00f6ylenen baz\u0131 s\u00f6zleri, bu t\u00fcrl\u00fc atas\u00f6z\u00fc diye tariflerler. Kimilerini ben o denli atas\u00f6z\u00fc diye bir s\u0131fata yak\u0131\u015ft\u0131rmam. Zira bu topraklarda o denli atas\u00f6z\u00fc olmaz. \u0130\u015fte \u2018Do\u011fru s\u00f6yleyeni dokuz k\u00f6yden kovarlar.\u2019 Bizim topraklar\u0131m\u0131zda o denli bir kelam olmaz. Do\u011fruluktan vazge\u00e7meyen insan\u0131 da kimse hi\u00e7bir yerden kovamaz.<\/p>\n<p>*A\u00e7\u0131k\u00e7as\u0131 hem\u015fehrilerimden de\u011fil, milletimin tamam\u0131n\u0131n, 86 milyon insan\u0131m\u0131z\u0131n vicdan\u0131ndan, adalet hissinden ve ferasetinden ald\u0131\u011f\u0131m c\u00fcretle tabir edeyim ki: Bizi do\u011fruluktan ve yanl\u0131\u015fs\u0131z olmaktan kimse geri tutamayaca\u011f\u0131 \u00fczere, bizi b\u0131rak\u0131n bir k\u00f6yden, rastgele bir noktadan kovabilecek hi\u00e7 kimse, bu \u00fclkede anas\u0131n\u0131n karn\u0131ndan do\u011fmad\u0131.<\/p>\n<p>*Bu noktada dair net tabirlerle pozisyonumuzu belirleyelim. Bizim pozisyonumuz, do\u011frunun oldu\u011fu noktad\u0131r. Oradan da satmayaca\u011f\u0131z. Bunun bedeli ne olursa olsun.<\/p>\n<p><b>\u201cB\u0130Z\u0130M O GER\u0130S\u0130 BO\u015e \u0130\u015eLER\u0130 HER VAK\u0130T P\u00dcSK\u00dcRTME Y\u00dcRE\u011e\u0130M\u0130Z VAR\u201d<\/b><\/p>\n<p>*Bu \u00fclke, \u00e7ok \u015feyler g\u00f6rd\u00fc, ge\u00e7irdi. Son vakitlerde da \u00fclkemizde ya\u015fan\u0131lan \u015feyler, \u00fclke tarihimiz a\u00e7\u0131s\u0131ndan ne yaz\u0131k ki makus i\u015fler, karanl\u0131k i\u015fler, sa\u00e7ma sapan i\u015fler, ahlak d\u0131\u015f\u0131 i\u015fler\u2026 Ancak bunlarla, bu bask\u0131larla gayret etmek konusunda, a\u00e7\u0131k\u00e7as\u0131 benim yani ses tonumu bile milimetre titretemeyecek kadar, bu t\u00fcrl\u00fc kum tanesi \u00fczere g\u00f6rd\u00fc\u011f\u00fcm problemler.<\/p>\n<p>*Umurumda de\u011fil. Bizim o ard\u0131 bo\u015f i\u015fleri her vakit p\u00fcsk\u00fcrtme konusunda y\u00fcre\u011fimiz var. Milletimizin de gerimizde oldu\u011funu g\u00f6r\u00fcyorum. A\u00e7\u0131k\u00e7as\u0131 bask\u0131lar\u0131n ve hakikat olmayan birtak\u0131m davran\u0131\u015flar\u0131n, hi\u00e7bir Trabzonluyu bu yolundan sapt\u0131ramayaca\u011f\u0131n\u0131 ya da yolundan d\u00f6nd\u00fcremeyece\u011fini en yeterli buradaki Trabzonlu, Oflu hem\u015fehrilerim bilir. Onu da s\u00f6z etmi\u015f olay\u0131m.<\/p>\n<p>*Devlete ve millete hizmet kararl\u0131l\u0131\u011f\u0131m\u0131z nettir. Bu bizim karakterimizdir. Ve a\u00e7\u0131k\u00e7as\u0131 biz, milletimizin var olan takviyesini de her vakit u\u011fra\u015f\u0131m\u0131z\u0131n yan\u0131nda g\u00f6r\u00fcyoruz.<\/p>\n<p>*\u0130BB olarak ve vazife yapt\u0131\u011f\u0131m\u0131 her alanda kentimizin, \u00fclkemizin, milletimizin geli\u015fmesi i\u00e7in de yol y\u00fcr\u00fcyece\u011fiz. \u00c7al\u0131\u015fmalar\u0131m\u0131za devam edece\u011fiz. Topluma nas\u0131l katk\u0131 sunabiliriz diye, y\u00fcrekli bir bi\u00e7imde yolumuza devam edece\u011fiz.<\/p>\n<p><b>\u201cKOLTU\u011eUNDAN \u00d6T\u00dcR\u00dc B\u0130R\u0130LER\u0130N\u0130 CEZALANDIRMAK \u0130STEYENLERE KAR\u015eI\u2026\u201d<\/b><\/p>\n<p>*\u0130yi ki bu cennet vatan\u0131n bir evlad\u0131y\u0131m. D\u00fczg\u00fcn ki bu cennet vatan\u0131n \u00e7ok ho\u015f k\u00f6\u015fesi Trabzon&#8217;un bir evlad\u0131y\u0131m. \u00c2l\u00e2 ki hocamla, o ho\u015f \u00f6\u011frenci yeti\u015ftiren yurtta, Trabzon Lisesi&#8217;nden mezun oldum, orada yeti\u015ftim. Art\u0131k de ne keyifli bana ki, \u0130stanbul&#8217;un Cumhuriyet tarihindeki ilk Trabzonlu belediye ba\u015fkan\u0131 oldum.<\/p>\n<p>*Bundan sonra da yolumuza devam edece\u011fiz. Eminim ki her Trabzonlu hem\u015fehrim \u015funu kalbinden ge\u00e7irir: \u2018Bizim hem\u015fehrimiz. Lakin bu delikanl\u0131, bu Lider, Ekrem \u0130mamo\u011flu, bu milletin her evlad\u0131na e\u015fit davran\u0131r. Hi\u00e7 kimseyi birbirinden ay\u0131rmaz. 86 milyonu birbirinden ay\u0131rmad\u0131\u011f\u0131 i\u00e7in biz onu severiz\u2019 diyorlard\u0131r.<\/p>\n<p>*\u2018Hi\u00e7bir insan\u0131 siyasi g\u00f6r\u00fc\u015f\u00fcnden \u00f6t\u00fcr\u00fc da ay\u0131rmaz. Onun i\u00e7in Ekrem \u0130mamo\u011flu&#8217;nu seviyoruz\u2019 demelerini, diyeceklerini biliyorum. Birebir vakitte \u2018Hi\u00e7bir vakit Ekrem \u0130mamo\u011flu makam\u0131n\u0131 birini cezaland\u0131rmak i\u00e7in kullanmaz.<\/p>\n<p>*Onu birini cezaland\u0131rmak i\u00e7in de alet etmez. \u2018Tam tersine, adaletin koruyucusu olur\u2019 dediklerini duyuyorum. Zira ben, bunlar\u0131 temsil ediyorum.<\/p>\n<p>*Koltu\u011fundan \u00f6t\u00fcr\u00fc birilerini cezaland\u0131rmak isteyenlere kar\u015f\u0131, o g\u00fcc\u00fc milletinin ayr\u0131\u015fmas\u0131 i\u00e7in kullananlara kar\u015f\u0131, siyasi g\u00f6r\u00fc\u015flerinden \u00f6t\u00fcr\u00fc insanlar\u0131 birbirinden koparmaya \u00e7al\u0131\u015fanlara kar\u015f\u0131 sonsuz \u00e7aba edece\u011fime, her yerde oldu\u011fu \u00fczere, burada, tam da Oflular\u0131n huzurunda bir sefer daha ant i\u00e7erim.<\/p>\n","protected":false},"excerpt":{"rendered":"<p>\u0130BB Ba\u015fkan\u0131 \u0130mamo\u011flu, &#8220;Bizim konumumuz, do\u011frunun oldu\u011fu noktad\u0131r. Oradan da sapmayaca\u011f\u0131z. Bunun bedeli ne olursa olsun\u201d dedi.<\/p>\n","protected":false},"author":1,"featured_media":29007,"comment_status":"open","ping_status":"open","sticky":false,"template":"","format":"standard","meta":{"footnotes":""},"categories":[25],"tags":[823,524,4979,145,500],"class_list":["post-29006","post","type-post","status-publish","format-standard","has-post-thumbnail","hentry","category-gundem","tag-dogru","tag-is","tag-trabzonlu","tag-ulke","tag-yol"],"_links":{"self":[{"href":"https:\/\/ikimisli.tr\/index.php\/wp-json\/wp\/v2\/posts\/29006","targetHints":{"allow":["GET"]}}],"collection":[{"href":"https:\/\/ikimisli.tr\/index.php\/wp-json\/wp\/v2\/posts"}],"about":[{"href":"https:\/\/ikimisli.tr\/index.php\/wp-json\/wp\/v2\/types\/post"}],"author":[{"embeddable":true,"href":"https:\/\/ikimisli.tr\/index.php\/wp-json\/wp\/v2\/users\/1"}],"replies":[{"embeddable":true,"href":"https:\/\/ikimisli.tr\/index.php\/wp-json\/wp\/v2\/comments?post=29006"}],"version-history":[{"count":1,"href":"https:\/\/ikimisli.tr\/index.php\/wp-json\/wp\/v2\/posts\/29006\/revisions"}],"predecessor-version":[{"id":29012,"href":"https:\/\/ikimisli.tr\/index.php\/wp-json\/wp\/v2\/posts\/29006\/revisions\/29012"}],"wp:featuredmedia":[{"embeddable":true,"href":"https:\/\/ikimisli.tr\/index.php\/wp-json\/wp\/v2\/media\/29007"}],"wp:attachment":[{"href":"https:\/\/ikimisli.tr\/index.php\/wp-json\/wp\/v2\/media?parent=29006"}],"wp:term":[{"taxonomy":"category","embeddable":true,"href":"https:\/\/ikimisli.tr\/index.php\/wp-json\/wp\/v2\/categories?post=29006"},{"taxonomy":"post_tag","embeddable":true,"href":"https:\/\/ikimisli.tr\/index.php\/wp-json\/wp\/v2\/tags?post=29006"}],"curies":[{"name":"wp","href":"https:\/\/api.w.org\/{rel}","templated":true}]}}