{"id":29152,"date":"2025-04-21T03:24:13","date_gmt":"2025-04-21T03:24:13","guid":{"rendered":"https:\/\/ikimisli.tr\/?p=29152"},"modified":"2025-04-21T03:24:13","modified_gmt":"2025-04-21T03:24:13","slug":"yolcu-otobusu-tira-carpti-olu-ve-yaralilar-var","status":"publish","type":"post","link":"https:\/\/ikimisli.tr\/index.php\/2025\/04\/21\/yolcu-otobusu-tira-carpti-olu-ve-yaralilar-var\/","title":{"rendered":"Yolcu otob\u00fcs\u00fc, TIR&#8217;a \u00e7arpt\u0131: \u00d6l\u00fc ve yaral\u0131lar var"},"content":{"rendered":"<p>Sivas\u2019\u0131n G\u00f6lova il\u00e7esi \u00c7obanl\u0131 mevkisinde meydana gelen kazada, I\u011fd\u0131r\u2019dan \u0130stanbul\u2019a gitmekte olan V.A. idaresindeki 34 ARS 576 plakal\u0131 Aras firmas\u0131na ili\u015fkin yolcu otob\u00fcs\u00fc, park halinde bulunan 41 ABN 013 plakal\u0131 TIR\u2019a arttan \u00e7arpt\u0131.<\/p>\n<p><img decoding=\"async\" src=\"https:\/\/ikimisli.tr\/wp-content\/uploads\/2025\/04\/yolcu-otobusu-tira-carpti-olu-ve-yaralilar-var-0-NbigVBQN.jpg\"\/><\/p>\n<p>Kazada s\u00fcr\u00fcc\u00fc ve otob\u00fcste bulunan 13 ki\u015fi yaralan\u0131rken, ihbar \u00fczerine b\u00f6lgeye \u00e7ok say\u0131da s\u0131hhat, jandarma, polis, itfaiye ve AFAD grubu sevk edildi.<\/p>\n<p><img decoding=\"async\" src=\"https:\/\/ikimisli.tr\/wp-content\/uploads\/2025\/04\/yolcu-otobusu-tira-carpti-olu-ve-yaralilar-var-1-R5PGBxVI.jpg\"\/><\/p>\n<p>Yaral\u0131lar, s\u0131hhat tak\u0131mlar\u0131nca Sivas\u2019taki \u00e7e\u015fitli hastanelere kald\u0131r\u0131larak, tedaviye al\u0131nd\u0131. Otob\u00fcs s\u00fcr\u00fcc\u00fcs\u00fc V.A., tabiplerin t\u00fcm m\u00fcdahalesine kar\u015f\u0131n kurtar\u0131lamad\u0131.<\/p>\n<p>Kazayla ilgili soru\u015fturma ba\u015flat\u0131ld\u0131.<\/p>\n","protected":false},"excerpt":{"rendered":"<p>Sivas&#8217;ta park halindeki TIR&#8217;a arttan \u00e7arpan yolcu otob\u00fcs\u00fcn\u00fcn s\u00fcr\u00fcc\u00fcs\u00fc hayat\u0131n\u0131 kaybetti. Kazada 13 ki\u015fi de yaraland\u0131.<\/p>\n","protected":false},"author":1,"featured_media":29153,"comment_status":"open","ping_status":"open","sticky":false,"template":"","format":"standard","meta":{"footnotes":""},"categories":[25],"tags":[],"class_list":["post-29152","post","type-post","status-publish","format-standard","has-post-thumbnail","hentry","category-gundem"],"_links":{"self":[{"href":"https:\/\/ikimisli.tr\/index.php\/wp-json\/wp\/v2\/posts\/29152","targetHints":{"allow":["GET"]}}],"collection":[{"href":"https:\/\/ikimisli.tr\/index.php\/wp-json\/wp\/v2\/posts"}],"about":[{"href":"https:\/\/ikimisli.tr\/index.php\/wp-json\/wp\/v2\/types\/post"}],"author":[{"embeddable":true,"href":"https:\/\/ikimisli.tr\/index.php\/wp-json\/wp\/v2\/users\/1"}],"replies":[{"embeddable":true,"href":"https:\/\/ikimisli.tr\/index.php\/wp-json\/wp\/v2\/comments?post=29152"}],"version-history":[{"count":1,"href":"https:\/\/ikimisli.tr\/index.php\/wp-json\/wp\/v2\/posts\/29152\/revisions"}],"predecessor-version":[{"id":29156,"href":"https:\/\/ikimisli.tr\/index.php\/wp-json\/wp\/v2\/posts\/29152\/revisions\/29156"}],"wp:featuredmedia":[{"embeddable":true,"href":"https:\/\/ikimisli.tr\/index.php\/wp-json\/wp\/v2\/media\/29153"}],"wp:attachment":[{"href":"https:\/\/ikimisli.tr\/index.php\/wp-json\/wp\/v2\/media?parent=29152"}],"wp:term":[{"taxonomy":"category","embeddable":true,"href":"https:\/\/ikimisli.tr\/index.php\/wp-json\/wp\/v2\/categories?post=29152"},{"taxonomy":"post_tag","embeddable":true,"href":"https:\/\/ikimisli.tr\/index.php\/wp-json\/wp\/v2\/tags?post=29152"}],"curies":[{"name":"wp","href":"https:\/\/api.w.org\/{rel}","templated":true}]}}