{"id":29170,"date":"2025-04-21T04:24:09","date_gmt":"2025-04-21T04:24:09","guid":{"rendered":"https:\/\/ikimisli.tr\/?p=29170"},"modified":"2025-04-21T04:24:09","modified_gmt":"2025-04-21T04:24:09","slug":"prof-dr-gorurden-6-subatin-yil-donumunde-korkutan-aciklama-butun-veriler-marmara-denizinde-7den-buyuk-deprem-olacagini-gosteriyor","status":"publish","type":"post","link":"https:\/\/ikimisli.tr\/index.php\/2025\/04\/21\/prof-dr-gorurden-6-subatin-yil-donumunde-korkutan-aciklama-butun-veriler-marmara-denizinde-7den-buyuk-deprem-olacagini-gosteriyor\/","title":{"rendered":"Prof. Dr. G\u00f6r\u00fcr&#8217;den 6 \u015eubat&#8217;\u0131n y\u0131l d\u00f6n\u00fcm\u00fcnde korkutan a\u00e7\u0131klama: \u00a0B\u00fct\u00fcn veriler Marmara Denizi&#8217;nde 7&#8217;den b\u00fcy\u00fck deprem olaca\u011f\u0131n\u0131 g\u00f6steriyor"},"content":{"rendered":"<p>Kahramanmara\u015f merkezli 6 \u015eubat sars\u0131nt\u0131lar\u0131ndan evvel ihtarlarda bulunan yer bilimci Prof. Dr. Naci G\u00f6r\u00fcr beklenen Marmara sars\u0131nt\u0131s\u0131na dair, &#8220;B\u00fct\u00fcn bilgiler Marmara Denizi&#8217;nde 7&#8217;den b\u00fcy\u00fck sars\u0131nt\u0131 olaca\u011f\u0131n\u0131 g\u00f6steriyor.&#8221; dedi. \u00a0<\/p>\n<p><b>EN YAKIN TEHL\u0130KE NEREDE?<\/b><\/p>\n<p>NTV&#8217;ye de\u011ferlendirmelerde bulunan Prof. Dr. Naci G\u00f6r\u00fcr &#8220;En yak\u0131n tehlike nerede?&#8221; sorusuna ise \u015fu kar\u015f\u0131l\u0131\u011f\u0131 verdi:<\/p>\n<p>&#8220;Erzincan ile Bing\u00f6l Karl\u0131ova ortas\u0131nda Yedisu fay\u0131n\u0131n bulundu\u011fu yer&#8230; Yani Bing\u00f6l Karl\u0131ova t\u0131pk\u0131 vakitte Tunceli y\u00f6resi ve Erzincan&#8217;\u0131n do\u011fu b\u00f6l\u00fcmleri zelzele \u00f6n g\u00f6rd\u00fc\u011f\u00fcm\u00fcz yerlerden biri. Zira burada en son zelzele 1790&#8217;larda olmu\u015f. 250 senede bir sars\u0131nt\u0131 \u00fcretiyor bu fay 250 sene de dolmu\u015f. Yani 2030&#8217;lara falan geliyor. Buras\u0131 sars\u0131nt\u0131 \u00fcretti\u011fi vakit Erzincan, Bing\u00f6l P\u00fcl\u00fcm\u00fcr ziyan g\u00f6r\u00fcr.&#8221;<\/p>\n<p><b>&#8220;DEPREM\u0130 \u00d6NE \u00c7EKM\u0130\u015e OLAB\u0130L\u0130R&#8221;<\/b><\/p>\n<p>\u0130kinci olarak Bing\u00f6l Karl\u0131ova ile Bing\u00f6l G\u00f6yn\u00fck ortas\u0131na dikkat \u00e7eken G\u00f6r\u00fcr, &#8220;Burada 1866-1860 civar\u0131nda zelzele olmu\u015f. Buras\u0131 k\u0131r\u0131lmad\u0131. \u00dc\u00e7\u00fcnc\u00fcs\u00fc Arap levhas\u0131 son b\u00fcy\u00fck zelzelelerde 10 metreye yak\u0131n savrulmayla kuzeye ger\u00e7ek hareket etti. Do\u011fu Anadolu fay\u0131 k\u0131r\u0131ld\u0131. Ama Bitlis Zagros kenet nesli sars\u0131nt\u0131 \u00fcretmedi. Ad\u0131yaman, Siirt, Diyarbak\u0131r, Hakkari s\u0131k\u0131\u015f\u0131k hale geldi. Sars\u0131nt\u0131s\u0131 \u00f6ne \u00e7ekilmi\u015f olabilir. \u015eayet sars\u0131nt\u0131 bekleyen bir yer d\u00fc\u015f\u00fcn\u00fcrsek buray\u0131 da g\u00f6zard\u0131 etmemeliyiz.&#8221; tabirlerini kulland\u0131. G\u00f6r\u00fcr \u015funlar\u0131 s\u00f6yledi:<\/p>\n<p><b>&#8220;B\u00dcT\u00dcN DATALAR MARMARA&#8217;DA 7&#8217;DEN B\u00dcY\u00dcK ZELZELE OLACA\u011eINI G\u00d6STER\u0130YOR, BU \u0130\u015e\u0130N LAT\u0130FES\u0130 YOK&#8221;<\/b><\/p>\n<p>-Onu hi\u00e7 tart\u0131\u015fm\u0131yoruz bile. B\u00fct\u00fcn bilgiler Marmara Denizi&#8217;nde 7&#8217;den b\u00fcy\u00fck sars\u0131nt\u0131 olaca\u011f\u0131n\u0131 g\u00f6steriyor. ABD&#8217;li Parsons ve arkada\u015flar\u0131 \u00e7al\u0131\u015fma yapt\u0131lar sars\u0131nt\u0131 ne vakit olabilir diye tarihi sars\u0131nt\u0131lar\u0131 inceledi ve 99&#8217;dan itibaren her an olmak kayd\u0131yla Marmara&#8217;da 7&#8217;den b\u00fcy\u00fck sars\u0131nt\u0131 olma m\u00fcmk\u00fcnl\u00fc\u011f\u00fc evvel y\u00fczde 64 dediler ge\u00e7en sene revize ettiler y\u00fczde 47. Demek ki bu b\u00f6lgede zelzelenin olma m\u00fcmk\u00fcnl\u00fc\u011f\u00fc 30 y\u0131l i\u00e7erisinde y\u00fczde 47.\u00a0<br \/>Bu \u00e7ok b\u00fcy\u00fck m\u00fcmk\u00fcnl\u00fck. Bu i\u015fin latifesi yok. Bu b\u00f6lgeyi derhal sars\u0131nt\u0131ya haz\u0131rl\u0131yor olmam\u0131z laz\u0131m.<\/p>\n","protected":false},"excerpt":{"rendered":"<p>T\u00fcrkiye, 6 \u015eubat 2023&#8217;te Kahramanmara\u015f merkezli zelzelelerde hayat\u0131n\u0131 yitiren binlerce ki\u015fiyi an\u0131yor. Sars\u0131nt\u0131n\u0131n y\u0131l d\u00f6n\u00fcm\u00fcnde yer bilimci Prof. Dr. Naci G\u00f6r\u00fcr&#8217;den de beklenen Marmara zelzelesi i\u00e7in dikkat \u00e7eken bir a\u00e7\u0131klama geldi.<\/p>\n","protected":false},"author":1,"featured_media":29171,"comment_status":"open","ping_status":"open","sticky":false,"template":"","format":"standard","meta":{"footnotes":""},"categories":[25],"tags":[2310,5009,285,5008,1575],"class_list":["post-29170","post","type-post","status-publish","format-standard","has-post-thumbnail","hentry","category-gundem","tag-bingol","tag-buyuk-deprem","tag-deprem","tag-gorur","tag-marmara"],"_links":{"self":[{"href":"https:\/\/ikimisli.tr\/index.php\/wp-json\/wp\/v2\/posts\/29170","targetHints":{"allow":["GET"]}}],"collection":[{"href":"https:\/\/ikimisli.tr\/index.php\/wp-json\/wp\/v2\/posts"}],"about":[{"href":"https:\/\/ikimisli.tr\/index.php\/wp-json\/wp\/v2\/types\/post"}],"author":[{"embeddable":true,"href":"https:\/\/ikimisli.tr\/index.php\/wp-json\/wp\/v2\/users\/1"}],"replies":[{"embeddable":true,"href":"https:\/\/ikimisli.tr\/index.php\/wp-json\/wp\/v2\/comments?post=29170"}],"version-history":[{"count":1,"href":"https:\/\/ikimisli.tr\/index.php\/wp-json\/wp\/v2\/posts\/29170\/revisions"}],"predecessor-version":[{"id":29172,"href":"https:\/\/ikimisli.tr\/index.php\/wp-json\/wp\/v2\/posts\/29170\/revisions\/29172"}],"wp:featuredmedia":[{"embeddable":true,"href":"https:\/\/ikimisli.tr\/index.php\/wp-json\/wp\/v2\/media\/29171"}],"wp:attachment":[{"href":"https:\/\/ikimisli.tr\/index.php\/wp-json\/wp\/v2\/media?parent=29170"}],"wp:term":[{"taxonomy":"category","embeddable":true,"href":"https:\/\/ikimisli.tr\/index.php\/wp-json\/wp\/v2\/categories?post=29170"},{"taxonomy":"post_tag","embeddable":true,"href":"https:\/\/ikimisli.tr\/index.php\/wp-json\/wp\/v2\/tags?post=29170"}],"curies":[{"name":"wp","href":"https:\/\/api.w.org\/{rel}","templated":true}]}}