{"id":29181,"date":"2025-04-21T05:00:06","date_gmt":"2025-04-21T05:00:06","guid":{"rendered":"https:\/\/ikimisli.tr\/?p=29181"},"modified":"2025-04-21T05:00:06","modified_gmt":"2025-04-21T05:00:06","slug":"budo-seferleri-bir-bir-iptal-edildi","status":"publish","type":"post","link":"https:\/\/ikimisli.tr\/index.php\/2025\/04\/21\/budo-seferleri-bir-bir-iptal-edildi\/","title":{"rendered":"BUDO seferleri bir bir iptal edildi!"},"content":{"rendered":"<p>Bursa B\u00fcy\u00fck\u015fehir Belediyesi&#8217;ne ili\u015fkin deniz otob\u00fcslerinin, \u0130stanbul ile Bursa ortas\u0131ndaki seferlerinde olumsuz hava \u015fartlar\u0131 nedeniyle iptaller ya\u015fand\u0131. Bursa Deniz Otob\u00fcsleri (BUDO) taraf\u0131ndan yap\u0131lan a\u00e7\u0131klamaya nazaran, bug\u00fcne ili\u015fkin 8 seferin tamam\u0131 iptal edildi.<\/p>\n<p>07.00 ve 09.30&#8217;daki Bursa (Mudanya)-\u0130stanbul (Emin\u00f6n\u00fc\/Sirkeci) seferleri ile 08.00 ve 11.30&#8217;daki \u0130stanbul (Emin\u00f6n\u00fc\/Sirkeci)-Bursa (Mudanya) seferleri, ayr\u0131yeten 09.30 Bursa (Mudanya)-Armutlu (\u0130hlas), 10.00 Armutlu (\u0130hlas)-\u0130stanbul (Emin\u00f6n\u00fc\/Sirkeci), 11.30 \u0130stanbul (Emin\u00f6n\u00fc\/Sirkeci)-Armutlu (\u0130hlas) ve 12.55 Armutlu (\u0130hlas)-Bursa (Mudanya) seferleri iptal edildi.<\/p>\n","protected":false},"excerpt":{"rendered":"<p>Bursa Deniz Otob\u00fcsleri (BUDO)  seferlerinde olumsuz hava \u015fartlar\u0131 sebebiyle kimi seferler iptal edildi.<\/p>\n","protected":false},"author":1,"featured_media":29182,"comment_status":"open","ping_status":"open","sticky":false,"template":"","format":"standard","meta":{"footnotes":""},"categories":[25],"tags":[1844,380],"class_list":["post-29181","post","type-post","status-publish","format-standard","has-post-thumbnail","hentry","category-gundem","tag-bursa","tag-istanbul"],"_links":{"self":[{"href":"https:\/\/ikimisli.tr\/index.php\/wp-json\/wp\/v2\/posts\/29181","targetHints":{"allow":["GET"]}}],"collection":[{"href":"https:\/\/ikimisli.tr\/index.php\/wp-json\/wp\/v2\/posts"}],"about":[{"href":"https:\/\/ikimisli.tr\/index.php\/wp-json\/wp\/v2\/types\/post"}],"author":[{"embeddable":true,"href":"https:\/\/ikimisli.tr\/index.php\/wp-json\/wp\/v2\/users\/1"}],"replies":[{"embeddable":true,"href":"https:\/\/ikimisli.tr\/index.php\/wp-json\/wp\/v2\/comments?post=29181"}],"version-history":[{"count":1,"href":"https:\/\/ikimisli.tr\/index.php\/wp-json\/wp\/v2\/posts\/29181\/revisions"}],"predecessor-version":[{"id":29183,"href":"https:\/\/ikimisli.tr\/index.php\/wp-json\/wp\/v2\/posts\/29181\/revisions\/29183"}],"wp:featuredmedia":[{"embeddable":true,"href":"https:\/\/ikimisli.tr\/index.php\/wp-json\/wp\/v2\/media\/29182"}],"wp:attachment":[{"href":"https:\/\/ikimisli.tr\/index.php\/wp-json\/wp\/v2\/media?parent=29181"}],"wp:term":[{"taxonomy":"category","embeddable":true,"href":"https:\/\/ikimisli.tr\/index.php\/wp-json\/wp\/v2\/categories?post=29181"},{"taxonomy":"post_tag","embeddable":true,"href":"https:\/\/ikimisli.tr\/index.php\/wp-json\/wp\/v2\/tags?post=29181"}],"curies":[{"name":"wp","href":"https:\/\/api.w.org\/{rel}","templated":true}]}}