{"id":29230,"date":"2025-04-21T07:48:31","date_gmt":"2025-04-21T07:48:31","guid":{"rendered":"https:\/\/ikimisli.tr\/?p=29230"},"modified":"2025-04-21T07:48:31","modified_gmt":"2025-04-21T07:48:31","slug":"trumpin-gazze-plani-abd-siyasetini-ayaga-kaldirdi","status":"publish","type":"post","link":"https:\/\/ikimisli.tr\/index.php\/2025\/04\/21\/trumpin-gazze-plani-abd-siyasetini-ayaga-kaldirdi\/","title":{"rendered":"Trump&#8217;\u0131n Gazze Plan\u0131, ABD siyasetini aya\u011fa kald\u0131rd\u0131"},"content":{"rendered":"<p>Beyaz Saray, Donald Trump\u2019\u0131n Gazze\u2019yi ABD denetimi alt\u0131na alma plan\u0131n\u0131n uzun vadeli bir askeri m\u00fcdahale manas\u0131na gelmedi\u011fini a\u00e7\u0131klad\u0131.<\/p>\n<p>Yetkililer, liderin teklifinin \u201cGazze&#8217;de Amerikan askerleri bulunmas\u0131n\u0131\u201d gerektirmedi\u011fini belirtti.<\/p>\n<p>Beyaz Saray S\u00f6zc\u00fcs\u00fc Karoline Leavitt, Trump\u2019\u0131n Gazze\u2019yi ABD\u2019nin idaresine alma konusunda \u201ctarihi bir teklif\u201d sundu\u011funu lakin ABD birliklerinin b\u00f6lgeye g\u00f6nderilmesi taraf\u0131nda kesin bir karar al\u0131nmad\u0131\u011f\u0131n\u0131 s\u00f6yledi.<\/p>\n<p>Leavitt, \u201cBa\u015fkana, ABD\u2019nin bu toparlanma s\u00fcrecinde yer almas\u0131 gerekti\u011fi \u00e7ok a\u00e7\u0131k halde tabir edildi. Bu teklif, ABD askerlerinin Gazze\u2019ye girece\u011fi manas\u0131na gelmez. ABD halk\u0131n\u0131n vergileriyle bu \u00e7abay\u0131 finanse edece\u011fi manas\u0131na da gelmez&#8221; dedi.<\/p>\n<p>Trump&#8217;\u0131n 2,2 milyon Gazzelinin tecrit edilerek kom\u015fu \u00fclkelere g\u00f6nderilmesi ve Gazze&#8217;nin ABD denetimi alt\u0131nda bir &#8220;tatil merkezi&#8221; haline gelmesi plan\u0131, milletleraras\u0131 yans\u0131lar toplad\u0131.<\/p>\n<p>Bu plan\u0131n, Orta Do\u011fu&#8217;dan Avrupa&#8217;ya kadar b\u00fcy\u00fck k\u0131namayla kar\u015f\u0131lanmas\u0131 \u00fczerine Leavitt, b\u00f6lge sakinlerinin sadece \u201cge\u00e7ici olarak\u201d yer de\u011fi\u015ftirece\u011fini ve bu s\u00fcrecin Gazze\u2019nin yine in\u015fas\u0131yla irtibatl\u0131 oldu\u011funu s\u00f6z etti.<\/p>\n<p><img decoding=\"async\" src=\"https:\/\/ikimisli.tr\/wp-content\/uploads\/2025\/04\/trumpin-gazze-plani-abd-siyasetini-ayaga-kaldirdi-0-BN7wj6B5.png\"\/><\/p>\n<p><b>HAN\u0130 EVVEL AMER\u0130KA&#8217;YDI?<\/b><\/p>\n<p>Bu a\u00e7\u0131klamalar, Trump\u2019\u0131n partisindeki bir\u00e7ok ismi tatmin etmedi. Birtak\u0131m Cumhuriyet\u00e7iler, plan\u0131n \u201c\u00d6nce Amerika\u201d siyasetiyle \u00e7eli\u015fti\u011fini ve ABD\u2019nin \u201csonu gelmez sava\u015flara\u201d m\u00fcdahil olmamas\u0131 gerekti\u011fini savundu. Se\u00e7im kampanyas\u0131 boyunca Trump&#8217;\u0131 destekleyen Senat\u00f6rler, rahats\u0131zl\u0131klar\u0131n\u0131 belirtti.<\/p>\n<p>D\u0131\u015fi\u015fleri Bakan\u0131 Marco Rubio, bu teklifin &#8220;d\u00fc\u015fmanca&#8221; yap\u0131lmad\u0131\u011f\u0131n\u0131, Gazze\u2019yi yine in\u015fa etme niyetini ta\u015f\u0131d\u0131\u011f\u0131n\u0131 \u00f6ne s\u00fcrd\u00fc.<\/p>\n<p>Rubio, &#8220;Ba\u015fkan Trump, ABD&#8217;nin enkazlar\u0131 kald\u0131rmas\u0131, mesken ve i\u015f yerlerini yine in\u015fa etmesini \u00f6ng\u00f6ren, gibisi olmayan bir plan \u00f6nerdi\u201d dedi.<\/p>\n<p>Savunma Bakan\u0131 Pete Hegseth ise Trump\u2019\u0131n &#8220;t\u00fcm se\u00e7enekleri de\u011ferlendirmeye haz\u0131r oldu\u011funu&#8221; belirtti ve \u0130srail&#8217;e daha evvel sa\u011flanmayan m\u00fchimmat\u0131n sa\u011flanaca\u011f\u0131n\u0131 s\u00f6yledi.<\/p>\n<p><b><img decoding=\"async\" src=\"https:\/\/ikimisli.tr\/wp-content\/uploads\/2025\/04\/trumpin-gazze-plani-abd-siyasetini-ayaga-kaldirdi-1-aAqbCE6I.png\"\/><br \/><\/b><\/p>\n<p><b>\u0130K\u0130 PART\u0130 DE \u00d6FKEL\u0130<\/b><\/p>\n<p>Kentucky Senat\u00f6r\u00fc Rand Paul, \u201cBiz Amerika\u2019y\u0131 \u00f6ncelik sayan bir ba\u015fkan se\u00e7ti\u011fimizi san\u0131yorduk. \u00d6b\u00fcr bir i\u015fgalin servetimizi yok etmesine ve askerlerimizin kan\u0131n\u0131 ak\u0131tmas\u0131na m\u00fcsaade vermemeliyiz&#8221; dedi.<\/p>\n<p>Missouri Senat\u00f6r\u00fc Josh Hawley de plan\u0131n ABD kaynaklar\u0131n\u0131n en yeterli kullan\u0131m\u0131 olmayaca\u011f\u0131n\u0131 d\u00fc\u015f\u00fcnd\u00fc\u011f\u00fcn\u00fc s\u00f6yledi.<\/p>\n<p>G\u00fcney Carolina Senat\u00f6r\u00fc Lindsey Graham ise \u00f6neriyi \u201csorunlu\u201d olarak nitelendirdi ve eyaletindeki se\u00e7menlerin bu t\u00fcrl\u00fc bir m\u00fcdahaleyi destekleyece\u011finden ku\u015fkulu oldu\u011funu belirtti.<\/p>\n<p>Trump\u2019\u0131n kabine \u00fcyeleri, plan\u0131n ABD halk\u0131 ve parti i\u00e7indeki destek\u00e7ileri taraf\u0131ndan kabul g\u00f6rmesi i\u00e7in s\u00fcratle teminat vermeye \u00e7al\u0131\u015ft\u0131 lakin ayr\u0131nt\u0131l\u0131 bir yol haritas\u0131 sunmaktan ka\u00e7\u0131nd\u0131.<\/p>\n<p>Demokratlar ise Trump\u2019\u0131 Gazze\u2019de \u201cetnik temizlik\u201d siyaseti y\u00fcr\u00fctmekle su\u00e7lad\u0131. Maryland Senat\u00f6r\u00fc Chris Van Hollen, \u201cAz evvel 2 milyon Filistinlinin zorla yerinden edilmesini ABD siyaseti haline getirildi. Bunun di\u011fer bir ismi yok\u201d dedi.<\/p>\n<p>Kongre \u00dcyesi Rashida Tlaib, Trump\u2019\u0131n bir\u00e7ok \u00fclke ve kurumu yard\u0131mda bulunan USAID&#8217;i feshederken, \u0130srail h\u00fck\u00fcmetine fon sa\u011flamaya devam etmesini ele\u015ftirdi.<\/p>\n","protected":false},"excerpt":{"rendered":"<p>Trump&#8217;\u0131n Gazze plan\u0131, ABD siyasetini sarst\u0131. Beyaz Saray, Trump\u2019\u0131n Gazze\u2019yi ABD denetimine alma plan\u0131n\u0131n askeri m\u00fcdahale manas\u0131na gelmedi\u011fini savunsa da, 2,2 milyon Filistinlinin yerinden edilmesi \u00f6nerisi hem ABD i\u00e7inde hem de milletleraras\u0131 alanda b\u00fcy\u00fck reaksiyon \u00e7ekti. Cumhuriyet\u00e7i senat\u00f6rler &#8220;\u00d6nce Amerika&#8221; telaffuzuyla \u00e7eli\u015fen bu plan\u0131 ele\u015ftirirken, Demokratlar bunu &#8220;etnik temizlik&#8221; olarak nitelendirdi.<\/p>\n","protected":false},"author":1,"featured_media":29231,"comment_status":"open","ping_status":"open","sticky":false,"template":"","format":"standard","meta":{"footnotes":""},"categories":[43],"tags":[82,2226,5013,1880],"class_list":["post-29230","post","type-post","status-publish","format-standard","has-post-thumbnail","hentry","category-dunya","tag-abd","tag-etme","tag-planin","tag-trumpin"],"_links":{"self":[{"href":"https:\/\/ikimisli.tr\/index.php\/wp-json\/wp\/v2\/posts\/29230","targetHints":{"allow":["GET"]}}],"collection":[{"href":"https:\/\/ikimisli.tr\/index.php\/wp-json\/wp\/v2\/posts"}],"about":[{"href":"https:\/\/ikimisli.tr\/index.php\/wp-json\/wp\/v2\/types\/post"}],"author":[{"embeddable":true,"href":"https:\/\/ikimisli.tr\/index.php\/wp-json\/wp\/v2\/users\/1"}],"replies":[{"embeddable":true,"href":"https:\/\/ikimisli.tr\/index.php\/wp-json\/wp\/v2\/comments?post=29230"}],"version-history":[{"count":1,"href":"https:\/\/ikimisli.tr\/index.php\/wp-json\/wp\/v2\/posts\/29230\/revisions"}],"predecessor-version":[{"id":29234,"href":"https:\/\/ikimisli.tr\/index.php\/wp-json\/wp\/v2\/posts\/29230\/revisions\/29234"}],"wp:featuredmedia":[{"embeddable":true,"href":"https:\/\/ikimisli.tr\/index.php\/wp-json\/wp\/v2\/media\/29231"}],"wp:attachment":[{"href":"https:\/\/ikimisli.tr\/index.php\/wp-json\/wp\/v2\/media?parent=29230"}],"wp:term":[{"taxonomy":"category","embeddable":true,"href":"https:\/\/ikimisli.tr\/index.php\/wp-json\/wp\/v2\/categories?post=29230"},{"taxonomy":"post_tag","embeddable":true,"href":"https:\/\/ikimisli.tr\/index.php\/wp-json\/wp\/v2\/tags?post=29230"}],"curies":[{"name":"wp","href":"https:\/\/api.w.org\/{rel}","templated":true}]}}