{"id":29244,"date":"2025-04-21T08:36:08","date_gmt":"2025-04-21T08:36:08","guid":{"rendered":"https:\/\/ikimisli.tr\/?p=29244"},"modified":"2025-04-21T08:36:08","modified_gmt":"2025-04-21T08:36:08","slug":"buyuk-deprem-felaketinin-uzerinden-iki-yil-gecti-malatyada-120-bin-aile-halen-konteynerde","status":"publish","type":"post","link":"https:\/\/ikimisli.tr\/index.php\/2025\/04\/21\/buyuk-deprem-felaketinin-uzerinden-iki-yil-gecti-malatyada-120-bin-aile-halen-konteynerde\/","title":{"rendered":"B\u00fcy\u00fck deprem felaketinin \u00fczerinden iki y\u0131l ge\u00e7ti: Malatya&#8217;da 120 bin aile halen konteynerde&#8230;"},"content":{"rendered":"<p>6 \u015eubat 2023 Pazartesi g\u00fcn\u00fc g\u00f6sterdi\u011finde Kahramanmara\u015f&#8217;\u0131n Pazarc\u0131k il\u00e7esinde saat 04.17\u2019de 7.7 b\u00fcy\u00fckl\u00fc\u011f\u00fcnde zelzele meydana geldi. Yakla\u015f\u0131k 9 saat sonra saat 13.24\u2019\u00fc g\u00f6sterdi\u011finde ise Elbistan merkezli 7.6 b\u00fcy\u00fckl\u00fc\u011f\u00fcnde bir sars\u0131nt\u0131 daha ya\u015fand\u0131. Sars\u0131nt\u0131, Kahramanmara\u015f, Gaziantep, Hatay, Osmaniye, Ad\u0131yaman, \u015eanl\u0131urfa, Adana ve Diyarbak\u0131r ba\u015fta olmak \u00fczere etraf vilayetlerde hissedildi. 6 \u015eubat&#8217;ta meydana gelen sars\u0131nt\u0131larda b\u00fcy\u00fck y\u0131k\u0131m ya\u015fayan kentlerden biri olan Malatya\u2019da vatanda\u015flar, hala felaketin izlerini silmeye \u00e7al\u0131\u015f\u0131rken binlerce \u015fah\u0131sta konteynerde hayatlar\u0131n\u0131 s\u00fcrd\u00fcrmeye devam ediyor.<\/p>\n<p><b>DEPREMZEDE GELECEKTEN UMUTSUZ\u2026<\/b><\/p>\n<p>6 \u015eubat 2023\u2019te Kahramanmara\u015f&#8217;\u0131n Pazarc\u0131k il\u00e7esinde 7.8 ve Elbistan il\u00e7esinde 7.6 b\u00fcy\u00fckl\u00fc\u011f\u00fcndeki iki b\u00fcy\u00fck sars\u0131nt\u0131n\u0131n sonucu Malatya&#8217;da resmi bilgilere nazaran bin 237 ki\u015fi hayat\u0131n\u0131 kaybetti, 6 bin 444 ki\u015fi de yaraland\u0131. B\u00fcy\u00fck y\u0131k\u0131ma neden olan kentte, y\u0131k\u0131lan ve acil y\u0131k\u0131lacak 6 bin 586 yap\u0131n\u0131n enkaz\u0131 kald\u0131r\u0131ld\u0131. B\u00fcy\u00fck y\u0131k\u0131m\u0131n ya\u015fand\u0131\u011f\u0131 Malatya\u2019da, kentin eski haline d\u00f6nmesinin uzun y\u0131llar alaca\u011f\u0131 fikri \u00e7abucak herkesin ortak kanaati.<\/p>\n<p><b>AKP VADED\u0130LEN KONUT SAYISINA GER\u00c7EKLE\u015eT\u0130REMED\u0130<\/b><\/p>\n<p>Cumhurba\u015fkan\u0131 ve AKP Genel Ba\u015fkan\u0131 Recep Tayyip Erdo\u011fan, 6 \u015eubat 2023&#8217;teki Kahramanmara\u015f merkezli sars\u0131nt\u0131lar\u0131n akabinde yapt\u0131\u011f\u0131 a\u00e7\u0131klamalarda, bir y\u0131l i\u00e7erisinde 319 bin konutun in\u015fa edilerek, depremzedelere teslim edilece\u011fini s\u00f6yledi. Etraf, \u015eehircilik ve \u0130klim De\u011fi\u015fikli\u011fi Bakan\u0131 Murat Kurum, 24 Ocak 2025 itibariyle, zelzele b\u00f6lgesinde 201 bin 580 konut, k\u00f6y meskeni ve i\u015f yeri teslim edildi\u011fini a\u00e7\u0131klad\u0131. Sars\u0131nt\u0131lar\u0131n \u00fczerinden 2 y\u0131l ge\u00e7mesine kar\u015f\u0131n, vadedilen konut say\u0131lar\u0131na ula\u015f\u0131lamad\u0131\u011f\u0131n\u0131 ise \u015fahsen Erdo\u011fan&#8217;\u0131n a\u00e7\u0131klamas\u0131 do\u011frulad\u0131. Cumhurba\u015fkan\u0131 Erdo\u011fan, d\u00fcn Cumhurba\u015fkanl\u0131\u011f\u0131 Kabinesi Toplant\u0131s\u0131n\u0131n akabinde yapt\u0131\u011f\u0131 a\u00e7\u0131klamada, &#8220;6 \u015eubat 2025 Per\u015fembe g\u00fcn\u00fc 53 binden fazla can\u0131m\u0131z\u0131 topra\u011fa verdi\u011fimiz asr\u0131n felaketinin ikinci y\u0131l d\u00f6n\u00fcm\u00fcn\u00fc geride b\u0131rakaca\u011f\u0131z. Sars\u0131nt\u0131n\u0131n \u00fczerinden iki y\u0131l bile ge\u00e7meden 201 bin 431 ba\u011f\u0131ms\u0131z \u00fcnitesi hak sahiplerine teslim etmenin bahtiyarl\u0131\u011f\u0131n\u0131 ya\u015fad\u0131k&#8221; dedi.<\/p>\n<p><b>\u201cKENTTE YANLI\u015e PROJELER UYGULANDI\u201d<\/b><\/p>\n<p>Depremin \u00fczerinden 2 y\u0131l ge\u00e7mesine kar\u015f\u0131n gere\u011fince konut teslim edilmedi\u011fini belirten Malatya \u0130n\u00f6n\u00fc \u00dcniversitesi \u00f6\u011fretim vazifelisi in\u015faat m\u00fchendisi Vehbi Alu\u00e7lu kentte yanl\u0131\u015f projelerin uyguland\u0131\u011f\u0131n\u0131 s\u00f6yledi. Alu\u00e7lu, \u201cDepremin \u00fczerinden 2 y\u0131l ge\u00e7mesine kar\u015f\u0131n Malatya\u2019da gere\u011fince konut teslim edilmedi\u011fi \u00fczere hi\u00e7bir i\u015fyeri de teslim edilmedi. Malatya&#8217;n\u0131n merkezinde yap\u0131lan i\u015fyerleri tamamlanmak \u00fczere lakin \u00e7ok yanl\u0131\u015f proje uyguland\u0131 o b\u00f6lgeye. \u015e\u00f6yle ki Bak\u0131rc\u0131lar \u00e7ar\u015f\u0131s\u0131 dedi\u011fimiz alan y\u00fczy\u0131l i\u00e7erisinde olu\u015fmu\u015f yar\u0131k ve e\u011fri b\u00fc\u011fr\u00fc yollarla yar\u0131k parsellerle olu\u015fan bir yerdi. Bunun birebirini tekrar yapmak Malatya&#8217;ya yap\u0131lan en b\u00fcy\u00fck plans\u0131zl\u0131k \u00f6rne\u011fi olarak kar\u015f\u0131m\u0131za \u00e7\u0131k\u0131yor. O b\u00f6lge Malatya\u2019n\u0131n kalbi dedi\u011fimiz esnaf k\u0131sm\u0131n\u0131n bulundu\u011fu bir aland\u0131. Bu alan yap\u0131l\u0131rken oradaki d\u00fckkan yo\u011funlu\u011fu olsun, n\u00fcfus yo\u011funlu\u011fu olsun o b\u00f6lgede bir \u00f6l\u00e7\u00fc al\u0131nmas\u0131 gerekiyordu. Muhakkak meslek k\u00fcmelerini muhakkak yerlere ta\u015f\u0131yarak y\u00fck azalt\u0131lmas\u0131 gerekirken biz tam ayk\u0131r\u0131s\u0131n\u0131 yaparak daha fazla d\u00fckkan ve konut in\u015fa ettik. Bu da bizim gelecekte Malatya\u2019m\u0131z i\u00e7in otopark, n\u00fcfus sirk\u00fclasyonu \u00fczere \u00e7ok b\u00fcy\u00fck sorun olarak kar\u015f\u0131m\u0131za \u00e7\u0131kacak. Yamuk yap\u0131lan binalarla yar\u0131k yollarla Malatya\u2019y\u0131 gelece\u011fe haz\u0131rlayamad\u0131k maalesef. Kentin merkezindeki bu alan\u0131m\u0131z daha d\u00fczg\u00fcn yollarla, dizayn olarak daha kaliteli binalarla kent gelece\u011fe haz\u0131r olabilirdi ancak maalesef yanl\u0131\u015f bir uygulama yap\u0131ld\u0131. Biz konu\u015ftuk\u00e7a bizi \u00f6tekile\u015ftiriyorlar hatta bir\u00e7ok kah\u0131rlar ya\u015f\u0131yorum \u00fcniversitede k\u0131s\u0131m ba\u015fkanl\u0131\u011f\u0131ndan tutunda \u00f6teki d\u00fc\u015f\u00fcnceler ya\u015fat\u0131l\u0131yor. Konu\u015fmaya devam edece\u011fim Malatya i\u00e7in bildi\u011fim do\u011frular\u0131 s\u00f6ylemek zorunday\u0131m. Bak\u0131rc\u0131lar \u00e7ar\u015f\u0131s\u0131 Akp\u0131nar mevkiinde yap\u0131lan yanl\u0131\u015flar\u0131n Saray mahallesinde, Niyazi M\u0131sri Mahallesinde yap\u0131lmamas\u0131 i\u00e7in elimizden gelen \u00e7abas\u0131 g\u00f6stermeye \u00e7al\u0131\u015f\u0131yoruz\u201d diye konu\u015ftu.<\/p>\n<p><b>\u201cYERALTI SUYUNU DRENAJ ETMEK YER\u0130NE KAZIKLARLA TEDB\u0130R ALINDI\u201d<\/b><\/p>\n<p>Malatya\u2019n\u0131n yeralt\u0131 suyunun y\u00fczeye \u00e7ok yak\u0131n alan oldu\u011funu belirten Alu\u00e7lu suyun drenaj edilerek denetim alt\u0131na al\u0131nmas\u0131 gerekirken diyafram duvar ve fore kaz\u0131klarla tedbir al\u0131nd\u0131\u011f\u0131 s\u00f6yledi. Alu\u00e7lu al\u0131nmas\u0131 gerekilen tedbirleri \u015fu s\u00f6zlerle tabir etti;<\/p>\n<p>\u201cZemini 2-3 metre kazd\u0131\u011f\u0131n\u0131z vakit yeralt\u0131 suyuyla kar\u015f\u0131la\u015f\u0131yorsunuz. Halbuki biz bunu daha evvel tekraren lisana getirdik. Suyun drene edilmesi gerekti\u011fini tabir ettik. Suyu drene ederseniz buradan Kayseri&#8217;ye kadar beton kaz\u0131klar \u00e7akmaya gerek kalmayacakt\u0131 buradan Elaz\u0131\u011f\u2019a kadar da Saray Mahallesinde diyafram duvar denilen bir sistem yap\u0131ld\u0131 bu diyafram duvara da gerek kalmayacakt\u0131. Bunlar \u00e7ok b\u00fcy\u00fck maliyet getiren s\u00fcre\u00e7ler. Siz suyu ak\u0131\u015f taraf\u0131 olarak Beyda\u011f\u2019\u0131n\u0131n yama\u00e7lar\u0131ndan geliyor F\u0131rat\u2019a kadar yeralt\u0131 suyumuz ak\u0131\u015f halinde devam ediyor. Siz bu suyu Kernek yama\u00e7lar\u0131n\u0131n orada drene ederseniz bu sizin binalar\u0131n\u0131za ziyan vermeyecektir. Bu kadar diyafram duvara ve kaz\u0131\u011fa da gerek kalmayacakt\u0131r. Ama Malatya\u2019n\u0131n do\u011frular\u0131n\u0131 s\u00f6yleyen be\u015ferler maalesef toplant\u0131lara dahi davet edilmiyor. Hem \u0130n\u015faat M\u00fchendisleri odas\u0131 olarak hem de bir akademisyen olarak bir\u00e7ok bahiste ses \u00e7\u0131kar\u0131yoruz lakin \u00f6tekile\u015ftiriliyoruz.\u201d<\/p>\n<p><b>\u201c2 YIL GE\u00c7T\u0130 120 B\u0130N \u0130NSANIMIZ KONTEYNERDE YA\u015eIYOR\u201d<\/b><\/p>\n<p>Bir\u00e7ok sorunun \u00e7\u00f6z\u00fclmedi\u011fine dikkat \u00e7eken \u00f6\u011fretim vazifelisi Alu\u00e7lu, \u201cTrafik meselesini \u00e7\u00f6zmemi\u015fsiniz, otopark problemini \u00e7\u00f6zmemi\u015fsiniz, yollar geni\u015fletmemi\u015fsiniz, ye\u015fil alan b\u0131rakmam\u0131\u015fs\u0131n\u0131z, yeralt\u0131ndaki su s\u0131k\u0131nt\u0131s\u0131n\u0131 \u00e7\u00f6zmemi\u015fsiniz sorun \u00fcst\u00fcne sorun. Bu sorunlara bakt\u0131\u011f\u0131m\u0131zda Malatya\u2019n\u0131n kendisine gelmesi uzun s\u00fcrecek 2 y\u0131l ge\u00e7ti hala 120 bin insan\u0131m\u0131z konteynerlerde ya\u015f\u0131yor ve b\u00fct\u00fcn esnaf\u0131m\u0131z hala daha konteynerlerde i\u015f yapmaya \u00e7al\u0131\u015f\u0131yor. So\u011fuk ve s\u0131cak aylarda oralarda ya\u015famak \u00e7ok g\u00fc\u00e7. Be\u015ferler \u00fc\u015f\u00fcyorlar ve elektrikle \u0131s\u0131nmaya \u00e7al\u0131\u015f\u0131yorlar. \u00c7e\u015fitli hallerde elektrik sobalar\u0131ndan kaynakl\u0131 olarak yang\u0131nlar \u00e7\u0131kmaya ba\u015fl\u0131yor. Malatya\u2019n\u0131n aya\u011fa kalkmas\u0131 ve verdi\u011fi g\u00f6\u00e7\u00fc tekrar kazanabilmesi \u00e7ok de\u011ferli. Malatya in\u015faat manas\u0131nda 2-3 y\u0131l i\u00e7erisinde toplanacakt\u0131r. Fakat ekonomik, toplumsal manada toparlanmas\u0131 \u00e7ok daha uzun s\u00fcrecektir\u201d s\u00f6zlerini kulland\u0131.<\/p>\n","protected":false},"excerpt":{"rendered":"<p>Pe\u015f pe\u015fe ya\u015fanan zelzeleden 13 milyon ki\u015fi direkt etkilenirken 11 vilayette resmi say\u0131lara nazaran en az 53 bin 537 ki\u015fi hayat\u0131n\u0131 kaybetti. 6 \u015eubat&#8217;ta meydana gelen zelzelelerde b\u00fcy\u00fck y\u0131k\u0131m ya\u015fayan kentlerden biri olan Malatya\u2019da vatanda\u015flar, hala felaketin izlerini silmeye \u00e7al\u0131\u015f\u0131yor.<\/p>\n","protected":false},"author":1,"featured_media":29245,"comment_status":"open","ping_status":"open","sticky":false,"template":"","format":"standard","meta":{"footnotes":""},"categories":[25],"tags":[428,285,769,5015,419],"class_list":["post-29244","post","type-post","status-publish","format-standard","has-post-thumbnail","hentry","category-gundem","tag-alan","tag-deprem","tag-konut","tag-malatya","tag-teslim"],"_links":{"self":[{"href":"https:\/\/ikimisli.tr\/index.php\/wp-json\/wp\/v2\/posts\/29244","targetHints":{"allow":["GET"]}}],"collection":[{"href":"https:\/\/ikimisli.tr\/index.php\/wp-json\/wp\/v2\/posts"}],"about":[{"href":"https:\/\/ikimisli.tr\/index.php\/wp-json\/wp\/v2\/types\/post"}],"author":[{"embeddable":true,"href":"https:\/\/ikimisli.tr\/index.php\/wp-json\/wp\/v2\/users\/1"}],"replies":[{"embeddable":true,"href":"https:\/\/ikimisli.tr\/index.php\/wp-json\/wp\/v2\/comments?post=29244"}],"version-history":[{"count":1,"href":"https:\/\/ikimisli.tr\/index.php\/wp-json\/wp\/v2\/posts\/29244\/revisions"}],"predecessor-version":[{"id":29246,"href":"https:\/\/ikimisli.tr\/index.php\/wp-json\/wp\/v2\/posts\/29244\/revisions\/29246"}],"wp:featuredmedia":[{"embeddable":true,"href":"https:\/\/ikimisli.tr\/index.php\/wp-json\/wp\/v2\/media\/29245"}],"wp:attachment":[{"href":"https:\/\/ikimisli.tr\/index.php\/wp-json\/wp\/v2\/media?parent=29244"}],"wp:term":[{"taxonomy":"category","embeddable":true,"href":"https:\/\/ikimisli.tr\/index.php\/wp-json\/wp\/v2\/categories?post=29244"},{"taxonomy":"post_tag","embeddable":true,"href":"https:\/\/ikimisli.tr\/index.php\/wp-json\/wp\/v2\/tags?post=29244"}],"curies":[{"name":"wp","href":"https:\/\/api.w.org\/{rel}","templated":true}]}}